{"id":1005,"date":"2017-12-01T14:36:12","date_gmt":"2017-12-01T13:36:12","guid":{"rendered":"https:\/\/www.lwbv.de\/lwbv\/?p=1005"},"modified":"2018-09-04T14:40:31","modified_gmt":"2018-09-04T12:40:31","slug":"verbands-informationen-nr-93-erschienen-16-2-2-2-2-2-2-2-2-2-2-2","status":"publish","type":"post","link":"https:\/\/www.lwbv.de\/lwbv\/2017\/12\/01\/vortraege-des-datenschutztages-2017\/","title":{"rendered":"Vortr\u00e4ge des Datenschutztages 2017"},"content":{"rendered":"<h1>Vortr\u00e4ge des Datenschutztages 2017<\/h1>\n<p>Mehr als 50 Teilnehmer folgten am 29. November der gemeinsamen Einladung des Landesverbandes und des Wasserforums Nord zum &#8222;Datenschutztag 2017&#8220;.<\/p>\n<p>Die Vortragsfolien, die uns von den Referenten freundlicherweise zur Verf\u00fcgung gestellt wurden, k\u00f6nnen Sie hier herunterladen.<br \/>\n<a href=\"https:\/\/www.lwbv.de\/lwbv\/wp-content\/uploads\/2018\/09\/DTS-20171129_Datenschutztag_Wasser-und-Bodenverbnde_Hansen_Bdelsdorf_final.pdf\" target=\"_blank\" rel=\"noopener\">Vortrag Marit Hansen (1 MB)<\/a><br \/>\n<a href=\"https:\/\/www.lwbv.de\/lwbv\/wp-content\/uploads\/2018\/09\/DTS-Neu_WasserForumNordSchreibgeschtzt.pdf\" target=\"_blank\" rel=\"noopener\">Vortrag Frank Berns (3 MB)<\/a><br \/>\n<a href=\"https:\/\/www.lwbv.de\/lwbv\/wp-content\/uploads\/2018\/09\/DTS-PrsentationCyber.pdf\" target=\"_blank\" rel=\"noopener\">Vortrag Dennes Stapelfeldt (4 MB)<\/a><\/p>\n","protected":false},"excerpt":{"rendered":"<p>Vortr\u00e4ge des Datenschutztages 2017 Mehr als 50 Teilnehmer folgten am 29. November der gemeinsamen Einladung des Landesverbandes und des Wasserforums Nord zum &#8222;Datenschutztag 2017&#8220;. Die Vortragsfolien, die uns von den Referenten freundlicherweise zur Verf\u00fcgung gestellt wurden, k\u00f6nnen Sie hier herunterladen. Vortrag Marit Hansen (1 MB) Vortrag Frank Berns (3 MB) Vortrag Dennes Stapelfeldt (4 MB)<\/p>\n","protected":false},"author":4,"featured_media":0,"comment_status":"closed","ping_status":"open","sticky":false,"template":"","format":"standard","meta":{"footnotes":""},"categories":[1],"tags":[],"yoast_head":"<!-- This site is optimized with the Yoast SEO plugin v22.8 - https:\/\/yoast.com\/wordpress\/plugins\/seo\/ -->\n<title>Vortr\u00e4ge des Datenschutztages 2017 - Landesverband der Wasser- und Bodenverb\u00e4nde<\/title>\n<meta name=\"robots\" content=\"index, follow, max-snippet:-1, max-image-preview:large, max-video-preview:-1\" \/>\n<link rel=\"canonical\" href=\"https:\/\/www.lwbv.de\/lwbv\/2017\/12\/01\/vortraege-des-datenschutztages-2017\/\" \/>\n<meta property=\"og:locale\" content=\"de_DE\" \/>\n<meta property=\"og:type\" content=\"article\" \/>\n<meta property=\"og:title\" content=\"Vortr\u00e4ge des Datenschutztages 2017 - Landesverband der Wasser- und Bodenverb\u00e4nde\" \/>\n<meta property=\"og:description\" content=\"Vortr\u00e4ge des Datenschutztages 2017 Mehr als 50 Teilnehmer folgten am 29. November der gemeinsamen Einladung des Landesverbandes und des Wasserforums Nord zum &#8222;Datenschutztag 2017&#8220;. Die Vortragsfolien, die uns von den Referenten freundlicherweise zur Verf\u00fcgung gestellt wurden, k\u00f6nnen Sie hier herunterladen. Vortrag Marit Hansen (1 MB) Vortrag Frank Berns (3 MB) Vortrag Dennes Stapelfeldt (4 MB)\" \/>\n<meta property=\"og:url\" content=\"https:\/\/www.lwbv.de\/lwbv\/2017\/12\/01\/vortraege-des-datenschutztages-2017\/\" \/>\n<meta property=\"og:site_name\" content=\"Landesverband der Wasser- und Bodenverb\u00e4nde\" \/>\n<meta property=\"article:published_time\" content=\"2017-12-01T13:36:12+00:00\" \/>\n<meta property=\"article:modified_time\" content=\"2018-09-04T12:40:31+00:00\" \/>\n<meta name=\"author\" content=\"wigital-dg\" \/>\n<meta name=\"twitter:card\" content=\"summary_large_image\" \/>\n<meta name=\"twitter:label1\" content=\"Verfasst von\" \/>\n\t<meta name=\"twitter:data1\" content=\"wigital-dg\" \/>\n<script type=\"application\/ld+json\" class=\"yoast-schema-graph\">{\"@context\":\"https:\/\/schema.org\",\"@graph\":[{\"@type\":\"WebPage\",\"@id\":\"https:\/\/www.lwbv.de\/lwbv\/2017\/12\/01\/vortraege-des-datenschutztages-2017\/\",\"url\":\"https:\/\/www.lwbv.de\/lwbv\/2017\/12\/01\/vortraege-des-datenschutztages-2017\/\",\"name\":\"Vortr\u00e4ge des Datenschutztages 2017 - Landesverband der Wasser- und Bodenverb\u00e4nde\",\"isPartOf\":{\"@id\":\"https:\/\/www.lwbv.de\/lwbv\/#website\"},\"datePublished\":\"2017-12-01T13:36:12+00:00\",\"dateModified\":\"2018-09-04T12:40:31+00:00\",\"author\":{\"@id\":\"https:\/\/www.lwbv.de\/lwbv\/#\/schema\/person\/50ba0d3957b72a32b4eb155593bc065a\"},\"breadcrumb\":{\"@id\":\"https:\/\/www.lwbv.de\/lwbv\/2017\/12\/01\/vortraege-des-datenschutztages-2017\/#breadcrumb\"},\"inLanguage\":\"de\",\"potentialAction\":[{\"@type\":\"ReadAction\",\"target\":[\"https:\/\/www.lwbv.de\/lwbv\/2017\/12\/01\/vortraege-des-datenschutztages-2017\/\"]}]},{\"@type\":\"BreadcrumbList\",\"@id\":\"https:\/\/www.lwbv.de\/lwbv\/2017\/12\/01\/vortraege-des-datenschutztages-2017\/#breadcrumb\",\"itemListElement\":[{\"@type\":\"ListItem\",\"position\":1,\"name\":\"Startseite\",\"item\":\"https:\/\/www.lwbv.de\/lwbv\/\"},{\"@type\":\"ListItem\",\"position\":2,\"name\":\"Vortr\u00e4ge des Datenschutztages 2017\"}]},{\"@type\":\"WebSite\",\"@id\":\"https:\/\/www.lwbv.de\/lwbv\/#website\",\"url\":\"https:\/\/www.lwbv.de\/lwbv\/\",\"name\":\"Landesverband der Wasser- und Bodenverb\u00e4nde\",\"description\":\"\",\"potentialAction\":[{\"@type\":\"SearchAction\",\"target\":{\"@type\":\"EntryPoint\",\"urlTemplate\":\"https:\/\/www.lwbv.de\/lwbv\/?s={search_term_string}\"},\"query-input\":\"required name=search_term_string\"}],\"inLanguage\":\"de\"},{\"@type\":\"Person\",\"@id\":\"https:\/\/www.lwbv.de\/lwbv\/#\/schema\/person\/50ba0d3957b72a32b4eb155593bc065a\",\"name\":\"wigital-dg\",\"image\":{\"@type\":\"ImageObject\",\"inLanguage\":\"de\",\"@id\":\"https:\/\/www.lwbv.de\/lwbv\/#\/schema\/person\/image\/\",\"url\":\"https:\/\/secure.gravatar.com\/avatar\/4d5a2ca08573e3116fcb180f57fec69f?s=96&d=mm&r=g\",\"contentUrl\":\"https:\/\/secure.gravatar.com\/avatar\/4d5a2ca08573e3116fcb180f57fec69f?s=96&d=mm&r=g\",\"caption\":\"wigital-dg\"}}]}<\/script>\n<!-- \/ Yoast SEO plugin. -->","yoast_head_json":{"title":"Vortr\u00e4ge des Datenschutztages 2017 - Landesverband der Wasser- und Bodenverb\u00e4nde","robots":{"index":"index","follow":"follow","max-snippet":"max-snippet:-1","max-image-preview":"max-image-preview:large","max-video-preview":"max-video-preview:-1"},"canonical":"https:\/\/www.lwbv.de\/lwbv\/2017\/12\/01\/vortraege-des-datenschutztages-2017\/","og_locale":"de_DE","og_type":"article","og_title":"Vortr\u00e4ge des Datenschutztages 2017 - Landesverband der Wasser- und Bodenverb\u00e4nde","og_description":"Vortr\u00e4ge des Datenschutztages 2017 Mehr als 50 Teilnehmer folgten am 29. November der gemeinsamen Einladung des Landesverbandes und des Wasserforums Nord zum &#8222;Datenschutztag 2017&#8220;. Die Vortragsfolien, die uns von den Referenten freundlicherweise zur Verf\u00fcgung gestellt wurden, k\u00f6nnen Sie hier herunterladen. Vortrag Marit Hansen (1 MB) Vortrag Frank Berns (3 MB) Vortrag Dennes Stapelfeldt (4 MB)","og_url":"https:\/\/www.lwbv.de\/lwbv\/2017\/12\/01\/vortraege-des-datenschutztages-2017\/","og_site_name":"Landesverband der Wasser- und Bodenverb\u00e4nde","article_published_time":"2017-12-01T13:36:12+00:00","article_modified_time":"2018-09-04T12:40:31+00:00","author":"wigital-dg","twitter_card":"summary_large_image","twitter_misc":{"Verfasst von":"wigital-dg"},"schema":{"@context":"https:\/\/schema.org","@graph":[{"@type":"WebPage","@id":"https:\/\/www.lwbv.de\/lwbv\/2017\/12\/01\/vortraege-des-datenschutztages-2017\/","url":"https:\/\/www.lwbv.de\/lwbv\/2017\/12\/01\/vortraege-des-datenschutztages-2017\/","name":"Vortr\u00e4ge des Datenschutztages 2017 - Landesverband der Wasser- und Bodenverb\u00e4nde","isPartOf":{"@id":"https:\/\/www.lwbv.de\/lwbv\/#website"},"datePublished":"2017-12-01T13:36:12+00:00","dateModified":"2018-09-04T12:40:31+00:00","author":{"@id":"https:\/\/www.lwbv.de\/lwbv\/#\/schema\/person\/50ba0d3957b72a32b4eb155593bc065a"},"breadcrumb":{"@id":"https:\/\/www.lwbv.de\/lwbv\/2017\/12\/01\/vortraege-des-datenschutztages-2017\/#breadcrumb"},"inLanguage":"de","potentialAction":[{"@type":"ReadAction","target":["https:\/\/www.lwbv.de\/lwbv\/2017\/12\/01\/vortraege-des-datenschutztages-2017\/"]}]},{"@type":"BreadcrumbList","@id":"https:\/\/www.lwbv.de\/lwbv\/2017\/12\/01\/vortraege-des-datenschutztages-2017\/#breadcrumb","itemListElement":[{"@type":"ListItem","position":1,"name":"Startseite","item":"https:\/\/www.lwbv.de\/lwbv\/"},{"@type":"ListItem","position":2,"name":"Vortr\u00e4ge des Datenschutztages 2017"}]},{"@type":"WebSite","@id":"https:\/\/www.lwbv.de\/lwbv\/#website","url":"https:\/\/www.lwbv.de\/lwbv\/","name":"Landesverband der Wasser- und Bodenverb\u00e4nde","description":"","potentialAction":[{"@type":"SearchAction","target":{"@type":"EntryPoint","urlTemplate":"https:\/\/www.lwbv.de\/lwbv\/?s={search_term_string}"},"query-input":"required name=search_term_string"}],"inLanguage":"de"},{"@type":"Person","@id":"https:\/\/www.lwbv.de\/lwbv\/#\/schema\/person\/50ba0d3957b72a32b4eb155593bc065a","name":"wigital-dg","image":{"@type":"ImageObject","inLanguage":"de","@id":"https:\/\/www.lwbv.de\/lwbv\/#\/schema\/person\/image\/","url":"https:\/\/secure.gravatar.com\/avatar\/4d5a2ca08573e3116fcb180f57fec69f?s=96&d=mm&r=g","contentUrl":"https:\/\/secure.gravatar.com\/avatar\/4d5a2ca08573e3116fcb180f57fec69f?s=96&d=mm&r=g","caption":"wigital-dg"}}]}},"_links":{"self":[{"href":"https:\/\/www.lwbv.de\/lwbv\/wp-json\/wp\/v2\/posts\/1005"}],"collection":[{"href":"https:\/\/www.lwbv.de\/lwbv\/wp-json\/wp\/v2\/posts"}],"about":[{"href":"https:\/\/www.lwbv.de\/lwbv\/wp-json\/wp\/v2\/types\/post"}],"author":[{"embeddable":true,"href":"https:\/\/www.lwbv.de\/lwbv\/wp-json\/wp\/v2\/users\/4"}],"replies":[{"embeddable":true,"href":"https:\/\/www.lwbv.de\/lwbv\/wp-json\/wp\/v2\/comments?post=1005"}],"version-history":[{"count":1,"href":"https:\/\/www.lwbv.de\/lwbv\/wp-json\/wp\/v2\/posts\/1005\/revisions"}],"predecessor-version":[{"id":1009,"href":"https:\/\/www.lwbv.de\/lwbv\/wp-json\/wp\/v2\/posts\/1005\/revisions\/1009"}],"wp:attachment":[{"href":"https:\/\/www.lwbv.de\/lwbv\/wp-json\/wp\/v2\/media?parent=1005"}],"wp:term":[{"taxonomy":"category","embeddable":true,"href":"https:\/\/www.lwbv.de\/lwbv\/wp-json\/wp\/v2\/categories?post=1005"},{"taxonomy":"post_tag","embeddable":true,"href":"https:\/\/www.lwbv.de\/lwbv\/wp-json\/wp\/v2\/tags?post=1005"}],"curies":[{"name":"wp","href":"https:\/\/api.w.org\/{rel}","templated":true}]}}