{"id":1255,"date":"2019-07-01T11:09:20","date_gmt":"2019-07-01T09:09:20","guid":{"rendered":"https:\/\/www.lwbv.de\/lwbv\/?p=1255"},"modified":"2019-11-14T10:07:18","modified_gmt":"2019-11-14T09:07:18","slug":"landesverband-im-gespraech-mit-minister-albrecht-2-2","status":"publish","type":"post","link":"https:\/\/www.lwbv.de\/lwbv\/2019\/07\/01\/die-klaerschlammentsorgung-im-land-muss-neu-ausgerichtet-werden\/","title":{"rendered":"&#8222;Die Kl\u00e4rschlammentsorgung im Land muss neu ausgerichtet werden&#8220; (Umweltstaatssekret\u00e4r Tobias Goldschmidt)"},"content":{"rendered":"<p>Juni 2019:<br \/>\nKl\u00e4rschlammbeirat stellt Zwischenbericht vor.<!--more--><\/p>\n<p>&nbsp;<\/p>\n<p>&#8211; Lesen Sie <a href=\"https:\/\/www.lwbv.de\/lwbv\/wp-content\/uploads\/2019\/07\/PI_190618_Kl\u00e4rschlammbeirat_Zwischenbericht.pdf\" target=\"_blank\" rel=\"noopener\">hier<\/a>!<\/p>\n<p>&nbsp;<\/p>\n<p>&nbsp;<\/p>\n<p>&nbsp;<\/p>\n<p>&nbsp;<\/p>\n","protected":false},"excerpt":{"rendered":"<p>Juni 2019: Kl\u00e4rschlammbeirat stellt Zwischenbericht vor.<\/p>\n","protected":false},"author":5,"featured_media":0,"comment_status":"closed","ping_status":"closed","sticky":false,"template":"","format":"standard","meta":{"footnotes":""},"categories":[1],"tags":[],"yoast_head":"<!-- This site is optimized with the Yoast SEO plugin v22.8 - https:\/\/yoast.com\/wordpress\/plugins\/seo\/ -->\n<title>&quot;Die Kl\u00e4rschlammentsorgung im Land muss neu ausgerichtet werden&quot; (Umweltstaatssekret\u00e4r Tobias Goldschmidt) - Landesverband der Wasser- und Bodenverb\u00e4nde<\/title>\n<meta name=\"robots\" content=\"index, follow, max-snippet:-1, max-image-preview:large, max-video-preview:-1\" \/>\n<link rel=\"canonical\" href=\"https:\/\/www.lwbv.de\/lwbv\/2019\/07\/01\/die-klaerschlammentsorgung-im-land-muss-neu-ausgerichtet-werden\/\" \/>\n<meta property=\"og:locale\" content=\"de_DE\" \/>\n<meta property=\"og:type\" content=\"article\" \/>\n<meta property=\"og:title\" content=\"&quot;Die Kl\u00e4rschlammentsorgung im Land muss neu ausgerichtet werden&quot; (Umweltstaatssekret\u00e4r Tobias Goldschmidt) - Landesverband der Wasser- und Bodenverb\u00e4nde\" \/>\n<meta property=\"og:description\" content=\"Juni 2019: Kl\u00e4rschlammbeirat stellt Zwischenbericht vor.\" \/>\n<meta property=\"og:url\" content=\"https:\/\/www.lwbv.de\/lwbv\/2019\/07\/01\/die-klaerschlammentsorgung-im-land-muss-neu-ausgerichtet-werden\/\" \/>\n<meta property=\"og:site_name\" content=\"Landesverband der Wasser- und Bodenverb\u00e4nde\" \/>\n<meta property=\"article:published_time\" content=\"2019-07-01T09:09:20+00:00\" \/>\n<meta property=\"article:modified_time\" content=\"2019-11-14T09:07:18+00:00\" \/>\n<meta name=\"author\" content=\"Mareike Stanisak\" \/>\n<meta name=\"twitter:card\" content=\"summary_large_image\" \/>\n<meta name=\"twitter:label1\" content=\"Verfasst von\" \/>\n\t<meta name=\"twitter:data1\" content=\"Mareike Stanisak\" \/>\n<script type=\"application\/ld+json\" class=\"yoast-schema-graph\">{\"@context\":\"https:\/\/schema.org\",\"@graph\":[{\"@type\":\"WebPage\",\"@id\":\"https:\/\/www.lwbv.de\/lwbv\/2019\/07\/01\/die-klaerschlammentsorgung-im-land-muss-neu-ausgerichtet-werden\/\",\"url\":\"https:\/\/www.lwbv.de\/lwbv\/2019\/07\/01\/die-klaerschlammentsorgung-im-land-muss-neu-ausgerichtet-werden\/\",\"name\":\"\\\"Die Kl\u00e4rschlammentsorgung im Land muss neu ausgerichtet werden\\\" (Umweltstaatssekret\u00e4r Tobias Goldschmidt) - Landesverband der Wasser- und Bodenverb\u00e4nde\",\"isPartOf\":{\"@id\":\"https:\/\/www.lwbv.de\/lwbv\/#website\"},\"datePublished\":\"2019-07-01T09:09:20+00:00\",\"dateModified\":\"2019-11-14T09:07:18+00:00\",\"author\":{\"@id\":\"https:\/\/www.lwbv.de\/lwbv\/#\/schema\/person\/98b5f67243cc998bbff770682877bec6\"},\"breadcrumb\":{\"@id\":\"https:\/\/www.lwbv.de\/lwbv\/2019\/07\/01\/die-klaerschlammentsorgung-im-land-muss-neu-ausgerichtet-werden\/#breadcrumb\"},\"inLanguage\":\"de\",\"potentialAction\":[{\"@type\":\"ReadAction\",\"target\":[\"https:\/\/www.lwbv.de\/lwbv\/2019\/07\/01\/die-klaerschlammentsorgung-im-land-muss-neu-ausgerichtet-werden\/\"]}]},{\"@type\":\"BreadcrumbList\",\"@id\":\"https:\/\/www.lwbv.de\/lwbv\/2019\/07\/01\/die-klaerschlammentsorgung-im-land-muss-neu-ausgerichtet-werden\/#breadcrumb\",\"itemListElement\":[{\"@type\":\"ListItem\",\"position\":1,\"name\":\"Startseite\",\"item\":\"https:\/\/www.lwbv.de\/lwbv\/\"},{\"@type\":\"ListItem\",\"position\":2,\"name\":\"&#8222;Die Kl\u00e4rschlammentsorgung im Land muss neu ausgerichtet werden&#8220; (Umweltstaatssekret\u00e4r Tobias Goldschmidt)\"}]},{\"@type\":\"WebSite\",\"@id\":\"https:\/\/www.lwbv.de\/lwbv\/#website\",\"url\":\"https:\/\/www.lwbv.de\/lwbv\/\",\"name\":\"Landesverband der Wasser- und Bodenverb\u00e4nde\",\"description\":\"\",\"potentialAction\":[{\"@type\":\"SearchAction\",\"target\":{\"@type\":\"EntryPoint\",\"urlTemplate\":\"https:\/\/www.lwbv.de\/lwbv\/?s={search_term_string}\"},\"query-input\":\"required name=search_term_string\"}],\"inLanguage\":\"de\"},{\"@type\":\"Person\",\"@id\":\"https:\/\/www.lwbv.de\/lwbv\/#\/schema\/person\/98b5f67243cc998bbff770682877bec6\",\"name\":\"Mareike Stanisak\",\"image\":{\"@type\":\"ImageObject\",\"inLanguage\":\"de\",\"@id\":\"https:\/\/www.lwbv.de\/lwbv\/#\/schema\/person\/image\/\",\"url\":\"https:\/\/secure.gravatar.com\/avatar\/ab5bb07042fef19b9b9b0c5877e56642?s=96&d=mm&r=g\",\"contentUrl\":\"https:\/\/secure.gravatar.com\/avatar\/ab5bb07042fef19b9b9b0c5877e56642?s=96&d=mm&r=g\",\"caption\":\"Mareike Stanisak\"}}]}<\/script>\n<!-- \/ Yoast SEO plugin. -->","yoast_head_json":{"title":"\"Die Kl\u00e4rschlammentsorgung im Land muss neu ausgerichtet werden\" (Umweltstaatssekret\u00e4r Tobias Goldschmidt) - Landesverband der Wasser- und Bodenverb\u00e4nde","robots":{"index":"index","follow":"follow","max-snippet":"max-snippet:-1","max-image-preview":"max-image-preview:large","max-video-preview":"max-video-preview:-1"},"canonical":"https:\/\/www.lwbv.de\/lwbv\/2019\/07\/01\/die-klaerschlammentsorgung-im-land-muss-neu-ausgerichtet-werden\/","og_locale":"de_DE","og_type":"article","og_title":"\"Die Kl\u00e4rschlammentsorgung im Land muss neu ausgerichtet werden\" (Umweltstaatssekret\u00e4r Tobias Goldschmidt) - Landesverband der Wasser- und Bodenverb\u00e4nde","og_description":"Juni 2019: Kl\u00e4rschlammbeirat stellt Zwischenbericht vor.","og_url":"https:\/\/www.lwbv.de\/lwbv\/2019\/07\/01\/die-klaerschlammentsorgung-im-land-muss-neu-ausgerichtet-werden\/","og_site_name":"Landesverband der Wasser- und Bodenverb\u00e4nde","article_published_time":"2019-07-01T09:09:20+00:00","article_modified_time":"2019-11-14T09:07:18+00:00","author":"Mareike Stanisak","twitter_card":"summary_large_image","twitter_misc":{"Verfasst von":"Mareike Stanisak"},"schema":{"@context":"https:\/\/schema.org","@graph":[{"@type":"WebPage","@id":"https:\/\/www.lwbv.de\/lwbv\/2019\/07\/01\/die-klaerschlammentsorgung-im-land-muss-neu-ausgerichtet-werden\/","url":"https:\/\/www.lwbv.de\/lwbv\/2019\/07\/01\/die-klaerschlammentsorgung-im-land-muss-neu-ausgerichtet-werden\/","name":"\"Die Kl\u00e4rschlammentsorgung im Land muss neu ausgerichtet werden\" (Umweltstaatssekret\u00e4r Tobias Goldschmidt) - Landesverband der Wasser- und Bodenverb\u00e4nde","isPartOf":{"@id":"https:\/\/www.lwbv.de\/lwbv\/#website"},"datePublished":"2019-07-01T09:09:20+00:00","dateModified":"2019-11-14T09:07:18+00:00","author":{"@id":"https:\/\/www.lwbv.de\/lwbv\/#\/schema\/person\/98b5f67243cc998bbff770682877bec6"},"breadcrumb":{"@id":"https:\/\/www.lwbv.de\/lwbv\/2019\/07\/01\/die-klaerschlammentsorgung-im-land-muss-neu-ausgerichtet-werden\/#breadcrumb"},"inLanguage":"de","potentialAction":[{"@type":"ReadAction","target":["https:\/\/www.lwbv.de\/lwbv\/2019\/07\/01\/die-klaerschlammentsorgung-im-land-muss-neu-ausgerichtet-werden\/"]}]},{"@type":"BreadcrumbList","@id":"https:\/\/www.lwbv.de\/lwbv\/2019\/07\/01\/die-klaerschlammentsorgung-im-land-muss-neu-ausgerichtet-werden\/#breadcrumb","itemListElement":[{"@type":"ListItem","position":1,"name":"Startseite","item":"https:\/\/www.lwbv.de\/lwbv\/"},{"@type":"ListItem","position":2,"name":"&#8222;Die Kl\u00e4rschlammentsorgung im Land muss neu ausgerichtet werden&#8220; (Umweltstaatssekret\u00e4r Tobias Goldschmidt)"}]},{"@type":"WebSite","@id":"https:\/\/www.lwbv.de\/lwbv\/#website","url":"https:\/\/www.lwbv.de\/lwbv\/","name":"Landesverband der Wasser- und Bodenverb\u00e4nde","description":"","potentialAction":[{"@type":"SearchAction","target":{"@type":"EntryPoint","urlTemplate":"https:\/\/www.lwbv.de\/lwbv\/?s={search_term_string}"},"query-input":"required name=search_term_string"}],"inLanguage":"de"},{"@type":"Person","@id":"https:\/\/www.lwbv.de\/lwbv\/#\/schema\/person\/98b5f67243cc998bbff770682877bec6","name":"Mareike Stanisak","image":{"@type":"ImageObject","inLanguage":"de","@id":"https:\/\/www.lwbv.de\/lwbv\/#\/schema\/person\/image\/","url":"https:\/\/secure.gravatar.com\/avatar\/ab5bb07042fef19b9b9b0c5877e56642?s=96&d=mm&r=g","contentUrl":"https:\/\/secure.gravatar.com\/avatar\/ab5bb07042fef19b9b9b0c5877e56642?s=96&d=mm&r=g","caption":"Mareike Stanisak"}}]}},"_links":{"self":[{"href":"https:\/\/www.lwbv.de\/lwbv\/wp-json\/wp\/v2\/posts\/1255"}],"collection":[{"href":"https:\/\/www.lwbv.de\/lwbv\/wp-json\/wp\/v2\/posts"}],"about":[{"href":"https:\/\/www.lwbv.de\/lwbv\/wp-json\/wp\/v2\/types\/post"}],"author":[{"embeddable":true,"href":"https:\/\/www.lwbv.de\/lwbv\/wp-json\/wp\/v2\/users\/5"}],"replies":[{"embeddable":true,"href":"https:\/\/www.lwbv.de\/lwbv\/wp-json\/wp\/v2\/comments?post=1255"}],"version-history":[{"count":6,"href":"https:\/\/www.lwbv.de\/lwbv\/wp-json\/wp\/v2\/posts\/1255\/revisions"}],"predecessor-version":[{"id":1261,"href":"https:\/\/www.lwbv.de\/lwbv\/wp-json\/wp\/v2\/posts\/1255\/revisions\/1261"}],"wp:attachment":[{"href":"https:\/\/www.lwbv.de\/lwbv\/wp-json\/wp\/v2\/media?parent=1255"}],"wp:term":[{"taxonomy":"category","embeddable":true,"href":"https:\/\/www.lwbv.de\/lwbv\/wp-json\/wp\/v2\/categories?post=1255"},{"taxonomy":"post_tag","embeddable":true,"href":"https:\/\/www.lwbv.de\/lwbv\/wp-json\/wp\/v2\/tags?post=1255"}],"curies":[{"name":"wp","href":"https:\/\/api.w.org\/{rel}","templated":true}]}}