{"id":1384,"date":"2019-11-14T10:03:40","date_gmt":"2019-11-14T09:03:40","guid":{"rendered":"https:\/\/www.lwbv.de\/lwbv\/?p=1384"},"modified":"2019-11-14T11:15:16","modified_gmt":"2019-11-14T10:15:16","slug":"landesverband-im-gespraech-mit-minister-albrecht-2-3-2-2-3","status":"publish","type":"post","link":"https:\/\/www.lwbv.de\/lwbv\/2019\/11\/13\/landtag-modernisiert-lwg-und-lwvg\/","title":{"rendered":"Landtag modernisiert LWG und LWVG"},"content":{"rendered":"<p>In seiner Landtagssitzung am 13.11.2019 verabschiedete der schleswig-holsteinische Landtag mit dem sog. \u201eWasserrechts-Modernisierungsgesetz\u201c ein Gesetzespaket, das insbesondere f\u00fcr das Landeswassergesetz (LWG) sowie f\u00fcr das Landeswasserverbandsgesetz (LWVG) wesentliche \u00c4nderungen bringt.<\/p>\n<p><!--more--><\/p>\n<p>&nbsp;<\/p>\n<p><strong><u>Landeswassergesetz <\/u><\/strong><\/p>\n<p>Das neue Landeswassergesetz tritt Anfang 2020 in Kraft mit modernisierten Regelungen f\u00fcr Gew\u00e4sser- und K\u00fcstenschutz.<\/p>\n<p>Wie wird das Grundwasser vor Verunreinigungen gesch\u00fctzt, wer darf aus Seen oder Fl\u00fcssen Wasser entnehmen und was passiert mit dem Abwasser \u2013 im Landeswassergesetz sind diese und alle weiteren Fragen zum Umgang mit Wasser klar geregelt. Nun hat der Landtag das neue \u00fcberarbeitete Landeswassergesetz beschlossen. Es tritt am 1. Januar 2020 in Kraft.<\/p>\n<p>Umweltminister Jan Philipp Albrecht zeigte sich erfreut: &#8222;Das grundlegend erneuerte Landeswassergesetz sch\u00fctzt unsere Gew\u00e4sser und unsere K\u00fcsten zeitgem\u00e4\u00df. Es ist das umfangreichste umweltrechtliche Gesetzesvorhaben der Landesregierung in dieser Legislatur und zeigt wie Modernisierung funktionieren kann.&#8220;<\/p>\n<p><strong>Wasserschutzgebiete, Abwasser, Fracking<\/strong><\/p>\n<p>Ein Schwerpunkt bei der Neugestaltung des Gesetzes lag auf der Verbesserung von verschiedensten Regelungen zum K\u00fcsten- und Hochwasserschutz. Beispielsweise wird das Land st\u00e4rker an den Planungen und dem Bau von Warftverst\u00e4rkungen beteiligt. &#8222;Der Meeresspiegelanstieg verlangt nach einer vorrausschauenden Strategie. Als Landesregierung nehmen wir diese Aufgabe zum Schutz unserer K\u00fcsten an und planen \u00fcber Generationen, nicht Legislaturen&#8220;, betonte der Minister.<\/p>\n<p>Dar\u00fcberhinaus regelt das Gesetz nun auch die Einrichtung von Wasserschutzgebieten neu. Zuk\u00fcnftig k\u00f6nnen diese nicht mehr nur auf Veranlassung von Beh\u00f6rden, sondern auch auf Antrag von Wasserversorgern ausgewiesen werden. Engagierte Wasserversorger sollen so schneller zu Schutzgebieten f\u00fcr ihre Wasserquellen kommen k\u00f6nnen. Weitere Schwerpunkte des Gesetzes bilden die Regelungen zur Abwasserbeseitigung, insbesondere angesichts zunehmenden Starkregens, und Nachsch\u00e4rfungen der bundesrechtlichen Regelungen zum Fracking, sodass die Wasserbeh\u00f6rden bei eventuellen Antr\u00e4gen einen besonders strengen Pr\u00fcfma\u00dfstab anlegen k\u00f6nnen.<\/p>\n<p><strong>K\u00fcrzer und Klarer<\/strong><\/p>\n<p>Ziel der \u00dcberarbeitung des urspr\u00fcnglichen Landeswassergesetzes von 1960 war es auch, nicht mehr erforderliche oder nicht mehr zeitgem\u00e4\u00dfe Vorschriften zu streichen. Hatte das alte Gesetz noch rund 160 Paragraphen, finden sich im \u00fcberarbeiteten Gesetz nur noch 113 Paragraphen. Zus\u00e4tzlich wurde das neue Gesetz an das Wasserhaushaltsgesetz des Bundes angepasst. Dadurch wird die Rechtsanwendung in der Praxis erleichtert. <em>(PM MELUND)<\/em><\/p>\n<p>&nbsp;<\/p>\n<p><strong><u>Landeswasserverbandsgesetz<\/u><\/strong><\/p>\n<p>Neben Regelungen zur gemeindlichen Mitgliedschaft sowie zur Konkretisierung der verbandlichen R\u00fccklagenbildung enth\u00e4lt das neue LWVG insbesondere die Aufnahme der Verwertung und Erzeugung regenerativer Energien als \u201eechte\u201c Verbandsaufgabe. Vergleichbar der Wahrnehmung klassischer Aufgaben &#8211; wie z.B. der Gew\u00e4sser- und Deichunterhaltung oder der Wasserversorgung &#8211; wird es den Verb\u00e4nden k\u00fcnftig auch m\u00f6glich sein, diese T\u00e4tigkeiten in ihren Aufgabenkatalog aufzunehmen.<\/p>\n<p>\u201eEs freut uns, dass der Landtag damit der von uns vor dem Umwelt- und Agrarausschuss vorgetragenen Argumentation Rechnung getragen hat\u201c, so der Gesch\u00e4ftsf\u00fchrer des Landesverbandes Mathias Rohde.<\/p>\n<p>Gemeinsam mit Dipl.-Ing. Matthias Reimers hatte Rohde den Landtagsabgeordneten die positiven Erfahrungen aus dem Projekt \u201eWind f\u00fcr Wasser\u201c vorgestellt, bei dem Wasser- und Bodenverb\u00e4nde bereits jetzt Einnahmen aus der Windkraft zur Reduzierung verbandlicher Lasten nutzen.<\/p>\n<p>\u201eGerade angesichts steigender gesamtgesellschaftlicher Herausforderungen in der Wasserwirtschaft ist es klug, dieses Instrument in die H\u00e4nde der Solidargemeinschaft eines Wasser- und Bodenverbandes zu legen\u201c, so Rohde.<\/p>\n<p>&nbsp;<\/p>\n<p>&nbsp;<\/p>\n<p>&nbsp;<\/p>\n<p>&nbsp;<\/p>\n<p>&nbsp;<\/p>\n","protected":false},"excerpt":{"rendered":"<p>In seiner Landtagssitzung am 13.11.2019 verabschiedete der schleswig-holsteinische Landtag mit dem sog. \u201eWasserrechts-Modernisierungsgesetz\u201c ein Gesetzespaket, das insbesondere f\u00fcr das Landeswassergesetz (LWG) sowie f\u00fcr das Landeswasserverbandsgesetz (LWVG) wesentliche \u00c4nderungen bringt.<\/p>\n","protected":false},"author":5,"featured_media":0,"comment_status":"closed","ping_status":"closed","sticky":false,"template":"","format":"standard","meta":{"footnotes":""},"categories":[1],"tags":[],"yoast_head":"<!-- This site is optimized with the Yoast SEO plugin v22.8 - https:\/\/yoast.com\/wordpress\/plugins\/seo\/ -->\n<title>Landtag modernisiert LWG und LWVG - Landesverband der Wasser- und Bodenverb\u00e4nde<\/title>\n<meta name=\"robots\" content=\"index, follow, max-snippet:-1, max-image-preview:large, max-video-preview:-1\" \/>\n<link rel=\"canonical\" href=\"https:\/\/www.lwbv.de\/lwbv\/2019\/11\/13\/landtag-modernisiert-lwg-und-lwvg\/\" \/>\n<meta property=\"og:locale\" content=\"de_DE\" \/>\n<meta property=\"og:type\" content=\"article\" \/>\n<meta property=\"og:title\" content=\"Landtag modernisiert LWG und LWVG - Landesverband der Wasser- und Bodenverb\u00e4nde\" \/>\n<meta property=\"og:description\" content=\"In seiner Landtagssitzung am 13.11.2019 verabschiedete der schleswig-holsteinische Landtag mit dem sog. \u201eWasserrechts-Modernisierungsgesetz\u201c ein Gesetzespaket, das insbesondere f\u00fcr das Landeswassergesetz (LWG) sowie f\u00fcr das Landeswasserverbandsgesetz (LWVG) wesentliche \u00c4nderungen bringt.\" \/>\n<meta property=\"og:url\" content=\"https:\/\/www.lwbv.de\/lwbv\/2019\/11\/13\/landtag-modernisiert-lwg-und-lwvg\/\" \/>\n<meta property=\"og:site_name\" content=\"Landesverband der Wasser- und Bodenverb\u00e4nde\" \/>\n<meta property=\"article:published_time\" content=\"2019-11-14T09:03:40+00:00\" \/>\n<meta property=\"article:modified_time\" content=\"2019-11-14T10:15:16+00:00\" \/>\n<meta name=\"author\" content=\"Mareike Stanisak\" \/>\n<meta name=\"twitter:card\" content=\"summary_large_image\" \/>\n<meta name=\"twitter:label1\" content=\"Verfasst von\" \/>\n\t<meta name=\"twitter:data1\" content=\"Mareike Stanisak\" \/>\n\t<meta name=\"twitter:label2\" content=\"Gesch\u00e4tzte Lesezeit\" \/>\n\t<meta name=\"twitter:data2\" content=\"3\u00a0Minuten\" \/>\n<script type=\"application\/ld+json\" class=\"yoast-schema-graph\">{\"@context\":\"https:\/\/schema.org\",\"@graph\":[{\"@type\":\"WebPage\",\"@id\":\"https:\/\/www.lwbv.de\/lwbv\/2019\/11\/13\/landtag-modernisiert-lwg-und-lwvg\/\",\"url\":\"https:\/\/www.lwbv.de\/lwbv\/2019\/11\/13\/landtag-modernisiert-lwg-und-lwvg\/\",\"name\":\"Landtag modernisiert LWG und LWVG - Landesverband der Wasser- und Bodenverb\u00e4nde\",\"isPartOf\":{\"@id\":\"https:\/\/www.lwbv.de\/lwbv\/#website\"},\"datePublished\":\"2019-11-14T09:03:40+00:00\",\"dateModified\":\"2019-11-14T10:15:16+00:00\",\"author\":{\"@id\":\"https:\/\/www.lwbv.de\/lwbv\/#\/schema\/person\/98b5f67243cc998bbff770682877bec6\"},\"breadcrumb\":{\"@id\":\"https:\/\/www.lwbv.de\/lwbv\/2019\/11\/13\/landtag-modernisiert-lwg-und-lwvg\/#breadcrumb\"},\"inLanguage\":\"de\",\"potentialAction\":[{\"@type\":\"ReadAction\",\"target\":[\"https:\/\/www.lwbv.de\/lwbv\/2019\/11\/13\/landtag-modernisiert-lwg-und-lwvg\/\"]}]},{\"@type\":\"BreadcrumbList\",\"@id\":\"https:\/\/www.lwbv.de\/lwbv\/2019\/11\/13\/landtag-modernisiert-lwg-und-lwvg\/#breadcrumb\",\"itemListElement\":[{\"@type\":\"ListItem\",\"position\":1,\"name\":\"Startseite\",\"item\":\"https:\/\/www.lwbv.de\/lwbv\/\"},{\"@type\":\"ListItem\",\"position\":2,\"name\":\"Landtag modernisiert LWG und LWVG\"}]},{\"@type\":\"WebSite\",\"@id\":\"https:\/\/www.lwbv.de\/lwbv\/#website\",\"url\":\"https:\/\/www.lwbv.de\/lwbv\/\",\"name\":\"Landesverband der Wasser- und Bodenverb\u00e4nde\",\"description\":\"\",\"potentialAction\":[{\"@type\":\"SearchAction\",\"target\":{\"@type\":\"EntryPoint\",\"urlTemplate\":\"https:\/\/www.lwbv.de\/lwbv\/?s={search_term_string}\"},\"query-input\":\"required name=search_term_string\"}],\"inLanguage\":\"de\"},{\"@type\":\"Person\",\"@id\":\"https:\/\/www.lwbv.de\/lwbv\/#\/schema\/person\/98b5f67243cc998bbff770682877bec6\",\"name\":\"Mareike Stanisak\",\"image\":{\"@type\":\"ImageObject\",\"inLanguage\":\"de\",\"@id\":\"https:\/\/www.lwbv.de\/lwbv\/#\/schema\/person\/image\/\",\"url\":\"https:\/\/secure.gravatar.com\/avatar\/ab5bb07042fef19b9b9b0c5877e56642?s=96&d=mm&r=g\",\"contentUrl\":\"https:\/\/secure.gravatar.com\/avatar\/ab5bb07042fef19b9b9b0c5877e56642?s=96&d=mm&r=g\",\"caption\":\"Mareike Stanisak\"}}]}<\/script>\n<!-- \/ Yoast SEO plugin. -->","yoast_head_json":{"title":"Landtag modernisiert LWG und LWVG - Landesverband der Wasser- und Bodenverb\u00e4nde","robots":{"index":"index","follow":"follow","max-snippet":"max-snippet:-1","max-image-preview":"max-image-preview:large","max-video-preview":"max-video-preview:-1"},"canonical":"https:\/\/www.lwbv.de\/lwbv\/2019\/11\/13\/landtag-modernisiert-lwg-und-lwvg\/","og_locale":"de_DE","og_type":"article","og_title":"Landtag modernisiert LWG und LWVG - Landesverband der Wasser- und Bodenverb\u00e4nde","og_description":"In seiner Landtagssitzung am 13.11.2019 verabschiedete der schleswig-holsteinische Landtag mit dem sog. \u201eWasserrechts-Modernisierungsgesetz\u201c ein Gesetzespaket, das insbesondere f\u00fcr das Landeswassergesetz (LWG) sowie f\u00fcr das Landeswasserverbandsgesetz (LWVG) wesentliche \u00c4nderungen bringt.","og_url":"https:\/\/www.lwbv.de\/lwbv\/2019\/11\/13\/landtag-modernisiert-lwg-und-lwvg\/","og_site_name":"Landesverband der Wasser- und Bodenverb\u00e4nde","article_published_time":"2019-11-14T09:03:40+00:00","article_modified_time":"2019-11-14T10:15:16+00:00","author":"Mareike Stanisak","twitter_card":"summary_large_image","twitter_misc":{"Verfasst von":"Mareike Stanisak","Gesch\u00e4tzte Lesezeit":"3\u00a0Minuten"},"schema":{"@context":"https:\/\/schema.org","@graph":[{"@type":"WebPage","@id":"https:\/\/www.lwbv.de\/lwbv\/2019\/11\/13\/landtag-modernisiert-lwg-und-lwvg\/","url":"https:\/\/www.lwbv.de\/lwbv\/2019\/11\/13\/landtag-modernisiert-lwg-und-lwvg\/","name":"Landtag modernisiert LWG und LWVG - Landesverband der Wasser- und Bodenverb\u00e4nde","isPartOf":{"@id":"https:\/\/www.lwbv.de\/lwbv\/#website"},"datePublished":"2019-11-14T09:03:40+00:00","dateModified":"2019-11-14T10:15:16+00:00","author":{"@id":"https:\/\/www.lwbv.de\/lwbv\/#\/schema\/person\/98b5f67243cc998bbff770682877bec6"},"breadcrumb":{"@id":"https:\/\/www.lwbv.de\/lwbv\/2019\/11\/13\/landtag-modernisiert-lwg-und-lwvg\/#breadcrumb"},"inLanguage":"de","potentialAction":[{"@type":"ReadAction","target":["https:\/\/www.lwbv.de\/lwbv\/2019\/11\/13\/landtag-modernisiert-lwg-und-lwvg\/"]}]},{"@type":"BreadcrumbList","@id":"https:\/\/www.lwbv.de\/lwbv\/2019\/11\/13\/landtag-modernisiert-lwg-und-lwvg\/#breadcrumb","itemListElement":[{"@type":"ListItem","position":1,"name":"Startseite","item":"https:\/\/www.lwbv.de\/lwbv\/"},{"@type":"ListItem","position":2,"name":"Landtag modernisiert LWG und LWVG"}]},{"@type":"WebSite","@id":"https:\/\/www.lwbv.de\/lwbv\/#website","url":"https:\/\/www.lwbv.de\/lwbv\/","name":"Landesverband der Wasser- und Bodenverb\u00e4nde","description":"","potentialAction":[{"@type":"SearchAction","target":{"@type":"EntryPoint","urlTemplate":"https:\/\/www.lwbv.de\/lwbv\/?s={search_term_string}"},"query-input":"required name=search_term_string"}],"inLanguage":"de"},{"@type":"Person","@id":"https:\/\/www.lwbv.de\/lwbv\/#\/schema\/person\/98b5f67243cc998bbff770682877bec6","name":"Mareike Stanisak","image":{"@type":"ImageObject","inLanguage":"de","@id":"https:\/\/www.lwbv.de\/lwbv\/#\/schema\/person\/image\/","url":"https:\/\/secure.gravatar.com\/avatar\/ab5bb07042fef19b9b9b0c5877e56642?s=96&d=mm&r=g","contentUrl":"https:\/\/secure.gravatar.com\/avatar\/ab5bb07042fef19b9b9b0c5877e56642?s=96&d=mm&r=g","caption":"Mareike Stanisak"}}]}},"_links":{"self":[{"href":"https:\/\/www.lwbv.de\/lwbv\/wp-json\/wp\/v2\/posts\/1384"}],"collection":[{"href":"https:\/\/www.lwbv.de\/lwbv\/wp-json\/wp\/v2\/posts"}],"about":[{"href":"https:\/\/www.lwbv.de\/lwbv\/wp-json\/wp\/v2\/types\/post"}],"author":[{"embeddable":true,"href":"https:\/\/www.lwbv.de\/lwbv\/wp-json\/wp\/v2\/users\/5"}],"replies":[{"embeddable":true,"href":"https:\/\/www.lwbv.de\/lwbv\/wp-json\/wp\/v2\/comments?post=1384"}],"version-history":[{"count":15,"href":"https:\/\/www.lwbv.de\/lwbv\/wp-json\/wp\/v2\/posts\/1384\/revisions"}],"predecessor-version":[{"id":1400,"href":"https:\/\/www.lwbv.de\/lwbv\/wp-json\/wp\/v2\/posts\/1384\/revisions\/1400"}],"wp:attachment":[{"href":"https:\/\/www.lwbv.de\/lwbv\/wp-json\/wp\/v2\/media?parent=1384"}],"wp:term":[{"taxonomy":"category","embeddable":true,"href":"https:\/\/www.lwbv.de\/lwbv\/wp-json\/wp\/v2\/categories?post=1384"},{"taxonomy":"post_tag","embeddable":true,"href":"https:\/\/www.lwbv.de\/lwbv\/wp-json\/wp\/v2\/tags?post=1384"}],"curies":[{"name":"wp","href":"https:\/\/api.w.org\/{rel}","templated":true}]}}