{"id":1440,"date":"2020-01-06T10:37:01","date_gmt":"2020-01-06T09:37:01","guid":{"rendered":"https:\/\/www.lwbv.de\/lwbv\/?p=1440"},"modified":"2020-01-06T11:15:09","modified_gmt":"2020-01-06T10:15:09","slug":"landesverband-im-gespraech-mit-minister-albrecht-2-3-2-2-3-2-2-3-2","status":"publish","type":"post","link":"https:\/\/www.lwbv.de\/lwbv\/2020\/01\/06\/wasserwirtschaft-unter-neuem-dach---schulterschluss-der-wasser--und-bodenverbaende\/","title":{"rendered":"DHSV S\u00fcdwestholstein &#8211; Schulterschluss der Wasser- und Bodenverb\u00e4nde"},"content":{"rendered":"<p><strong>Wasserwirtschaft unter neuem Dach &#8211; Schulterschluss der Wasser- und Bodenverb\u00e4nde<\/strong><\/p>\n<p><!--more--><\/p>\n<p><strong>\u201eWir stehen vor gro\u00dfen wasserwirtschaftlichen Aufgaben. Eine stabile organisatorische Basis\u00a0ist daf\u00fcr f\u00fcr die Wasser- und Bodenverb\u00e4nde unerl\u00e4sslich\u201c, so Oberdeichgraf Raimer Holst.<\/strong><\/p>\n<p>Unter Vorsitz des Oberdeichgrafen haben Deichamt und Deichversammlung des\u00a0Deich- und Hauptsielverbandes Breitenburg-Breitenberg beschlossen, weitere Wasser- und Bodenverb\u00e4nde\u00a0als Mitglieder aufzunehmen. Im Zuge dessen wurde die Satzung neu gefasst und\u00a0der Verband in Deich- und Hauptsielverband S\u00fcdwestholstein umbenannt.<\/p>\n<p><strong>Ab dem 01.01.2020 wird der DHSV S\u00fcdwestholstein die Gesch\u00e4ftsf\u00fchrung f\u00fcr seine Mitgliedsverb\u00e4nde\u00a0und weitere Verb\u00e4nde \u00fcbernehmen.<\/strong><\/p>\n<p>Details der Pressemitteilung finden Sie <a href=\"https:\/\/www.lwbv.de\/lwbv\/wp-content\/uploads\/2020\/01\/DHSV-SWH-Pressemitteilung-2019-12-13.pdf\" target=\"_blank\" rel=\"noopener\">hier!<\/a><\/p>\n<p>&nbsp;<\/p>\n<p>&nbsp;<\/p>\n<p>&nbsp;<\/p>\n<p>&nbsp;<\/p>\n<p>&nbsp;<\/p>\n","protected":false},"excerpt":{"rendered":"<p>Wasserwirtschaft unter neuem Dach &#8211; Schulterschluss der Wasser- und Bodenverb\u00e4nde<\/p>\n","protected":false},"author":5,"featured_media":1442,"comment_status":"closed","ping_status":"closed","sticky":false,"template":"","format":"standard","meta":{"footnotes":""},"categories":[1],"tags":[],"yoast_head":"<!-- This site is optimized with the Yoast SEO plugin v22.8 - https:\/\/yoast.com\/wordpress\/plugins\/seo\/ -->\n<title>DHSV S\u00fcdwestholstein - Schulterschluss der Wasser- und Bodenverb\u00e4nde - Landesverband der Wasser- und Bodenverb\u00e4nde<\/title>\n<meta name=\"robots\" content=\"index, follow, max-snippet:-1, max-image-preview:large, max-video-preview:-1\" \/>\n<link rel=\"canonical\" href=\"https:\/\/www.lwbv.de\/lwbv\/2020\/01\/06\/wasserwirtschaft-unter-neuem-dach---schulterschluss-der-wasser--und-bodenverbaende\/\" \/>\n<meta property=\"og:locale\" content=\"de_DE\" \/>\n<meta property=\"og:type\" content=\"article\" \/>\n<meta property=\"og:title\" content=\"DHSV S\u00fcdwestholstein - Schulterschluss der Wasser- und Bodenverb\u00e4nde - Landesverband der Wasser- und Bodenverb\u00e4nde\" \/>\n<meta property=\"og:description\" content=\"Wasserwirtschaft unter neuem Dach &#8211; Schulterschluss der Wasser- und Bodenverb\u00e4nde\" \/>\n<meta property=\"og:url\" content=\"https:\/\/www.lwbv.de\/lwbv\/2020\/01\/06\/wasserwirtschaft-unter-neuem-dach---schulterschluss-der-wasser--und-bodenverbaende\/\" \/>\n<meta property=\"og:site_name\" content=\"Landesverband der Wasser- und Bodenverb\u00e4nde\" \/>\n<meta property=\"article:published_time\" content=\"2020-01-06T09:37:01+00:00\" \/>\n<meta property=\"article:modified_time\" content=\"2020-01-06T10:15:09+00:00\" \/>\n<meta property=\"og:image\" content=\"https:\/\/www.lwbv.de\/lwbv\/wp-content\/uploads\/2020\/01\/Bildschirmfoto-2020-01-06-um-10.30.25.png\" \/>\n\t<meta property=\"og:image:width\" content=\"1074\" \/>\n\t<meta property=\"og:image:height\" content=\"556\" \/>\n\t<meta property=\"og:image:type\" content=\"image\/png\" \/>\n<meta name=\"author\" content=\"Mareike Stanisak\" \/>\n<meta name=\"twitter:card\" content=\"summary_large_image\" \/>\n<meta name=\"twitter:label1\" content=\"Verfasst von\" \/>\n\t<meta name=\"twitter:data1\" content=\"Mareike Stanisak\" \/>\n\t<meta name=\"twitter:label2\" content=\"Gesch\u00e4tzte Lesezeit\" \/>\n\t<meta name=\"twitter:data2\" content=\"1\u00a0Minute\" \/>\n<script type=\"application\/ld+json\" class=\"yoast-schema-graph\">{\"@context\":\"https:\/\/schema.org\",\"@graph\":[{\"@type\":\"WebPage\",\"@id\":\"https:\/\/www.lwbv.de\/lwbv\/2020\/01\/06\/wasserwirtschaft-unter-neuem-dach---schulterschluss-der-wasser--und-bodenverbaende\/\",\"url\":\"https:\/\/www.lwbv.de\/lwbv\/2020\/01\/06\/wasserwirtschaft-unter-neuem-dach---schulterschluss-der-wasser--und-bodenverbaende\/\",\"name\":\"DHSV S\u00fcdwestholstein - Schulterschluss der Wasser- und Bodenverb\u00e4nde - Landesverband der Wasser- und Bodenverb\u00e4nde\",\"isPartOf\":{\"@id\":\"https:\/\/www.lwbv.de\/lwbv\/#website\"},\"primaryImageOfPage\":{\"@id\":\"https:\/\/www.lwbv.de\/lwbv\/2020\/01\/06\/wasserwirtschaft-unter-neuem-dach---schulterschluss-der-wasser--und-bodenverbaende\/#primaryimage\"},\"image\":{\"@id\":\"https:\/\/www.lwbv.de\/lwbv\/2020\/01\/06\/wasserwirtschaft-unter-neuem-dach---schulterschluss-der-wasser--und-bodenverbaende\/#primaryimage\"},\"thumbnailUrl\":\"https:\/\/www.lwbv.de\/lwbv\/wp-content\/uploads\/2020\/01\/Bildschirmfoto-2020-01-06-um-10.30.25.png\",\"datePublished\":\"2020-01-06T09:37:01+00:00\",\"dateModified\":\"2020-01-06T10:15:09+00:00\",\"author\":{\"@id\":\"https:\/\/www.lwbv.de\/lwbv\/#\/schema\/person\/98b5f67243cc998bbff770682877bec6\"},\"breadcrumb\":{\"@id\":\"https:\/\/www.lwbv.de\/lwbv\/2020\/01\/06\/wasserwirtschaft-unter-neuem-dach---schulterschluss-der-wasser--und-bodenverbaende\/#breadcrumb\"},\"inLanguage\":\"de\",\"potentialAction\":[{\"@type\":\"ReadAction\",\"target\":[\"https:\/\/www.lwbv.de\/lwbv\/2020\/01\/06\/wasserwirtschaft-unter-neuem-dach---schulterschluss-der-wasser--und-bodenverbaende\/\"]}]},{\"@type\":\"ImageObject\",\"inLanguage\":\"de\",\"@id\":\"https:\/\/www.lwbv.de\/lwbv\/2020\/01\/06\/wasserwirtschaft-unter-neuem-dach---schulterschluss-der-wasser--und-bodenverbaende\/#primaryimage\",\"url\":\"https:\/\/www.lwbv.de\/lwbv\/wp-content\/uploads\/2020\/01\/Bildschirmfoto-2020-01-06-um-10.30.25.png\",\"contentUrl\":\"https:\/\/www.lwbv.de\/lwbv\/wp-content\/uploads\/2020\/01\/Bildschirmfoto-2020-01-06-um-10.30.25.png\",\"width\":1074,\"height\":556},{\"@type\":\"BreadcrumbList\",\"@id\":\"https:\/\/www.lwbv.de\/lwbv\/2020\/01\/06\/wasserwirtschaft-unter-neuem-dach---schulterschluss-der-wasser--und-bodenverbaende\/#breadcrumb\",\"itemListElement\":[{\"@type\":\"ListItem\",\"position\":1,\"name\":\"Startseite\",\"item\":\"https:\/\/www.lwbv.de\/lwbv\/\"},{\"@type\":\"ListItem\",\"position\":2,\"name\":\"DHSV S\u00fcdwestholstein &#8211; Schulterschluss der Wasser- und Bodenverb\u00e4nde\"}]},{\"@type\":\"WebSite\",\"@id\":\"https:\/\/www.lwbv.de\/lwbv\/#website\",\"url\":\"https:\/\/www.lwbv.de\/lwbv\/\",\"name\":\"Landesverband der Wasser- und Bodenverb\u00e4nde\",\"description\":\"\",\"potentialAction\":[{\"@type\":\"SearchAction\",\"target\":{\"@type\":\"EntryPoint\",\"urlTemplate\":\"https:\/\/www.lwbv.de\/lwbv\/?s={search_term_string}\"},\"query-input\":\"required name=search_term_string\"}],\"inLanguage\":\"de\"},{\"@type\":\"Person\",\"@id\":\"https:\/\/www.lwbv.de\/lwbv\/#\/schema\/person\/98b5f67243cc998bbff770682877bec6\",\"name\":\"Mareike Stanisak\",\"image\":{\"@type\":\"ImageObject\",\"inLanguage\":\"de\",\"@id\":\"https:\/\/www.lwbv.de\/lwbv\/#\/schema\/person\/image\/\",\"url\":\"https:\/\/secure.gravatar.com\/avatar\/ab5bb07042fef19b9b9b0c5877e56642?s=96&d=mm&r=g\",\"contentUrl\":\"https:\/\/secure.gravatar.com\/avatar\/ab5bb07042fef19b9b9b0c5877e56642?s=96&d=mm&r=g\",\"caption\":\"Mareike Stanisak\"}}]}<\/script>\n<!-- \/ Yoast SEO plugin. -->","yoast_head_json":{"title":"DHSV S\u00fcdwestholstein - Schulterschluss der Wasser- und Bodenverb\u00e4nde - Landesverband der Wasser- und Bodenverb\u00e4nde","robots":{"index":"index","follow":"follow","max-snippet":"max-snippet:-1","max-image-preview":"max-image-preview:large","max-video-preview":"max-video-preview:-1"},"canonical":"https:\/\/www.lwbv.de\/lwbv\/2020\/01\/06\/wasserwirtschaft-unter-neuem-dach---schulterschluss-der-wasser--und-bodenverbaende\/","og_locale":"de_DE","og_type":"article","og_title":"DHSV S\u00fcdwestholstein - Schulterschluss der Wasser- und Bodenverb\u00e4nde - Landesverband der Wasser- und Bodenverb\u00e4nde","og_description":"Wasserwirtschaft unter neuem Dach &#8211; Schulterschluss der Wasser- und Bodenverb\u00e4nde","og_url":"https:\/\/www.lwbv.de\/lwbv\/2020\/01\/06\/wasserwirtschaft-unter-neuem-dach---schulterschluss-der-wasser--und-bodenverbaende\/","og_site_name":"Landesverband der Wasser- und Bodenverb\u00e4nde","article_published_time":"2020-01-06T09:37:01+00:00","article_modified_time":"2020-01-06T10:15:09+00:00","og_image":[{"width":1074,"height":556,"url":"https:\/\/www.lwbv.de\/lwbv\/wp-content\/uploads\/2020\/01\/Bildschirmfoto-2020-01-06-um-10.30.25.png","type":"image\/png"}],"author":"Mareike Stanisak","twitter_card":"summary_large_image","twitter_misc":{"Verfasst von":"Mareike Stanisak","Gesch\u00e4tzte Lesezeit":"1\u00a0Minute"},"schema":{"@context":"https:\/\/schema.org","@graph":[{"@type":"WebPage","@id":"https:\/\/www.lwbv.de\/lwbv\/2020\/01\/06\/wasserwirtschaft-unter-neuem-dach---schulterschluss-der-wasser--und-bodenverbaende\/","url":"https:\/\/www.lwbv.de\/lwbv\/2020\/01\/06\/wasserwirtschaft-unter-neuem-dach---schulterschluss-der-wasser--und-bodenverbaende\/","name":"DHSV S\u00fcdwestholstein - Schulterschluss der Wasser- und Bodenverb\u00e4nde - Landesverband der Wasser- und Bodenverb\u00e4nde","isPartOf":{"@id":"https:\/\/www.lwbv.de\/lwbv\/#website"},"primaryImageOfPage":{"@id":"https:\/\/www.lwbv.de\/lwbv\/2020\/01\/06\/wasserwirtschaft-unter-neuem-dach---schulterschluss-der-wasser--und-bodenverbaende\/#primaryimage"},"image":{"@id":"https:\/\/www.lwbv.de\/lwbv\/2020\/01\/06\/wasserwirtschaft-unter-neuem-dach---schulterschluss-der-wasser--und-bodenverbaende\/#primaryimage"},"thumbnailUrl":"https:\/\/www.lwbv.de\/lwbv\/wp-content\/uploads\/2020\/01\/Bildschirmfoto-2020-01-06-um-10.30.25.png","datePublished":"2020-01-06T09:37:01+00:00","dateModified":"2020-01-06T10:15:09+00:00","author":{"@id":"https:\/\/www.lwbv.de\/lwbv\/#\/schema\/person\/98b5f67243cc998bbff770682877bec6"},"breadcrumb":{"@id":"https:\/\/www.lwbv.de\/lwbv\/2020\/01\/06\/wasserwirtschaft-unter-neuem-dach---schulterschluss-der-wasser--und-bodenverbaende\/#breadcrumb"},"inLanguage":"de","potentialAction":[{"@type":"ReadAction","target":["https:\/\/www.lwbv.de\/lwbv\/2020\/01\/06\/wasserwirtschaft-unter-neuem-dach---schulterschluss-der-wasser--und-bodenverbaende\/"]}]},{"@type":"ImageObject","inLanguage":"de","@id":"https:\/\/www.lwbv.de\/lwbv\/2020\/01\/06\/wasserwirtschaft-unter-neuem-dach---schulterschluss-der-wasser--und-bodenverbaende\/#primaryimage","url":"https:\/\/www.lwbv.de\/lwbv\/wp-content\/uploads\/2020\/01\/Bildschirmfoto-2020-01-06-um-10.30.25.png","contentUrl":"https:\/\/www.lwbv.de\/lwbv\/wp-content\/uploads\/2020\/01\/Bildschirmfoto-2020-01-06-um-10.30.25.png","width":1074,"height":556},{"@type":"BreadcrumbList","@id":"https:\/\/www.lwbv.de\/lwbv\/2020\/01\/06\/wasserwirtschaft-unter-neuem-dach---schulterschluss-der-wasser--und-bodenverbaende\/#breadcrumb","itemListElement":[{"@type":"ListItem","position":1,"name":"Startseite","item":"https:\/\/www.lwbv.de\/lwbv\/"},{"@type":"ListItem","position":2,"name":"DHSV S\u00fcdwestholstein &#8211; Schulterschluss der Wasser- und Bodenverb\u00e4nde"}]},{"@type":"WebSite","@id":"https:\/\/www.lwbv.de\/lwbv\/#website","url":"https:\/\/www.lwbv.de\/lwbv\/","name":"Landesverband der Wasser- und Bodenverb\u00e4nde","description":"","potentialAction":[{"@type":"SearchAction","target":{"@type":"EntryPoint","urlTemplate":"https:\/\/www.lwbv.de\/lwbv\/?s={search_term_string}"},"query-input":"required name=search_term_string"}],"inLanguage":"de"},{"@type":"Person","@id":"https:\/\/www.lwbv.de\/lwbv\/#\/schema\/person\/98b5f67243cc998bbff770682877bec6","name":"Mareike Stanisak","image":{"@type":"ImageObject","inLanguage":"de","@id":"https:\/\/www.lwbv.de\/lwbv\/#\/schema\/person\/image\/","url":"https:\/\/secure.gravatar.com\/avatar\/ab5bb07042fef19b9b9b0c5877e56642?s=96&d=mm&r=g","contentUrl":"https:\/\/secure.gravatar.com\/avatar\/ab5bb07042fef19b9b9b0c5877e56642?s=96&d=mm&r=g","caption":"Mareike Stanisak"}}]}},"_links":{"self":[{"href":"https:\/\/www.lwbv.de\/lwbv\/wp-json\/wp\/v2\/posts\/1440"}],"collection":[{"href":"https:\/\/www.lwbv.de\/lwbv\/wp-json\/wp\/v2\/posts"}],"about":[{"href":"https:\/\/www.lwbv.de\/lwbv\/wp-json\/wp\/v2\/types\/post"}],"author":[{"embeddable":true,"href":"https:\/\/www.lwbv.de\/lwbv\/wp-json\/wp\/v2\/users\/5"}],"replies":[{"embeddable":true,"href":"https:\/\/www.lwbv.de\/lwbv\/wp-json\/wp\/v2\/comments?post=1440"}],"version-history":[{"count":3,"href":"https:\/\/www.lwbv.de\/lwbv\/wp-json\/wp\/v2\/posts\/1440\/revisions"}],"predecessor-version":[{"id":1444,"href":"https:\/\/www.lwbv.de\/lwbv\/wp-json\/wp\/v2\/posts\/1440\/revisions\/1444"}],"wp:featuredmedia":[{"embeddable":true,"href":"https:\/\/www.lwbv.de\/lwbv\/wp-json\/wp\/v2\/media\/1442"}],"wp:attachment":[{"href":"https:\/\/www.lwbv.de\/lwbv\/wp-json\/wp\/v2\/media?parent=1440"}],"wp:term":[{"taxonomy":"category","embeddable":true,"href":"https:\/\/www.lwbv.de\/lwbv\/wp-json\/wp\/v2\/categories?post=1440"},{"taxonomy":"post_tag","embeddable":true,"href":"https:\/\/www.lwbv.de\/lwbv\/wp-json\/wp\/v2\/tags?post=1440"}],"curies":[{"name":"wp","href":"https:\/\/api.w.org\/{rel}","templated":true}]}}