{"id":1451,"date":"2020-01-06T12:14:34","date_gmt":"2020-01-06T11:14:34","guid":{"rendered":"https:\/\/www.lwbv.de\/lwbv\/?p=1451"},"modified":"2020-01-06T12:30:56","modified_gmt":"2020-01-06T11:30:56","slug":"landesverband-im-gespraech-mit-minister-albrecht-2-3-2-2-3-2-2-3","status":"publish","type":"post","link":"https:\/\/www.lwbv.de\/lwbv\/2020\/01\/06\/der-landesverband-verabschiedet-den-langjaehrigen-leiter-der-pruefung-johannes-wilhelm-wittmaack-in-den-ruhestand\/","title":{"rendered":"Verabschiedung in den Ruhestand"},"content":{"rendered":"<p><strong>Der Landesverband verabschiedet den langj\u00e4hrigen Leiter der Pr\u00fcfung Johannes-Wilhelm Wittmaack in den Ruhestand!<\/strong><\/p>\n<p>&nbsp;<\/p>\n<p><!--more--><\/p>\n<p><img loading=\"lazy\" decoding=\"async\" class=\"wp-image-1450 size-medium alignleft\" src=\"https:\/\/www.lwbv.de\/lwbv\/wp-content\/uploads\/2020\/01\/Tsch\u00fc\u00df-Hanne-229x300.png\" alt=\"\" width=\"229\" height=\"300\" \/><\/p>\n<p>Nach 32 aktiven Jahren im Landesverband der Wasser- und Bodenverb\u00e4nde verabschiedete sich der langj\u00e4hrige Leiter der Pr\u00fcfung Johannes-Wilhelm Wittmaack in den Ruhestand.\u00a0Seine feierliche Verabschiedung fand am 20.12.2019 statt.<\/p>\n<p>Die Nachfolge zum Leiter der Pr\u00fcfung \u00a0wird ab dem 01.01.2020 der\u00a0ehem. stellvertretende Pr\u00fcfleiter\u00a0Dipl. Kfm. Torsten Clausen antreten.<\/p>\n<p>&nbsp;<\/p>\n<p>&nbsp;<\/p>\n","protected":false},"excerpt":{"rendered":"<p>Der Landesverband verabschiedet den langj\u00e4hrigen Leiter der Pr\u00fcfung Johannes-Wilhelm Wittmaack in den Ruhestand! &nbsp;<\/p>\n","protected":false},"author":5,"featured_media":0,"comment_status":"closed","ping_status":"closed","sticky":false,"template":"","format":"image","meta":{"footnotes":""},"categories":[1],"tags":[],"yoast_head":"<!-- This site is optimized with the Yoast SEO plugin v22.8 - https:\/\/yoast.com\/wordpress\/plugins\/seo\/ -->\n<title>Verabschiedung in den Ruhestand - Landesverband der Wasser- und Bodenverb\u00e4nde<\/title>\n<meta name=\"robots\" content=\"index, follow, max-snippet:-1, max-image-preview:large, max-video-preview:-1\" \/>\n<link rel=\"canonical\" href=\"https:\/\/www.lwbv.de\/lwbv\/2020\/01\/06\/der-landesverband-verabschiedet-den-langjaehrigen-leiter-der-pruefung-johannes-wilhelm-wittmaack-in-den-ruhestand\/\" \/>\n<meta property=\"og:locale\" content=\"de_DE\" \/>\n<meta property=\"og:type\" content=\"article\" \/>\n<meta property=\"og:title\" content=\"Verabschiedung in den Ruhestand - Landesverband der Wasser- und Bodenverb\u00e4nde\" \/>\n<meta property=\"og:description\" content=\"Der Landesverband verabschiedet den langj\u00e4hrigen Leiter der Pr\u00fcfung Johannes-Wilhelm Wittmaack in den Ruhestand! &nbsp;\" \/>\n<meta property=\"og:url\" content=\"https:\/\/www.lwbv.de\/lwbv\/2020\/01\/06\/der-landesverband-verabschiedet-den-langjaehrigen-leiter-der-pruefung-johannes-wilhelm-wittmaack-in-den-ruhestand\/\" \/>\n<meta property=\"og:site_name\" content=\"Landesverband der Wasser- und Bodenverb\u00e4nde\" \/>\n<meta property=\"article:published_time\" content=\"2020-01-06T11:14:34+00:00\" \/>\n<meta property=\"article:modified_time\" content=\"2020-01-06T11:30:56+00:00\" \/>\n<meta name=\"author\" content=\"Mareike Stanisak\" \/>\n<meta name=\"twitter:card\" content=\"summary_large_image\" \/>\n<meta name=\"twitter:label1\" content=\"Verfasst von\" \/>\n\t<meta name=\"twitter:data1\" content=\"Mareike Stanisak\" \/>\n<script type=\"application\/ld+json\" class=\"yoast-schema-graph\">{\"@context\":\"https:\/\/schema.org\",\"@graph\":[{\"@type\":\"WebPage\",\"@id\":\"https:\/\/www.lwbv.de\/lwbv\/2020\/01\/06\/der-landesverband-verabschiedet-den-langjaehrigen-leiter-der-pruefung-johannes-wilhelm-wittmaack-in-den-ruhestand\/\",\"url\":\"https:\/\/www.lwbv.de\/lwbv\/2020\/01\/06\/der-landesverband-verabschiedet-den-langjaehrigen-leiter-der-pruefung-johannes-wilhelm-wittmaack-in-den-ruhestand\/\",\"name\":\"Verabschiedung in den Ruhestand - Landesverband der Wasser- und Bodenverb\u00e4nde\",\"isPartOf\":{\"@id\":\"https:\/\/www.lwbv.de\/lwbv\/#website\"},\"datePublished\":\"2020-01-06T11:14:34+00:00\",\"dateModified\":\"2020-01-06T11:30:56+00:00\",\"author\":{\"@id\":\"https:\/\/www.lwbv.de\/lwbv\/#\/schema\/person\/98b5f67243cc998bbff770682877bec6\"},\"breadcrumb\":{\"@id\":\"https:\/\/www.lwbv.de\/lwbv\/2020\/01\/06\/der-landesverband-verabschiedet-den-langjaehrigen-leiter-der-pruefung-johannes-wilhelm-wittmaack-in-den-ruhestand\/#breadcrumb\"},\"inLanguage\":\"de\",\"potentialAction\":[{\"@type\":\"ReadAction\",\"target\":[\"https:\/\/www.lwbv.de\/lwbv\/2020\/01\/06\/der-landesverband-verabschiedet-den-langjaehrigen-leiter-der-pruefung-johannes-wilhelm-wittmaack-in-den-ruhestand\/\"]}]},{\"@type\":\"BreadcrumbList\",\"@id\":\"https:\/\/www.lwbv.de\/lwbv\/2020\/01\/06\/der-landesverband-verabschiedet-den-langjaehrigen-leiter-der-pruefung-johannes-wilhelm-wittmaack-in-den-ruhestand\/#breadcrumb\",\"itemListElement\":[{\"@type\":\"ListItem\",\"position\":1,\"name\":\"Startseite\",\"item\":\"https:\/\/www.lwbv.de\/lwbv\/\"},{\"@type\":\"ListItem\",\"position\":2,\"name\":\"Verabschiedung in den Ruhestand\"}]},{\"@type\":\"WebSite\",\"@id\":\"https:\/\/www.lwbv.de\/lwbv\/#website\",\"url\":\"https:\/\/www.lwbv.de\/lwbv\/\",\"name\":\"Landesverband der Wasser- und Bodenverb\u00e4nde\",\"description\":\"\",\"potentialAction\":[{\"@type\":\"SearchAction\",\"target\":{\"@type\":\"EntryPoint\",\"urlTemplate\":\"https:\/\/www.lwbv.de\/lwbv\/?s={search_term_string}\"},\"query-input\":\"required name=search_term_string\"}],\"inLanguage\":\"de\"},{\"@type\":\"Person\",\"@id\":\"https:\/\/www.lwbv.de\/lwbv\/#\/schema\/person\/98b5f67243cc998bbff770682877bec6\",\"name\":\"Mareike Stanisak\",\"image\":{\"@type\":\"ImageObject\",\"inLanguage\":\"de\",\"@id\":\"https:\/\/www.lwbv.de\/lwbv\/#\/schema\/person\/image\/\",\"url\":\"https:\/\/secure.gravatar.com\/avatar\/ab5bb07042fef19b9b9b0c5877e56642?s=96&d=mm&r=g\",\"contentUrl\":\"https:\/\/secure.gravatar.com\/avatar\/ab5bb07042fef19b9b9b0c5877e56642?s=96&d=mm&r=g\",\"caption\":\"Mareike Stanisak\"}}]}<\/script>\n<!-- \/ Yoast SEO plugin. -->","yoast_head_json":{"title":"Verabschiedung in den Ruhestand - Landesverband der Wasser- und Bodenverb\u00e4nde","robots":{"index":"index","follow":"follow","max-snippet":"max-snippet:-1","max-image-preview":"max-image-preview:large","max-video-preview":"max-video-preview:-1"},"canonical":"https:\/\/www.lwbv.de\/lwbv\/2020\/01\/06\/der-landesverband-verabschiedet-den-langjaehrigen-leiter-der-pruefung-johannes-wilhelm-wittmaack-in-den-ruhestand\/","og_locale":"de_DE","og_type":"article","og_title":"Verabschiedung in den Ruhestand - Landesverband der Wasser- und Bodenverb\u00e4nde","og_description":"Der Landesverband verabschiedet den langj\u00e4hrigen Leiter der Pr\u00fcfung Johannes-Wilhelm Wittmaack in den Ruhestand! &nbsp;","og_url":"https:\/\/www.lwbv.de\/lwbv\/2020\/01\/06\/der-landesverband-verabschiedet-den-langjaehrigen-leiter-der-pruefung-johannes-wilhelm-wittmaack-in-den-ruhestand\/","og_site_name":"Landesverband der Wasser- und Bodenverb\u00e4nde","article_published_time":"2020-01-06T11:14:34+00:00","article_modified_time":"2020-01-06T11:30:56+00:00","author":"Mareike Stanisak","twitter_card":"summary_large_image","twitter_misc":{"Verfasst von":"Mareike Stanisak"},"schema":{"@context":"https:\/\/schema.org","@graph":[{"@type":"WebPage","@id":"https:\/\/www.lwbv.de\/lwbv\/2020\/01\/06\/der-landesverband-verabschiedet-den-langjaehrigen-leiter-der-pruefung-johannes-wilhelm-wittmaack-in-den-ruhestand\/","url":"https:\/\/www.lwbv.de\/lwbv\/2020\/01\/06\/der-landesverband-verabschiedet-den-langjaehrigen-leiter-der-pruefung-johannes-wilhelm-wittmaack-in-den-ruhestand\/","name":"Verabschiedung in den Ruhestand - Landesverband der Wasser- und Bodenverb\u00e4nde","isPartOf":{"@id":"https:\/\/www.lwbv.de\/lwbv\/#website"},"datePublished":"2020-01-06T11:14:34+00:00","dateModified":"2020-01-06T11:30:56+00:00","author":{"@id":"https:\/\/www.lwbv.de\/lwbv\/#\/schema\/person\/98b5f67243cc998bbff770682877bec6"},"breadcrumb":{"@id":"https:\/\/www.lwbv.de\/lwbv\/2020\/01\/06\/der-landesverband-verabschiedet-den-langjaehrigen-leiter-der-pruefung-johannes-wilhelm-wittmaack-in-den-ruhestand\/#breadcrumb"},"inLanguage":"de","potentialAction":[{"@type":"ReadAction","target":["https:\/\/www.lwbv.de\/lwbv\/2020\/01\/06\/der-landesverband-verabschiedet-den-langjaehrigen-leiter-der-pruefung-johannes-wilhelm-wittmaack-in-den-ruhestand\/"]}]},{"@type":"BreadcrumbList","@id":"https:\/\/www.lwbv.de\/lwbv\/2020\/01\/06\/der-landesverband-verabschiedet-den-langjaehrigen-leiter-der-pruefung-johannes-wilhelm-wittmaack-in-den-ruhestand\/#breadcrumb","itemListElement":[{"@type":"ListItem","position":1,"name":"Startseite","item":"https:\/\/www.lwbv.de\/lwbv\/"},{"@type":"ListItem","position":2,"name":"Verabschiedung in den Ruhestand"}]},{"@type":"WebSite","@id":"https:\/\/www.lwbv.de\/lwbv\/#website","url":"https:\/\/www.lwbv.de\/lwbv\/","name":"Landesverband der Wasser- und Bodenverb\u00e4nde","description":"","potentialAction":[{"@type":"SearchAction","target":{"@type":"EntryPoint","urlTemplate":"https:\/\/www.lwbv.de\/lwbv\/?s={search_term_string}"},"query-input":"required name=search_term_string"}],"inLanguage":"de"},{"@type":"Person","@id":"https:\/\/www.lwbv.de\/lwbv\/#\/schema\/person\/98b5f67243cc998bbff770682877bec6","name":"Mareike Stanisak","image":{"@type":"ImageObject","inLanguage":"de","@id":"https:\/\/www.lwbv.de\/lwbv\/#\/schema\/person\/image\/","url":"https:\/\/secure.gravatar.com\/avatar\/ab5bb07042fef19b9b9b0c5877e56642?s=96&d=mm&r=g","contentUrl":"https:\/\/secure.gravatar.com\/avatar\/ab5bb07042fef19b9b9b0c5877e56642?s=96&d=mm&r=g","caption":"Mareike Stanisak"}}]}},"_links":{"self":[{"href":"https:\/\/www.lwbv.de\/lwbv\/wp-json\/wp\/v2\/posts\/1451"}],"collection":[{"href":"https:\/\/www.lwbv.de\/lwbv\/wp-json\/wp\/v2\/posts"}],"about":[{"href":"https:\/\/www.lwbv.de\/lwbv\/wp-json\/wp\/v2\/types\/post"}],"author":[{"embeddable":true,"href":"https:\/\/www.lwbv.de\/lwbv\/wp-json\/wp\/v2\/users\/5"}],"replies":[{"embeddable":true,"href":"https:\/\/www.lwbv.de\/lwbv\/wp-json\/wp\/v2\/comments?post=1451"}],"version-history":[{"count":17,"href":"https:\/\/www.lwbv.de\/lwbv\/wp-json\/wp\/v2\/posts\/1451\/revisions"}],"predecessor-version":[{"id":1712,"href":"https:\/\/www.lwbv.de\/lwbv\/wp-json\/wp\/v2\/posts\/1451\/revisions\/1712"}],"wp:attachment":[{"href":"https:\/\/www.lwbv.de\/lwbv\/wp-json\/wp\/v2\/media?parent=1451"}],"wp:term":[{"taxonomy":"category","embeddable":true,"href":"https:\/\/www.lwbv.de\/lwbv\/wp-json\/wp\/v2\/categories?post=1451"},{"taxonomy":"post_tag","embeddable":true,"href":"https:\/\/www.lwbv.de\/lwbv\/wp-json\/wp\/v2\/tags?post=1451"}],"curies":[{"name":"wp","href":"https:\/\/api.w.org\/{rel}","templated":true}]}}