{"id":1513,"date":"2020-03-06T10:46:39","date_gmt":"2020-03-06T09:46:39","guid":{"rendered":"https:\/\/www.lwbv.de\/lwbv\/?p=1513"},"modified":"2020-03-12T08:24:45","modified_gmt":"2020-03-12T07:24:45","slug":"verbands-informationen-nr-93-erschienen-14-4","status":"publish","type":"post","link":"https:\/\/www.lwbv.de\/lwbv\/2020\/03\/06\/allianz-fuer-den-gewaesserschutz-laedt-zu-vortragsveranstaltungen\/","title":{"rendered":"VERANSTALTUNGEN ABGESAGT!!! Die Allianz f\u00fcr den Gew\u00e4sserschutz l\u00e4dt zu Vortragsveranstaltungen"},"content":{"rendered":"<p>DIE VERANSTALTUNGEN WURDEN VOR DEM HINTERGRUND DER CORONA-PANDEMIE VORSICHTSHALBER ABGESAGT!<\/p>\n<p>&nbsp;<\/p>\n<p>&nbsp;<\/p>\n","protected":false},"excerpt":{"rendered":"<p>DIE VERANSTALTUNGEN WURDEN VOR DEM HINTERGRUND DER CORONA-PANDEMIE VORSICHTSHALBER ABGESAGT! &nbsp; &nbsp;<\/p>\n","protected":false},"author":5,"featured_media":0,"comment_status":"closed","ping_status":"open","sticky":false,"template":"","format":"standard","meta":{"footnotes":""},"categories":[1],"tags":[],"yoast_head":"<!-- This site is optimized with the Yoast SEO plugin v22.8 - https:\/\/yoast.com\/wordpress\/plugins\/seo\/ -->\n<title>VERANSTALTUNGEN ABGESAGT!!! Die Allianz f\u00fcr den Gew\u00e4sserschutz l\u00e4dt zu Vortragsveranstaltungen - Landesverband der Wasser- und Bodenverb\u00e4nde<\/title>\n<meta name=\"robots\" content=\"index, follow, max-snippet:-1, max-image-preview:large, max-video-preview:-1\" \/>\n<link rel=\"canonical\" href=\"https:\/\/www.lwbv.de\/lwbv\/2020\/03\/06\/allianz-fuer-den-gewaesserschutz-laedt-zu-vortragsveranstaltungen\/\" \/>\n<meta property=\"og:locale\" content=\"de_DE\" \/>\n<meta property=\"og:type\" content=\"article\" \/>\n<meta property=\"og:title\" content=\"VERANSTALTUNGEN ABGESAGT!!! Die Allianz f\u00fcr den Gew\u00e4sserschutz l\u00e4dt zu Vortragsveranstaltungen - Landesverband der Wasser- und Bodenverb\u00e4nde\" \/>\n<meta property=\"og:description\" content=\"DIE VERANSTALTUNGEN WURDEN VOR DEM HINTERGRUND DER CORONA-PANDEMIE VORSICHTSHALBER ABGESAGT! &nbsp; &nbsp;\" \/>\n<meta property=\"og:url\" content=\"https:\/\/www.lwbv.de\/lwbv\/2020\/03\/06\/allianz-fuer-den-gewaesserschutz-laedt-zu-vortragsveranstaltungen\/\" \/>\n<meta property=\"og:site_name\" content=\"Landesverband der Wasser- und Bodenverb\u00e4nde\" \/>\n<meta property=\"article:published_time\" content=\"2020-03-06T09:46:39+00:00\" \/>\n<meta property=\"article:modified_time\" content=\"2020-03-12T07:24:45+00:00\" \/>\n<meta name=\"author\" content=\"Mareike Stanisak\" \/>\n<meta name=\"twitter:card\" content=\"summary_large_image\" \/>\n<meta name=\"twitter:label1\" content=\"Verfasst von\" \/>\n\t<meta name=\"twitter:data1\" content=\"Mareike Stanisak\" \/>\n<script type=\"application\/ld+json\" class=\"yoast-schema-graph\">{\"@context\":\"https:\/\/schema.org\",\"@graph\":[{\"@type\":\"WebPage\",\"@id\":\"https:\/\/www.lwbv.de\/lwbv\/2020\/03\/06\/allianz-fuer-den-gewaesserschutz-laedt-zu-vortragsveranstaltungen\/\",\"url\":\"https:\/\/www.lwbv.de\/lwbv\/2020\/03\/06\/allianz-fuer-den-gewaesserschutz-laedt-zu-vortragsveranstaltungen\/\",\"name\":\"VERANSTALTUNGEN ABGESAGT!!! Die Allianz f\u00fcr den Gew\u00e4sserschutz l\u00e4dt zu Vortragsveranstaltungen - Landesverband der Wasser- und Bodenverb\u00e4nde\",\"isPartOf\":{\"@id\":\"https:\/\/www.lwbv.de\/lwbv\/#website\"},\"datePublished\":\"2020-03-06T09:46:39+00:00\",\"dateModified\":\"2020-03-12T07:24:45+00:00\",\"author\":{\"@id\":\"https:\/\/www.lwbv.de\/lwbv\/#\/schema\/person\/98b5f67243cc998bbff770682877bec6\"},\"breadcrumb\":{\"@id\":\"https:\/\/www.lwbv.de\/lwbv\/2020\/03\/06\/allianz-fuer-den-gewaesserschutz-laedt-zu-vortragsveranstaltungen\/#breadcrumb\"},\"inLanguage\":\"de\",\"potentialAction\":[{\"@type\":\"ReadAction\",\"target\":[\"https:\/\/www.lwbv.de\/lwbv\/2020\/03\/06\/allianz-fuer-den-gewaesserschutz-laedt-zu-vortragsveranstaltungen\/\"]}]},{\"@type\":\"BreadcrumbList\",\"@id\":\"https:\/\/www.lwbv.de\/lwbv\/2020\/03\/06\/allianz-fuer-den-gewaesserschutz-laedt-zu-vortragsveranstaltungen\/#breadcrumb\",\"itemListElement\":[{\"@type\":\"ListItem\",\"position\":1,\"name\":\"Startseite\",\"item\":\"https:\/\/www.lwbv.de\/lwbv\/\"},{\"@type\":\"ListItem\",\"position\":2,\"name\":\"VERANSTALTUNGEN ABGESAGT!!! Die Allianz f\u00fcr den Gew\u00e4sserschutz l\u00e4dt zu Vortragsveranstaltungen\"}]},{\"@type\":\"WebSite\",\"@id\":\"https:\/\/www.lwbv.de\/lwbv\/#website\",\"url\":\"https:\/\/www.lwbv.de\/lwbv\/\",\"name\":\"Landesverband der Wasser- und Bodenverb\u00e4nde\",\"description\":\"\",\"potentialAction\":[{\"@type\":\"SearchAction\",\"target\":{\"@type\":\"EntryPoint\",\"urlTemplate\":\"https:\/\/www.lwbv.de\/lwbv\/?s={search_term_string}\"},\"query-input\":\"required name=search_term_string\"}],\"inLanguage\":\"de\"},{\"@type\":\"Person\",\"@id\":\"https:\/\/www.lwbv.de\/lwbv\/#\/schema\/person\/98b5f67243cc998bbff770682877bec6\",\"name\":\"Mareike Stanisak\",\"image\":{\"@type\":\"ImageObject\",\"inLanguage\":\"de\",\"@id\":\"https:\/\/www.lwbv.de\/lwbv\/#\/schema\/person\/image\/\",\"url\":\"https:\/\/secure.gravatar.com\/avatar\/ab5bb07042fef19b9b9b0c5877e56642?s=96&d=mm&r=g\",\"contentUrl\":\"https:\/\/secure.gravatar.com\/avatar\/ab5bb07042fef19b9b9b0c5877e56642?s=96&d=mm&r=g\",\"caption\":\"Mareike Stanisak\"}}]}<\/script>\n<!-- \/ Yoast SEO plugin. -->","yoast_head_json":{"title":"VERANSTALTUNGEN ABGESAGT!!! Die Allianz f\u00fcr den Gew\u00e4sserschutz l\u00e4dt zu Vortragsveranstaltungen - Landesverband der Wasser- und Bodenverb\u00e4nde","robots":{"index":"index","follow":"follow","max-snippet":"max-snippet:-1","max-image-preview":"max-image-preview:large","max-video-preview":"max-video-preview:-1"},"canonical":"https:\/\/www.lwbv.de\/lwbv\/2020\/03\/06\/allianz-fuer-den-gewaesserschutz-laedt-zu-vortragsveranstaltungen\/","og_locale":"de_DE","og_type":"article","og_title":"VERANSTALTUNGEN ABGESAGT!!! Die Allianz f\u00fcr den Gew\u00e4sserschutz l\u00e4dt zu Vortragsveranstaltungen - Landesverband der Wasser- und Bodenverb\u00e4nde","og_description":"DIE VERANSTALTUNGEN WURDEN VOR DEM HINTERGRUND DER CORONA-PANDEMIE VORSICHTSHALBER ABGESAGT! &nbsp; &nbsp;","og_url":"https:\/\/www.lwbv.de\/lwbv\/2020\/03\/06\/allianz-fuer-den-gewaesserschutz-laedt-zu-vortragsveranstaltungen\/","og_site_name":"Landesverband der Wasser- und Bodenverb\u00e4nde","article_published_time":"2020-03-06T09:46:39+00:00","article_modified_time":"2020-03-12T07:24:45+00:00","author":"Mareike Stanisak","twitter_card":"summary_large_image","twitter_misc":{"Verfasst von":"Mareike Stanisak"},"schema":{"@context":"https:\/\/schema.org","@graph":[{"@type":"WebPage","@id":"https:\/\/www.lwbv.de\/lwbv\/2020\/03\/06\/allianz-fuer-den-gewaesserschutz-laedt-zu-vortragsveranstaltungen\/","url":"https:\/\/www.lwbv.de\/lwbv\/2020\/03\/06\/allianz-fuer-den-gewaesserschutz-laedt-zu-vortragsveranstaltungen\/","name":"VERANSTALTUNGEN ABGESAGT!!! Die Allianz f\u00fcr den Gew\u00e4sserschutz l\u00e4dt zu Vortragsveranstaltungen - Landesverband der Wasser- und Bodenverb\u00e4nde","isPartOf":{"@id":"https:\/\/www.lwbv.de\/lwbv\/#website"},"datePublished":"2020-03-06T09:46:39+00:00","dateModified":"2020-03-12T07:24:45+00:00","author":{"@id":"https:\/\/www.lwbv.de\/lwbv\/#\/schema\/person\/98b5f67243cc998bbff770682877bec6"},"breadcrumb":{"@id":"https:\/\/www.lwbv.de\/lwbv\/2020\/03\/06\/allianz-fuer-den-gewaesserschutz-laedt-zu-vortragsveranstaltungen\/#breadcrumb"},"inLanguage":"de","potentialAction":[{"@type":"ReadAction","target":["https:\/\/www.lwbv.de\/lwbv\/2020\/03\/06\/allianz-fuer-den-gewaesserschutz-laedt-zu-vortragsveranstaltungen\/"]}]},{"@type":"BreadcrumbList","@id":"https:\/\/www.lwbv.de\/lwbv\/2020\/03\/06\/allianz-fuer-den-gewaesserschutz-laedt-zu-vortragsveranstaltungen\/#breadcrumb","itemListElement":[{"@type":"ListItem","position":1,"name":"Startseite","item":"https:\/\/www.lwbv.de\/lwbv\/"},{"@type":"ListItem","position":2,"name":"VERANSTALTUNGEN ABGESAGT!!! Die Allianz f\u00fcr den Gew\u00e4sserschutz l\u00e4dt zu Vortragsveranstaltungen"}]},{"@type":"WebSite","@id":"https:\/\/www.lwbv.de\/lwbv\/#website","url":"https:\/\/www.lwbv.de\/lwbv\/","name":"Landesverband der Wasser- und Bodenverb\u00e4nde","description":"","potentialAction":[{"@type":"SearchAction","target":{"@type":"EntryPoint","urlTemplate":"https:\/\/www.lwbv.de\/lwbv\/?s={search_term_string}"},"query-input":"required name=search_term_string"}],"inLanguage":"de"},{"@type":"Person","@id":"https:\/\/www.lwbv.de\/lwbv\/#\/schema\/person\/98b5f67243cc998bbff770682877bec6","name":"Mareike Stanisak","image":{"@type":"ImageObject","inLanguage":"de","@id":"https:\/\/www.lwbv.de\/lwbv\/#\/schema\/person\/image\/","url":"https:\/\/secure.gravatar.com\/avatar\/ab5bb07042fef19b9b9b0c5877e56642?s=96&d=mm&r=g","contentUrl":"https:\/\/secure.gravatar.com\/avatar\/ab5bb07042fef19b9b9b0c5877e56642?s=96&d=mm&r=g","caption":"Mareike Stanisak"}}]}},"_links":{"self":[{"href":"https:\/\/www.lwbv.de\/lwbv\/wp-json\/wp\/v2\/posts\/1513"}],"collection":[{"href":"https:\/\/www.lwbv.de\/lwbv\/wp-json\/wp\/v2\/posts"}],"about":[{"href":"https:\/\/www.lwbv.de\/lwbv\/wp-json\/wp\/v2\/types\/post"}],"author":[{"embeddable":true,"href":"https:\/\/www.lwbv.de\/lwbv\/wp-json\/wp\/v2\/users\/5"}],"replies":[{"embeddable":true,"href":"https:\/\/www.lwbv.de\/lwbv\/wp-json\/wp\/v2\/comments?post=1513"}],"version-history":[{"count":13,"href":"https:\/\/www.lwbv.de\/lwbv\/wp-json\/wp\/v2\/posts\/1513\/revisions"}],"predecessor-version":[{"id":1528,"href":"https:\/\/www.lwbv.de\/lwbv\/wp-json\/wp\/v2\/posts\/1513\/revisions\/1528"}],"wp:attachment":[{"href":"https:\/\/www.lwbv.de\/lwbv\/wp-json\/wp\/v2\/media?parent=1513"}],"wp:term":[{"taxonomy":"category","embeddable":true,"href":"https:\/\/www.lwbv.de\/lwbv\/wp-json\/wp\/v2\/categories?post=1513"},{"taxonomy":"post_tag","embeddable":true,"href":"https:\/\/www.lwbv.de\/lwbv\/wp-json\/wp\/v2\/tags?post=1513"}],"curies":[{"name":"wp","href":"https:\/\/api.w.org\/{rel}","templated":true}]}}