{"id":1533,"date":"2020-03-30T12:10:59","date_gmt":"2020-03-30T10:10:59","guid":{"rendered":"https:\/\/www.lwbv.de\/lwbv\/?p=1533"},"modified":"2020-03-30T12:12:30","modified_gmt":"2020-03-30T10:12:30","slug":"verbands-informationen-nr-93-erschienen-14-4-2-2","status":"publish","type":"post","link":"https:\/\/www.lwbv.de\/lwbv\/2020\/03\/30\/massnahmen-fuer-den-klimaschutz-wasser--und-bodenverbaende-sind-aufgerufen-sich-mit-ideen-zu-beteiligen\/","title":{"rendered":"Ma\u00dfnahmen f\u00fcr den Klimaschutz \u2013 Wasser- und Bodenverb\u00e4nde sind aufgerufen, sich mit Ideen zu beteiligen"},"content":{"rendered":"<p>Im Rahmen des Klimaschutzprogramms 2030 der Bundesregierung werden f\u00fcr die Jahre 2021-2023 jeweils Mittel in H\u00f6he von 56 Mio. Euro f\u00fcr den Schutz von Moorb\u00f6den bereitgestellt.<\/p>\n<p>Unter anderem aus der Umsetzung der Wasserrahmenrichtlinie und aus dem Abschlussbericht zum Projekt Niederungen 2050 des Marschenverbandes ergeben sich bereits heute geeignete Ma\u00dfnahmen f\u00fcr den Moorschutz. Die Wasser- und Bodenverb\u00e4nde sind daher im besonderen Ma\u00dfe aufgerufen, geeignete Schritte wie z.B. wasserbauliche Ma\u00dfnahmen zum Wasserr\u00fcckhalt vorzuschlagen.<\/p>\n<p>Daneben kommen aus der Sicht des BMEL\/BMU auch Projekte in Frage, die sich z.B. auf die Verbesserung des Wasserr\u00fcckhalteverm\u00f6gens oder auf die Anschaffung von Spezialtechnik \/ Ausr\u00fcstung zur Moorbodenbewirtschaftung beziehen.<\/p>\n<p>Auch wenn nicht bei jeder Ma\u00dfnahme ein Wasser- und Bodenverband als Ma\u00dfnahmentr\u00e4ger in Frage kommt \u2013 auch die Benennung anderer Tr\u00e4ger ist m\u00f6glich &#8211; muss sichergestellt sein, dass durch die finanzierten Ma\u00dfnahmen ein\u00a0<strong>nachweisbarer Beitrag zum Klimaschutz<\/strong>\u00a0erreicht werden kann.<\/p>\n<p>Interessenbekundungen werden m\u00f6glichst kurzfristig an das MELUND (E-Mail:\u00a0<a href=\"mailto:torsten.boysen@melund.landsh.de\">torsten.boysen@melund.landsh.de<\/a>) erbeten. Dort k\u00f6nnen auch weitere Informationen zu diesem lohnenswerten Klimaschutzprogramm abgerufen werden.<\/p>\n<p>&nbsp;<\/p>\n","protected":false},"excerpt":{"rendered":"<p>Im Rahmen des Klimaschutzprogramms 2030 der Bundesregierung werden f\u00fcr die Jahre 2021-2023 jeweils Mittel in H\u00f6he von 56 Mio. Euro f\u00fcr den Schutz von Moorb\u00f6den bereitgestellt. Unter anderem aus der Umsetzung der Wasserrahmenrichtlinie und aus dem Abschlussbericht zum Projekt Niederungen 2050 des Marschenverbandes ergeben sich bereits heute geeignete Ma\u00dfnahmen f\u00fcr den Moorschutz. Die Wasser- und&hellip;<\/p>\n","protected":false},"author":5,"featured_media":0,"comment_status":"closed","ping_status":"open","sticky":false,"template":"","format":"standard","meta":{"footnotes":""},"categories":[1],"tags":[],"yoast_head":"<!-- This site is optimized with the Yoast SEO plugin v22.8 - https:\/\/yoast.com\/wordpress\/plugins\/seo\/ -->\n<title>Ma\u00dfnahmen f\u00fcr den Klimaschutz \u2013 Wasser- und Bodenverb\u00e4nde sind aufgerufen, sich mit Ideen zu beteiligen - Landesverband der Wasser- und Bodenverb\u00e4nde<\/title>\n<meta name=\"robots\" content=\"index, follow, max-snippet:-1, max-image-preview:large, max-video-preview:-1\" \/>\n<link rel=\"canonical\" href=\"https:\/\/www.lwbv.de\/lwbv\/2020\/03\/30\/massnahmen-fuer-den-klimaschutz-wasser--und-bodenverbaende-sind-aufgerufen-sich-mit-ideen-zu-beteiligen\/\" \/>\n<meta property=\"og:locale\" content=\"de_DE\" \/>\n<meta property=\"og:type\" content=\"article\" \/>\n<meta property=\"og:title\" content=\"Ma\u00dfnahmen f\u00fcr den Klimaschutz \u2013 Wasser- und Bodenverb\u00e4nde sind aufgerufen, sich mit Ideen zu beteiligen - Landesverband der Wasser- und Bodenverb\u00e4nde\" \/>\n<meta property=\"og:description\" content=\"Im Rahmen des Klimaschutzprogramms 2030 der Bundesregierung werden f\u00fcr die Jahre 2021-2023 jeweils Mittel in H\u00f6he von 56 Mio. Euro f\u00fcr den Schutz von Moorb\u00f6den bereitgestellt. Unter anderem aus der Umsetzung der Wasserrahmenrichtlinie und aus dem Abschlussbericht zum Projekt Niederungen 2050 des Marschenverbandes ergeben sich bereits heute geeignete Ma\u00dfnahmen f\u00fcr den Moorschutz. Die Wasser- und&hellip;\" \/>\n<meta property=\"og:url\" content=\"https:\/\/www.lwbv.de\/lwbv\/2020\/03\/30\/massnahmen-fuer-den-klimaschutz-wasser--und-bodenverbaende-sind-aufgerufen-sich-mit-ideen-zu-beteiligen\/\" \/>\n<meta property=\"og:site_name\" content=\"Landesverband der Wasser- und Bodenverb\u00e4nde\" \/>\n<meta property=\"article:published_time\" content=\"2020-03-30T10:10:59+00:00\" \/>\n<meta property=\"article:modified_time\" content=\"2020-03-30T10:12:30+00:00\" \/>\n<meta name=\"author\" content=\"Mareike Stanisak\" \/>\n<meta name=\"twitter:card\" content=\"summary_large_image\" \/>\n<meta name=\"twitter:label1\" content=\"Verfasst von\" \/>\n\t<meta name=\"twitter:data1\" content=\"Mareike Stanisak\" \/>\n\t<meta name=\"twitter:label2\" content=\"Gesch\u00e4tzte Lesezeit\" \/>\n\t<meta name=\"twitter:data2\" content=\"1\u00a0Minute\" \/>\n<script type=\"application\/ld+json\" class=\"yoast-schema-graph\">{\"@context\":\"https:\/\/schema.org\",\"@graph\":[{\"@type\":\"WebPage\",\"@id\":\"https:\/\/www.lwbv.de\/lwbv\/2020\/03\/30\/massnahmen-fuer-den-klimaschutz-wasser--und-bodenverbaende-sind-aufgerufen-sich-mit-ideen-zu-beteiligen\/\",\"url\":\"https:\/\/www.lwbv.de\/lwbv\/2020\/03\/30\/massnahmen-fuer-den-klimaschutz-wasser--und-bodenverbaende-sind-aufgerufen-sich-mit-ideen-zu-beteiligen\/\",\"name\":\"Ma\u00dfnahmen f\u00fcr den Klimaschutz \u2013 Wasser- und Bodenverb\u00e4nde sind aufgerufen, sich mit Ideen zu beteiligen - Landesverband der Wasser- und Bodenverb\u00e4nde\",\"isPartOf\":{\"@id\":\"https:\/\/www.lwbv.de\/lwbv\/#website\"},\"datePublished\":\"2020-03-30T10:10:59+00:00\",\"dateModified\":\"2020-03-30T10:12:30+00:00\",\"author\":{\"@id\":\"https:\/\/www.lwbv.de\/lwbv\/#\/schema\/person\/98b5f67243cc998bbff770682877bec6\"},\"breadcrumb\":{\"@id\":\"https:\/\/www.lwbv.de\/lwbv\/2020\/03\/30\/massnahmen-fuer-den-klimaschutz-wasser--und-bodenverbaende-sind-aufgerufen-sich-mit-ideen-zu-beteiligen\/#breadcrumb\"},\"inLanguage\":\"de\",\"potentialAction\":[{\"@type\":\"ReadAction\",\"target\":[\"https:\/\/www.lwbv.de\/lwbv\/2020\/03\/30\/massnahmen-fuer-den-klimaschutz-wasser--und-bodenverbaende-sind-aufgerufen-sich-mit-ideen-zu-beteiligen\/\"]}]},{\"@type\":\"BreadcrumbList\",\"@id\":\"https:\/\/www.lwbv.de\/lwbv\/2020\/03\/30\/massnahmen-fuer-den-klimaschutz-wasser--und-bodenverbaende-sind-aufgerufen-sich-mit-ideen-zu-beteiligen\/#breadcrumb\",\"itemListElement\":[{\"@type\":\"ListItem\",\"position\":1,\"name\":\"Startseite\",\"item\":\"https:\/\/www.lwbv.de\/lwbv\/\"},{\"@type\":\"ListItem\",\"position\":2,\"name\":\"Ma\u00dfnahmen f\u00fcr den Klimaschutz \u2013 Wasser- und Bodenverb\u00e4nde sind aufgerufen, sich mit Ideen zu beteiligen\"}]},{\"@type\":\"WebSite\",\"@id\":\"https:\/\/www.lwbv.de\/lwbv\/#website\",\"url\":\"https:\/\/www.lwbv.de\/lwbv\/\",\"name\":\"Landesverband der Wasser- und Bodenverb\u00e4nde\",\"description\":\"\",\"potentialAction\":[{\"@type\":\"SearchAction\",\"target\":{\"@type\":\"EntryPoint\",\"urlTemplate\":\"https:\/\/www.lwbv.de\/lwbv\/?s={search_term_string}\"},\"query-input\":\"required name=search_term_string\"}],\"inLanguage\":\"de\"},{\"@type\":\"Person\",\"@id\":\"https:\/\/www.lwbv.de\/lwbv\/#\/schema\/person\/98b5f67243cc998bbff770682877bec6\",\"name\":\"Mareike Stanisak\",\"image\":{\"@type\":\"ImageObject\",\"inLanguage\":\"de\",\"@id\":\"https:\/\/www.lwbv.de\/lwbv\/#\/schema\/person\/image\/\",\"url\":\"https:\/\/secure.gravatar.com\/avatar\/ab5bb07042fef19b9b9b0c5877e56642?s=96&d=mm&r=g\",\"contentUrl\":\"https:\/\/secure.gravatar.com\/avatar\/ab5bb07042fef19b9b9b0c5877e56642?s=96&d=mm&r=g\",\"caption\":\"Mareike Stanisak\"}}]}<\/script>\n<!-- \/ Yoast SEO plugin. -->","yoast_head_json":{"title":"Ma\u00dfnahmen f\u00fcr den Klimaschutz \u2013 Wasser- und Bodenverb\u00e4nde sind aufgerufen, sich mit Ideen zu beteiligen - Landesverband der Wasser- und Bodenverb\u00e4nde","robots":{"index":"index","follow":"follow","max-snippet":"max-snippet:-1","max-image-preview":"max-image-preview:large","max-video-preview":"max-video-preview:-1"},"canonical":"https:\/\/www.lwbv.de\/lwbv\/2020\/03\/30\/massnahmen-fuer-den-klimaschutz-wasser--und-bodenverbaende-sind-aufgerufen-sich-mit-ideen-zu-beteiligen\/","og_locale":"de_DE","og_type":"article","og_title":"Ma\u00dfnahmen f\u00fcr den Klimaschutz \u2013 Wasser- und Bodenverb\u00e4nde sind aufgerufen, sich mit Ideen zu beteiligen - Landesverband der Wasser- und Bodenverb\u00e4nde","og_description":"Im Rahmen des Klimaschutzprogramms 2030 der Bundesregierung werden f\u00fcr die Jahre 2021-2023 jeweils Mittel in H\u00f6he von 56 Mio. Euro f\u00fcr den Schutz von Moorb\u00f6den bereitgestellt. Unter anderem aus der Umsetzung der Wasserrahmenrichtlinie und aus dem Abschlussbericht zum Projekt Niederungen 2050 des Marschenverbandes ergeben sich bereits heute geeignete Ma\u00dfnahmen f\u00fcr den Moorschutz. Die Wasser- und&hellip;","og_url":"https:\/\/www.lwbv.de\/lwbv\/2020\/03\/30\/massnahmen-fuer-den-klimaschutz-wasser--und-bodenverbaende-sind-aufgerufen-sich-mit-ideen-zu-beteiligen\/","og_site_name":"Landesverband der Wasser- und Bodenverb\u00e4nde","article_published_time":"2020-03-30T10:10:59+00:00","article_modified_time":"2020-03-30T10:12:30+00:00","author":"Mareike Stanisak","twitter_card":"summary_large_image","twitter_misc":{"Verfasst von":"Mareike Stanisak","Gesch\u00e4tzte Lesezeit":"1\u00a0Minute"},"schema":{"@context":"https:\/\/schema.org","@graph":[{"@type":"WebPage","@id":"https:\/\/www.lwbv.de\/lwbv\/2020\/03\/30\/massnahmen-fuer-den-klimaschutz-wasser--und-bodenverbaende-sind-aufgerufen-sich-mit-ideen-zu-beteiligen\/","url":"https:\/\/www.lwbv.de\/lwbv\/2020\/03\/30\/massnahmen-fuer-den-klimaschutz-wasser--und-bodenverbaende-sind-aufgerufen-sich-mit-ideen-zu-beteiligen\/","name":"Ma\u00dfnahmen f\u00fcr den Klimaschutz \u2013 Wasser- und Bodenverb\u00e4nde sind aufgerufen, sich mit Ideen zu beteiligen - Landesverband der Wasser- und Bodenverb\u00e4nde","isPartOf":{"@id":"https:\/\/www.lwbv.de\/lwbv\/#website"},"datePublished":"2020-03-30T10:10:59+00:00","dateModified":"2020-03-30T10:12:30+00:00","author":{"@id":"https:\/\/www.lwbv.de\/lwbv\/#\/schema\/person\/98b5f67243cc998bbff770682877bec6"},"breadcrumb":{"@id":"https:\/\/www.lwbv.de\/lwbv\/2020\/03\/30\/massnahmen-fuer-den-klimaschutz-wasser--und-bodenverbaende-sind-aufgerufen-sich-mit-ideen-zu-beteiligen\/#breadcrumb"},"inLanguage":"de","potentialAction":[{"@type":"ReadAction","target":["https:\/\/www.lwbv.de\/lwbv\/2020\/03\/30\/massnahmen-fuer-den-klimaschutz-wasser--und-bodenverbaende-sind-aufgerufen-sich-mit-ideen-zu-beteiligen\/"]}]},{"@type":"BreadcrumbList","@id":"https:\/\/www.lwbv.de\/lwbv\/2020\/03\/30\/massnahmen-fuer-den-klimaschutz-wasser--und-bodenverbaende-sind-aufgerufen-sich-mit-ideen-zu-beteiligen\/#breadcrumb","itemListElement":[{"@type":"ListItem","position":1,"name":"Startseite","item":"https:\/\/www.lwbv.de\/lwbv\/"},{"@type":"ListItem","position":2,"name":"Ma\u00dfnahmen f\u00fcr den Klimaschutz \u2013 Wasser- und Bodenverb\u00e4nde sind aufgerufen, sich mit Ideen zu beteiligen"}]},{"@type":"WebSite","@id":"https:\/\/www.lwbv.de\/lwbv\/#website","url":"https:\/\/www.lwbv.de\/lwbv\/","name":"Landesverband der Wasser- und Bodenverb\u00e4nde","description":"","potentialAction":[{"@type":"SearchAction","target":{"@type":"EntryPoint","urlTemplate":"https:\/\/www.lwbv.de\/lwbv\/?s={search_term_string}"},"query-input":"required name=search_term_string"}],"inLanguage":"de"},{"@type":"Person","@id":"https:\/\/www.lwbv.de\/lwbv\/#\/schema\/person\/98b5f67243cc998bbff770682877bec6","name":"Mareike Stanisak","image":{"@type":"ImageObject","inLanguage":"de","@id":"https:\/\/www.lwbv.de\/lwbv\/#\/schema\/person\/image\/","url":"https:\/\/secure.gravatar.com\/avatar\/ab5bb07042fef19b9b9b0c5877e56642?s=96&d=mm&r=g","contentUrl":"https:\/\/secure.gravatar.com\/avatar\/ab5bb07042fef19b9b9b0c5877e56642?s=96&d=mm&r=g","caption":"Mareike Stanisak"}}]}},"_links":{"self":[{"href":"https:\/\/www.lwbv.de\/lwbv\/wp-json\/wp\/v2\/posts\/1533"}],"collection":[{"href":"https:\/\/www.lwbv.de\/lwbv\/wp-json\/wp\/v2\/posts"}],"about":[{"href":"https:\/\/www.lwbv.de\/lwbv\/wp-json\/wp\/v2\/types\/post"}],"author":[{"embeddable":true,"href":"https:\/\/www.lwbv.de\/lwbv\/wp-json\/wp\/v2\/users\/5"}],"replies":[{"embeddable":true,"href":"https:\/\/www.lwbv.de\/lwbv\/wp-json\/wp\/v2\/comments?post=1533"}],"version-history":[{"count":4,"href":"https:\/\/www.lwbv.de\/lwbv\/wp-json\/wp\/v2\/posts\/1533\/revisions"}],"predecessor-version":[{"id":1540,"href":"https:\/\/www.lwbv.de\/lwbv\/wp-json\/wp\/v2\/posts\/1533\/revisions\/1540"}],"wp:attachment":[{"href":"https:\/\/www.lwbv.de\/lwbv\/wp-json\/wp\/v2\/media?parent=1533"}],"wp:term":[{"taxonomy":"category","embeddable":true,"href":"https:\/\/www.lwbv.de\/lwbv\/wp-json\/wp\/v2\/categories?post=1533"},{"taxonomy":"post_tag","embeddable":true,"href":"https:\/\/www.lwbv.de\/lwbv\/wp-json\/wp\/v2\/tags?post=1533"}],"curies":[{"name":"wp","href":"https:\/\/api.w.org\/{rel}","templated":true}]}}