{"id":1599,"date":"2020-08-17T10:46:19","date_gmt":"2020-08-17T08:46:19","guid":{"rendered":"https:\/\/www.lwbv.de\/lwbv\/?p=1599"},"modified":"2020-09-14T11:31:54","modified_gmt":"2020-09-14T09:31:54","slug":"verbands-informationen-nr-93-erschienen-14-4-2-3-2-2-2-2","status":"publish","type":"post","link":"https:\/\/www.lwbv.de\/lwbv\/2020\/08\/17\/rettungsmission-fuer-die-schlei\/","title":{"rendered":"Rettungsmission f\u00fcr die Schlei"},"content":{"rendered":"<p><strong>Umweltminister Albrecht brachte bei einem Besuch in Borgwedel 1,37 Millionen Euro f\u00fcr den Naturschutz mit.<\/strong><\/p>\n<p>Hans-Heinrich Gloy (v.l.), Landesverband <!--more-->der Wasser- und Bodenverb\u00e4nde und Umweltminister Jan Philipp Albrecht unterzeichnen den Vertrag, den Johannes Oelerich vorbereitet hat. Matthias B\u00f6ldt vom Naturpark Schlei h\u00e4lt den Schirm &#8211; Foto: Engelbert.<\/p>\n<p>Lesen Sie <a href=\"https:\/\/www.lwbv.de\/lwbv\/wp-content\/uploads\/2020\/08\/Schlei-2020_7_30_sn_11.pdf\" target=\"_blank\" rel=\"noopener\">hi<\/a><a href=\"https:\/\/www.lwbv.de\/lwbv\/wp-content\/uploads\/2020\/08\/Schlei-2020_7_30_sn_11.pdf\" target=\"_blank\" rel=\"noopener\">er<\/a> den vollst\u00e4ndigen Zeitungsartikel zum\u00a0Fortgang des Pilotprojektes &#8222;Modellregion Schlei&#8220; zur Verbesserung der Wasserqualit\u00e4t.<\/p>\n<p>&nbsp;<\/p>\n<p>&nbsp;<\/p>\n<p>&nbsp;<\/p>\n","protected":false},"excerpt":{"rendered":"<p>Umweltminister Albrecht brachte bei einem Besuch in Borgwedel 1,37 Millionen Euro f\u00fcr den Naturschutz mit. Hans-Heinrich Gloy (v.l.), Landesverband<\/p>\n","protected":false},"author":5,"featured_media":1598,"comment_status":"closed","ping_status":"open","sticky":false,"template":"","format":"standard","meta":{"footnotes":""},"categories":[1],"tags":[],"yoast_head":"<!-- This site is optimized with the Yoast SEO plugin v22.8 - https:\/\/yoast.com\/wordpress\/plugins\/seo\/ -->\n<title>Rettungsmission f\u00fcr die Schlei - Landesverband der Wasser- und Bodenverb\u00e4nde<\/title>\n<meta name=\"robots\" content=\"index, follow, max-snippet:-1, max-image-preview:large, max-video-preview:-1\" \/>\n<link rel=\"canonical\" href=\"https:\/\/www.lwbv.de\/lwbv\/2020\/08\/17\/rettungsmission-fuer-die-schlei\/\" \/>\n<meta property=\"og:locale\" content=\"de_DE\" \/>\n<meta property=\"og:type\" content=\"article\" \/>\n<meta property=\"og:title\" content=\"Rettungsmission f\u00fcr die Schlei - Landesverband der Wasser- und Bodenverb\u00e4nde\" \/>\n<meta property=\"og:description\" content=\"Umweltminister Albrecht brachte bei einem Besuch in Borgwedel 1,37 Millionen Euro f\u00fcr den Naturschutz mit. Hans-Heinrich Gloy (v.l.), Landesverband\" \/>\n<meta property=\"og:url\" content=\"https:\/\/www.lwbv.de\/lwbv\/2020\/08\/17\/rettungsmission-fuer-die-schlei\/\" \/>\n<meta property=\"og:site_name\" content=\"Landesverband der Wasser- und Bodenverb\u00e4nde\" \/>\n<meta property=\"article:published_time\" content=\"2020-08-17T08:46:19+00:00\" \/>\n<meta property=\"article:modified_time\" content=\"2020-09-14T09:31:54+00:00\" \/>\n<meta property=\"og:image\" content=\"https:\/\/www.lwbv.de\/lwbv\/wp-content\/uploads\/2020\/08\/23-123881880-23-123881883-1596029274-e1597654247857.jpg\" \/>\n\t<meta property=\"og:image:width\" content=\"700\" \/>\n\t<meta property=\"og:image:height\" content=\"394\" \/>\n\t<meta property=\"og:image:type\" content=\"image\/jpeg\" \/>\n<meta name=\"author\" content=\"Mareike Stanisak\" \/>\n<meta name=\"twitter:card\" content=\"summary_large_image\" \/>\n<meta name=\"twitter:label1\" content=\"Verfasst von\" \/>\n\t<meta name=\"twitter:data1\" content=\"Mareike Stanisak\" \/>\n<script type=\"application\/ld+json\" class=\"yoast-schema-graph\">{\"@context\":\"https:\/\/schema.org\",\"@graph\":[{\"@type\":\"WebPage\",\"@id\":\"https:\/\/www.lwbv.de\/lwbv\/2020\/08\/17\/rettungsmission-fuer-die-schlei\/\",\"url\":\"https:\/\/www.lwbv.de\/lwbv\/2020\/08\/17\/rettungsmission-fuer-die-schlei\/\",\"name\":\"Rettungsmission f\u00fcr die Schlei - Landesverband der Wasser- und Bodenverb\u00e4nde\",\"isPartOf\":{\"@id\":\"https:\/\/www.lwbv.de\/lwbv\/#website\"},\"primaryImageOfPage\":{\"@id\":\"https:\/\/www.lwbv.de\/lwbv\/2020\/08\/17\/rettungsmission-fuer-die-schlei\/#primaryimage\"},\"image\":{\"@id\":\"https:\/\/www.lwbv.de\/lwbv\/2020\/08\/17\/rettungsmission-fuer-die-schlei\/#primaryimage\"},\"thumbnailUrl\":\"https:\/\/www.lwbv.de\/lwbv\/wp-content\/uploads\/2020\/08\/23-123881880-23-123881883-1596029274-e1597654247857.jpg\",\"datePublished\":\"2020-08-17T08:46:19+00:00\",\"dateModified\":\"2020-09-14T09:31:54+00:00\",\"author\":{\"@id\":\"https:\/\/www.lwbv.de\/lwbv\/#\/schema\/person\/98b5f67243cc998bbff770682877bec6\"},\"breadcrumb\":{\"@id\":\"https:\/\/www.lwbv.de\/lwbv\/2020\/08\/17\/rettungsmission-fuer-die-schlei\/#breadcrumb\"},\"inLanguage\":\"de\",\"potentialAction\":[{\"@type\":\"ReadAction\",\"target\":[\"https:\/\/www.lwbv.de\/lwbv\/2020\/08\/17\/rettungsmission-fuer-die-schlei\/\"]}]},{\"@type\":\"ImageObject\",\"inLanguage\":\"de\",\"@id\":\"https:\/\/www.lwbv.de\/lwbv\/2020\/08\/17\/rettungsmission-fuer-die-schlei\/#primaryimage\",\"url\":\"https:\/\/www.lwbv.de\/lwbv\/wp-content\/uploads\/2020\/08\/23-123881880-23-123881883-1596029274-e1597654247857.jpg\",\"contentUrl\":\"https:\/\/www.lwbv.de\/lwbv\/wp-content\/uploads\/2020\/08\/23-123881880-23-123881883-1596029274-e1597654247857.jpg\",\"width\":700,\"height\":394,\"caption\":\"Unterst\u00fctzung zur Rettung der Schlei: Heinrich Gloy (v.l.), Landesverband der Wasser- und Bodenverb\u00e4nde und Umweltminister Jan Philipp Albrecht unterzeichnen den Vertrag, den Johannes Oelerich vorbereitet hat. Matthias B\u00f6ldt vom Naturpark Schlei h\u00e4lt den Schirm.\"},{\"@type\":\"BreadcrumbList\",\"@id\":\"https:\/\/www.lwbv.de\/lwbv\/2020\/08\/17\/rettungsmission-fuer-die-schlei\/#breadcrumb\",\"itemListElement\":[{\"@type\":\"ListItem\",\"position\":1,\"name\":\"Startseite\",\"item\":\"https:\/\/www.lwbv.de\/lwbv\/\"},{\"@type\":\"ListItem\",\"position\":2,\"name\":\"Rettungsmission f\u00fcr die Schlei\"}]},{\"@type\":\"WebSite\",\"@id\":\"https:\/\/www.lwbv.de\/lwbv\/#website\",\"url\":\"https:\/\/www.lwbv.de\/lwbv\/\",\"name\":\"Landesverband der Wasser- und Bodenverb\u00e4nde\",\"description\":\"\",\"potentialAction\":[{\"@type\":\"SearchAction\",\"target\":{\"@type\":\"EntryPoint\",\"urlTemplate\":\"https:\/\/www.lwbv.de\/lwbv\/?s={search_term_string}\"},\"query-input\":\"required name=search_term_string\"}],\"inLanguage\":\"de\"},{\"@type\":\"Person\",\"@id\":\"https:\/\/www.lwbv.de\/lwbv\/#\/schema\/person\/98b5f67243cc998bbff770682877bec6\",\"name\":\"Mareike Stanisak\",\"image\":{\"@type\":\"ImageObject\",\"inLanguage\":\"de\",\"@id\":\"https:\/\/www.lwbv.de\/lwbv\/#\/schema\/person\/image\/\",\"url\":\"https:\/\/secure.gravatar.com\/avatar\/ab5bb07042fef19b9b9b0c5877e56642?s=96&d=mm&r=g\",\"contentUrl\":\"https:\/\/secure.gravatar.com\/avatar\/ab5bb07042fef19b9b9b0c5877e56642?s=96&d=mm&r=g\",\"caption\":\"Mareike Stanisak\"}}]}<\/script>\n<!-- \/ Yoast SEO plugin. -->","yoast_head_json":{"title":"Rettungsmission f\u00fcr die Schlei - Landesverband der Wasser- und Bodenverb\u00e4nde","robots":{"index":"index","follow":"follow","max-snippet":"max-snippet:-1","max-image-preview":"max-image-preview:large","max-video-preview":"max-video-preview:-1"},"canonical":"https:\/\/www.lwbv.de\/lwbv\/2020\/08\/17\/rettungsmission-fuer-die-schlei\/","og_locale":"de_DE","og_type":"article","og_title":"Rettungsmission f\u00fcr die Schlei - Landesverband der Wasser- und Bodenverb\u00e4nde","og_description":"Umweltminister Albrecht brachte bei einem Besuch in Borgwedel 1,37 Millionen Euro f\u00fcr den Naturschutz mit. Hans-Heinrich Gloy (v.l.), Landesverband","og_url":"https:\/\/www.lwbv.de\/lwbv\/2020\/08\/17\/rettungsmission-fuer-die-schlei\/","og_site_name":"Landesverband der Wasser- und Bodenverb\u00e4nde","article_published_time":"2020-08-17T08:46:19+00:00","article_modified_time":"2020-09-14T09:31:54+00:00","og_image":[{"width":700,"height":394,"url":"https:\/\/www.lwbv.de\/lwbv\/wp-content\/uploads\/2020\/08\/23-123881880-23-123881883-1596029274-e1597654247857.jpg","type":"image\/jpeg"}],"author":"Mareike Stanisak","twitter_card":"summary_large_image","twitter_misc":{"Verfasst von":"Mareike Stanisak"},"schema":{"@context":"https:\/\/schema.org","@graph":[{"@type":"WebPage","@id":"https:\/\/www.lwbv.de\/lwbv\/2020\/08\/17\/rettungsmission-fuer-die-schlei\/","url":"https:\/\/www.lwbv.de\/lwbv\/2020\/08\/17\/rettungsmission-fuer-die-schlei\/","name":"Rettungsmission f\u00fcr die Schlei - Landesverband der Wasser- und Bodenverb\u00e4nde","isPartOf":{"@id":"https:\/\/www.lwbv.de\/lwbv\/#website"},"primaryImageOfPage":{"@id":"https:\/\/www.lwbv.de\/lwbv\/2020\/08\/17\/rettungsmission-fuer-die-schlei\/#primaryimage"},"image":{"@id":"https:\/\/www.lwbv.de\/lwbv\/2020\/08\/17\/rettungsmission-fuer-die-schlei\/#primaryimage"},"thumbnailUrl":"https:\/\/www.lwbv.de\/lwbv\/wp-content\/uploads\/2020\/08\/23-123881880-23-123881883-1596029274-e1597654247857.jpg","datePublished":"2020-08-17T08:46:19+00:00","dateModified":"2020-09-14T09:31:54+00:00","author":{"@id":"https:\/\/www.lwbv.de\/lwbv\/#\/schema\/person\/98b5f67243cc998bbff770682877bec6"},"breadcrumb":{"@id":"https:\/\/www.lwbv.de\/lwbv\/2020\/08\/17\/rettungsmission-fuer-die-schlei\/#breadcrumb"},"inLanguage":"de","potentialAction":[{"@type":"ReadAction","target":["https:\/\/www.lwbv.de\/lwbv\/2020\/08\/17\/rettungsmission-fuer-die-schlei\/"]}]},{"@type":"ImageObject","inLanguage":"de","@id":"https:\/\/www.lwbv.de\/lwbv\/2020\/08\/17\/rettungsmission-fuer-die-schlei\/#primaryimage","url":"https:\/\/www.lwbv.de\/lwbv\/wp-content\/uploads\/2020\/08\/23-123881880-23-123881883-1596029274-e1597654247857.jpg","contentUrl":"https:\/\/www.lwbv.de\/lwbv\/wp-content\/uploads\/2020\/08\/23-123881880-23-123881883-1596029274-e1597654247857.jpg","width":700,"height":394,"caption":"Unterst\u00fctzung zur Rettung der Schlei: Heinrich Gloy (v.l.), Landesverband der Wasser- und Bodenverb\u00e4nde und Umweltminister Jan Philipp Albrecht unterzeichnen den Vertrag, den Johannes Oelerich vorbereitet hat. Matthias B\u00f6ldt vom Naturpark Schlei h\u00e4lt den Schirm."},{"@type":"BreadcrumbList","@id":"https:\/\/www.lwbv.de\/lwbv\/2020\/08\/17\/rettungsmission-fuer-die-schlei\/#breadcrumb","itemListElement":[{"@type":"ListItem","position":1,"name":"Startseite","item":"https:\/\/www.lwbv.de\/lwbv\/"},{"@type":"ListItem","position":2,"name":"Rettungsmission f\u00fcr die Schlei"}]},{"@type":"WebSite","@id":"https:\/\/www.lwbv.de\/lwbv\/#website","url":"https:\/\/www.lwbv.de\/lwbv\/","name":"Landesverband der Wasser- und Bodenverb\u00e4nde","description":"","potentialAction":[{"@type":"SearchAction","target":{"@type":"EntryPoint","urlTemplate":"https:\/\/www.lwbv.de\/lwbv\/?s={search_term_string}"},"query-input":"required name=search_term_string"}],"inLanguage":"de"},{"@type":"Person","@id":"https:\/\/www.lwbv.de\/lwbv\/#\/schema\/person\/98b5f67243cc998bbff770682877bec6","name":"Mareike Stanisak","image":{"@type":"ImageObject","inLanguage":"de","@id":"https:\/\/www.lwbv.de\/lwbv\/#\/schema\/person\/image\/","url":"https:\/\/secure.gravatar.com\/avatar\/ab5bb07042fef19b9b9b0c5877e56642?s=96&d=mm&r=g","contentUrl":"https:\/\/secure.gravatar.com\/avatar\/ab5bb07042fef19b9b9b0c5877e56642?s=96&d=mm&r=g","caption":"Mareike Stanisak"}}]}},"_links":{"self":[{"href":"https:\/\/www.lwbv.de\/lwbv\/wp-json\/wp\/v2\/posts\/1599"}],"collection":[{"href":"https:\/\/www.lwbv.de\/lwbv\/wp-json\/wp\/v2\/posts"}],"about":[{"href":"https:\/\/www.lwbv.de\/lwbv\/wp-json\/wp\/v2\/types\/post"}],"author":[{"embeddable":true,"href":"https:\/\/www.lwbv.de\/lwbv\/wp-json\/wp\/v2\/users\/5"}],"replies":[{"embeddable":true,"href":"https:\/\/www.lwbv.de\/lwbv\/wp-json\/wp\/v2\/comments?post=1599"}],"version-history":[{"count":7,"href":"https:\/\/www.lwbv.de\/lwbv\/wp-json\/wp\/v2\/posts\/1599\/revisions"}],"predecessor-version":[{"id":1637,"href":"https:\/\/www.lwbv.de\/lwbv\/wp-json\/wp\/v2\/posts\/1599\/revisions\/1637"}],"wp:featuredmedia":[{"embeddable":true,"href":"https:\/\/www.lwbv.de\/lwbv\/wp-json\/wp\/v2\/media\/1598"}],"wp:attachment":[{"href":"https:\/\/www.lwbv.de\/lwbv\/wp-json\/wp\/v2\/media?parent=1599"}],"wp:term":[{"taxonomy":"category","embeddable":true,"href":"https:\/\/www.lwbv.de\/lwbv\/wp-json\/wp\/v2\/categories?post=1599"},{"taxonomy":"post_tag","embeddable":true,"href":"https:\/\/www.lwbv.de\/lwbv\/wp-json\/wp\/v2\/tags?post=1599"}],"curies":[{"name":"wp","href":"https:\/\/api.w.org\/{rel}","templated":true}]}}