{"id":1811,"date":"2021-03-15T10:52:32","date_gmt":"2021-03-15T09:52:32","guid":{"rendered":"https:\/\/www.lwbv.de\/lwbv\/?p=1811"},"modified":"2021-03-15T10:54:31","modified_gmt":"2021-03-15T09:54:31","slug":"verbands-informationen-nr-93-erschienen-14-4-2-3-2-2-2-3-2-3-2-2-2-2-2","status":"publish","type":"post","link":"https:\/\/www.lwbv.de\/lwbv\/2021\/03\/15\/kleine-fluesse-grosser-wert---lebensadern-im-wasserkreislauf\/","title":{"rendered":"&#8222;Kleine Fl\u00fcsse, gro\u00dfer Wert &#8211; LEBENSADERN IM WASSERKREISLAUF&#8220;"},"content":{"rendered":"<p>In der ZDF Sendung \u201ePlanet e\u201c am Sonntag, den 21.03.2021 um 16:30 Uhr geht es um kleine Flie\u00dfgew\u00e4sser in Deutschland.<!--more--><\/p>\n<p>Unter anderem wurde auch im Verbandsgebiet des WBV Schwartau gedreht. Als positives Beispiel f\u00fcr das Engagement eines Verbandes im Gew\u00e4sserschutz wird \u00fcber die Pflanzung von gew\u00e4sserbegleitenden Geh\u00f6lzen an der Majenfelder Au und das Auenprojekt berichtet.<\/p>\n<p>&nbsp;<\/p>\n","protected":false},"excerpt":{"rendered":"<p>In der ZDF Sendung \u201ePlanet e\u201c am Sonntag, den 21.03.2021 um 16:30 Uhr geht es um kleine Flie\u00dfgew\u00e4sser in Deutschland.<\/p>\n","protected":false},"author":5,"featured_media":0,"comment_status":"closed","ping_status":"open","sticky":false,"template":"","format":"standard","meta":{"footnotes":""},"categories":[1],"tags":[],"yoast_head":"<!-- This site is optimized with the Yoast SEO plugin v22.8 - https:\/\/yoast.com\/wordpress\/plugins\/seo\/ -->\n<title>&quot;Kleine Fl\u00fcsse, gro\u00dfer Wert - LEBENSADERN IM WASSERKREISLAUF&quot; - Landesverband der Wasser- und Bodenverb\u00e4nde<\/title>\n<meta name=\"robots\" content=\"index, follow, max-snippet:-1, max-image-preview:large, max-video-preview:-1\" \/>\n<link rel=\"canonical\" href=\"https:\/\/www.lwbv.de\/lwbv\/2021\/03\/15\/kleine-fluesse-grosser-wert---lebensadern-im-wasserkreislauf\/\" \/>\n<meta property=\"og:locale\" content=\"de_DE\" \/>\n<meta property=\"og:type\" content=\"article\" \/>\n<meta property=\"og:title\" content=\"&quot;Kleine Fl\u00fcsse, gro\u00dfer Wert - LEBENSADERN IM WASSERKREISLAUF&quot; - Landesverband der Wasser- und Bodenverb\u00e4nde\" \/>\n<meta property=\"og:description\" content=\"In der ZDF Sendung \u201ePlanet e\u201c am Sonntag, den 21.03.2021 um 16:30 Uhr geht es um kleine Flie\u00dfgew\u00e4sser in Deutschland.\" \/>\n<meta property=\"og:url\" content=\"https:\/\/www.lwbv.de\/lwbv\/2021\/03\/15\/kleine-fluesse-grosser-wert---lebensadern-im-wasserkreislauf\/\" \/>\n<meta property=\"og:site_name\" content=\"Landesverband der Wasser- und Bodenverb\u00e4nde\" \/>\n<meta property=\"article:published_time\" content=\"2021-03-15T09:52:32+00:00\" \/>\n<meta property=\"article:modified_time\" content=\"2021-03-15T09:54:31+00:00\" \/>\n<meta name=\"author\" content=\"Mareike Stanisak\" \/>\n<meta name=\"twitter:card\" content=\"summary_large_image\" \/>\n<meta name=\"twitter:label1\" content=\"Verfasst von\" \/>\n\t<meta name=\"twitter:data1\" content=\"Mareike Stanisak\" \/>\n<script type=\"application\/ld+json\" class=\"yoast-schema-graph\">{\"@context\":\"https:\/\/schema.org\",\"@graph\":[{\"@type\":\"WebPage\",\"@id\":\"https:\/\/www.lwbv.de\/lwbv\/2021\/03\/15\/kleine-fluesse-grosser-wert---lebensadern-im-wasserkreislauf\/\",\"url\":\"https:\/\/www.lwbv.de\/lwbv\/2021\/03\/15\/kleine-fluesse-grosser-wert---lebensadern-im-wasserkreislauf\/\",\"name\":\"\\\"Kleine Fl\u00fcsse, gro\u00dfer Wert - LEBENSADERN IM WASSERKREISLAUF\\\" - Landesverband der Wasser- und Bodenverb\u00e4nde\",\"isPartOf\":{\"@id\":\"https:\/\/www.lwbv.de\/lwbv\/#website\"},\"datePublished\":\"2021-03-15T09:52:32+00:00\",\"dateModified\":\"2021-03-15T09:54:31+00:00\",\"author\":{\"@id\":\"https:\/\/www.lwbv.de\/lwbv\/#\/schema\/person\/98b5f67243cc998bbff770682877bec6\"},\"breadcrumb\":{\"@id\":\"https:\/\/www.lwbv.de\/lwbv\/2021\/03\/15\/kleine-fluesse-grosser-wert---lebensadern-im-wasserkreislauf\/#breadcrumb\"},\"inLanguage\":\"de\",\"potentialAction\":[{\"@type\":\"ReadAction\",\"target\":[\"https:\/\/www.lwbv.de\/lwbv\/2021\/03\/15\/kleine-fluesse-grosser-wert---lebensadern-im-wasserkreislauf\/\"]}]},{\"@type\":\"BreadcrumbList\",\"@id\":\"https:\/\/www.lwbv.de\/lwbv\/2021\/03\/15\/kleine-fluesse-grosser-wert---lebensadern-im-wasserkreislauf\/#breadcrumb\",\"itemListElement\":[{\"@type\":\"ListItem\",\"position\":1,\"name\":\"Startseite\",\"item\":\"https:\/\/www.lwbv.de\/lwbv\/\"},{\"@type\":\"ListItem\",\"position\":2,\"name\":\"&#8222;Kleine Fl\u00fcsse, gro\u00dfer Wert &#8211; LEBENSADERN IM WASSERKREISLAUF&#8220;\"}]},{\"@type\":\"WebSite\",\"@id\":\"https:\/\/www.lwbv.de\/lwbv\/#website\",\"url\":\"https:\/\/www.lwbv.de\/lwbv\/\",\"name\":\"Landesverband der Wasser- und Bodenverb\u00e4nde\",\"description\":\"\",\"potentialAction\":[{\"@type\":\"SearchAction\",\"target\":{\"@type\":\"EntryPoint\",\"urlTemplate\":\"https:\/\/www.lwbv.de\/lwbv\/?s={search_term_string}\"},\"query-input\":\"required name=search_term_string\"}],\"inLanguage\":\"de\"},{\"@type\":\"Person\",\"@id\":\"https:\/\/www.lwbv.de\/lwbv\/#\/schema\/person\/98b5f67243cc998bbff770682877bec6\",\"name\":\"Mareike Stanisak\",\"image\":{\"@type\":\"ImageObject\",\"inLanguage\":\"de\",\"@id\":\"https:\/\/www.lwbv.de\/lwbv\/#\/schema\/person\/image\/\",\"url\":\"https:\/\/secure.gravatar.com\/avatar\/ab5bb07042fef19b9b9b0c5877e56642?s=96&d=mm&r=g\",\"contentUrl\":\"https:\/\/secure.gravatar.com\/avatar\/ab5bb07042fef19b9b9b0c5877e56642?s=96&d=mm&r=g\",\"caption\":\"Mareike Stanisak\"}}]}<\/script>\n<!-- \/ Yoast SEO plugin. -->","yoast_head_json":{"title":"\"Kleine Fl\u00fcsse, gro\u00dfer Wert - LEBENSADERN IM WASSERKREISLAUF\" - Landesverband der Wasser- und Bodenverb\u00e4nde","robots":{"index":"index","follow":"follow","max-snippet":"max-snippet:-1","max-image-preview":"max-image-preview:large","max-video-preview":"max-video-preview:-1"},"canonical":"https:\/\/www.lwbv.de\/lwbv\/2021\/03\/15\/kleine-fluesse-grosser-wert---lebensadern-im-wasserkreislauf\/","og_locale":"de_DE","og_type":"article","og_title":"\"Kleine Fl\u00fcsse, gro\u00dfer Wert - LEBENSADERN IM WASSERKREISLAUF\" - Landesverband der Wasser- und Bodenverb\u00e4nde","og_description":"In der ZDF Sendung \u201ePlanet e\u201c am Sonntag, den 21.03.2021 um 16:30 Uhr geht es um kleine Flie\u00dfgew\u00e4sser in Deutschland.","og_url":"https:\/\/www.lwbv.de\/lwbv\/2021\/03\/15\/kleine-fluesse-grosser-wert---lebensadern-im-wasserkreislauf\/","og_site_name":"Landesverband der Wasser- und Bodenverb\u00e4nde","article_published_time":"2021-03-15T09:52:32+00:00","article_modified_time":"2021-03-15T09:54:31+00:00","author":"Mareike Stanisak","twitter_card":"summary_large_image","twitter_misc":{"Verfasst von":"Mareike Stanisak"},"schema":{"@context":"https:\/\/schema.org","@graph":[{"@type":"WebPage","@id":"https:\/\/www.lwbv.de\/lwbv\/2021\/03\/15\/kleine-fluesse-grosser-wert---lebensadern-im-wasserkreislauf\/","url":"https:\/\/www.lwbv.de\/lwbv\/2021\/03\/15\/kleine-fluesse-grosser-wert---lebensadern-im-wasserkreislauf\/","name":"\"Kleine Fl\u00fcsse, gro\u00dfer Wert - LEBENSADERN IM WASSERKREISLAUF\" - Landesverband der Wasser- und Bodenverb\u00e4nde","isPartOf":{"@id":"https:\/\/www.lwbv.de\/lwbv\/#website"},"datePublished":"2021-03-15T09:52:32+00:00","dateModified":"2021-03-15T09:54:31+00:00","author":{"@id":"https:\/\/www.lwbv.de\/lwbv\/#\/schema\/person\/98b5f67243cc998bbff770682877bec6"},"breadcrumb":{"@id":"https:\/\/www.lwbv.de\/lwbv\/2021\/03\/15\/kleine-fluesse-grosser-wert---lebensadern-im-wasserkreislauf\/#breadcrumb"},"inLanguage":"de","potentialAction":[{"@type":"ReadAction","target":["https:\/\/www.lwbv.de\/lwbv\/2021\/03\/15\/kleine-fluesse-grosser-wert---lebensadern-im-wasserkreislauf\/"]}]},{"@type":"BreadcrumbList","@id":"https:\/\/www.lwbv.de\/lwbv\/2021\/03\/15\/kleine-fluesse-grosser-wert---lebensadern-im-wasserkreislauf\/#breadcrumb","itemListElement":[{"@type":"ListItem","position":1,"name":"Startseite","item":"https:\/\/www.lwbv.de\/lwbv\/"},{"@type":"ListItem","position":2,"name":"&#8222;Kleine Fl\u00fcsse, gro\u00dfer Wert &#8211; LEBENSADERN IM WASSERKREISLAUF&#8220;"}]},{"@type":"WebSite","@id":"https:\/\/www.lwbv.de\/lwbv\/#website","url":"https:\/\/www.lwbv.de\/lwbv\/","name":"Landesverband der Wasser- und Bodenverb\u00e4nde","description":"","potentialAction":[{"@type":"SearchAction","target":{"@type":"EntryPoint","urlTemplate":"https:\/\/www.lwbv.de\/lwbv\/?s={search_term_string}"},"query-input":"required name=search_term_string"}],"inLanguage":"de"},{"@type":"Person","@id":"https:\/\/www.lwbv.de\/lwbv\/#\/schema\/person\/98b5f67243cc998bbff770682877bec6","name":"Mareike Stanisak","image":{"@type":"ImageObject","inLanguage":"de","@id":"https:\/\/www.lwbv.de\/lwbv\/#\/schema\/person\/image\/","url":"https:\/\/secure.gravatar.com\/avatar\/ab5bb07042fef19b9b9b0c5877e56642?s=96&d=mm&r=g","contentUrl":"https:\/\/secure.gravatar.com\/avatar\/ab5bb07042fef19b9b9b0c5877e56642?s=96&d=mm&r=g","caption":"Mareike Stanisak"}}]}},"_links":{"self":[{"href":"https:\/\/www.lwbv.de\/lwbv\/wp-json\/wp\/v2\/posts\/1811"}],"collection":[{"href":"https:\/\/www.lwbv.de\/lwbv\/wp-json\/wp\/v2\/posts"}],"about":[{"href":"https:\/\/www.lwbv.de\/lwbv\/wp-json\/wp\/v2\/types\/post"}],"author":[{"embeddable":true,"href":"https:\/\/www.lwbv.de\/lwbv\/wp-json\/wp\/v2\/users\/5"}],"replies":[{"embeddable":true,"href":"https:\/\/www.lwbv.de\/lwbv\/wp-json\/wp\/v2\/comments?post=1811"}],"version-history":[{"count":4,"href":"https:\/\/www.lwbv.de\/lwbv\/wp-json\/wp\/v2\/posts\/1811\/revisions"}],"predecessor-version":[{"id":1815,"href":"https:\/\/www.lwbv.de\/lwbv\/wp-json\/wp\/v2\/posts\/1811\/revisions\/1815"}],"wp:attachment":[{"href":"https:\/\/www.lwbv.de\/lwbv\/wp-json\/wp\/v2\/media?parent=1811"}],"wp:term":[{"taxonomy":"category","embeddable":true,"href":"https:\/\/www.lwbv.de\/lwbv\/wp-json\/wp\/v2\/categories?post=1811"},{"taxonomy":"post_tag","embeddable":true,"href":"https:\/\/www.lwbv.de\/lwbv\/wp-json\/wp\/v2\/tags?post=1811"}],"curies":[{"name":"wp","href":"https:\/\/api.w.org\/{rel}","templated":true}]}}