{"id":2173,"date":"2022-03-21T08:41:31","date_gmt":"2022-03-21T07:41:31","guid":{"rendered":"https:\/\/www.lwbv.de\/lwbv\/?p=2173"},"modified":"2022-07-01T08:02:20","modified_gmt":"2022-07-01T06:02:20","slug":"verbands-informationen-nr-93-erschienen-14-5-2-2-2","status":"publish","type":"post","link":"https:\/\/www.lwbv.de\/lwbv\/2022\/03\/21\/gemeinsamer-gespraechstermin-des-landesverbandes-mit-den-schleswig-holsteinischen-landtagsfraktionen\/","title":{"rendered":"Gemeinsame Gespr\u00e4che des Landesverbandes mit den Schleswig-Holsteinischen Landtagsfraktionen"},"content":{"rendered":"<p>In der vergangenen Woche fanden gemeinsame Gespr\u00e4che zwischen dem Landesverband und den Fraktionen des schleswig-holsteinischen Landtags statt.<!--more--><\/p>\n<p>&nbsp;<\/p>\n<p>Im Rahmen dieser Zusammenk\u00fcnfte wurden aktuelle Themen der verbandlichen Wasserwirtschaft Schleswig-Holsteins er\u00f6rtert.<\/p>\n<p>Als Grundlage daf\u00fcr diente das \u201ePositionspapier zur Landtagswahl 2022\u201c, welches Sie <a href=\"https:\/\/www.lwbv.de\/lwbv\/wp-content\/uploads\/2022\/03\/Positionspapier_LWBV-SH_2022_02_14.pdf\" target=\"_blank\" rel=\"noopener\">HIER<\/a>&nbsp;einsehen k\u00f6nnen.<\/p>\n","protected":false},"excerpt":{"rendered":"<p>In der vergangenen Woche fanden gemeinsame Gespr\u00e4che zwischen dem Landesverband und den Fraktionen des schleswig-holsteinischen Landtags statt.<\/p>\n","protected":false},"author":5,"featured_media":0,"comment_status":"closed","ping_status":"open","sticky":false,"template":"","format":"standard","meta":{"footnotes":""},"categories":[1],"tags":[],"yoast_head":"<!-- This site is optimized with the Yoast SEO plugin v22.8 - https:\/\/yoast.com\/wordpress\/plugins\/seo\/ -->\n<title>Gemeinsame Gespr\u00e4che des Landesverbandes mit den Schleswig-Holsteinischen Landtagsfraktionen - Landesverband der Wasser- und Bodenverb\u00e4nde<\/title>\n<meta name=\"robots\" content=\"index, follow, max-snippet:-1, max-image-preview:large, max-video-preview:-1\" \/>\n<link rel=\"canonical\" href=\"https:\/\/www.lwbv.de\/lwbv\/2022\/03\/21\/gemeinsamer-gespraechstermin-des-landesverbandes-mit-den-schleswig-holsteinischen-landtagsfraktionen\/\" \/>\n<meta property=\"og:locale\" content=\"de_DE\" \/>\n<meta property=\"og:type\" content=\"article\" \/>\n<meta property=\"og:title\" content=\"Gemeinsame Gespr\u00e4che des Landesverbandes mit den Schleswig-Holsteinischen Landtagsfraktionen - Landesverband der Wasser- und Bodenverb\u00e4nde\" \/>\n<meta property=\"og:description\" content=\"In der vergangenen Woche fanden gemeinsame Gespr\u00e4che zwischen dem Landesverband und den Fraktionen des schleswig-holsteinischen Landtags statt.\" \/>\n<meta property=\"og:url\" content=\"https:\/\/www.lwbv.de\/lwbv\/2022\/03\/21\/gemeinsamer-gespraechstermin-des-landesverbandes-mit-den-schleswig-holsteinischen-landtagsfraktionen\/\" \/>\n<meta property=\"og:site_name\" content=\"Landesverband der Wasser- und Bodenverb\u00e4nde\" \/>\n<meta property=\"article:published_time\" content=\"2022-03-21T07:41:31+00:00\" \/>\n<meta property=\"article:modified_time\" content=\"2022-07-01T06:02:20+00:00\" \/>\n<meta name=\"author\" content=\"Mareike Stanisak\" \/>\n<meta name=\"twitter:card\" content=\"summary_large_image\" \/>\n<meta name=\"twitter:label1\" content=\"Verfasst von\" \/>\n\t<meta name=\"twitter:data1\" content=\"Mareike Stanisak\" \/>\n\t<meta name=\"twitter:label2\" content=\"Gesch\u00e4tzte Lesezeit\" \/>\n\t<meta name=\"twitter:data2\" content=\"1\u00a0Minute\" \/>\n<script type=\"application\/ld+json\" class=\"yoast-schema-graph\">{\"@context\":\"https:\/\/schema.org\",\"@graph\":[{\"@type\":\"WebPage\",\"@id\":\"https:\/\/www.lwbv.de\/lwbv\/2022\/03\/21\/gemeinsamer-gespraechstermin-des-landesverbandes-mit-den-schleswig-holsteinischen-landtagsfraktionen\/\",\"url\":\"https:\/\/www.lwbv.de\/lwbv\/2022\/03\/21\/gemeinsamer-gespraechstermin-des-landesverbandes-mit-den-schleswig-holsteinischen-landtagsfraktionen\/\",\"name\":\"Gemeinsame Gespr\u00e4che des Landesverbandes mit den Schleswig-Holsteinischen Landtagsfraktionen - Landesverband der Wasser- und Bodenverb\u00e4nde\",\"isPartOf\":{\"@id\":\"https:\/\/www.lwbv.de\/lwbv\/#website\"},\"datePublished\":\"2022-03-21T07:41:31+00:00\",\"dateModified\":\"2022-07-01T06:02:20+00:00\",\"author\":{\"@id\":\"https:\/\/www.lwbv.de\/lwbv\/#\/schema\/person\/98b5f67243cc998bbff770682877bec6\"},\"breadcrumb\":{\"@id\":\"https:\/\/www.lwbv.de\/lwbv\/2022\/03\/21\/gemeinsamer-gespraechstermin-des-landesverbandes-mit-den-schleswig-holsteinischen-landtagsfraktionen\/#breadcrumb\"},\"inLanguage\":\"de\",\"potentialAction\":[{\"@type\":\"ReadAction\",\"target\":[\"https:\/\/www.lwbv.de\/lwbv\/2022\/03\/21\/gemeinsamer-gespraechstermin-des-landesverbandes-mit-den-schleswig-holsteinischen-landtagsfraktionen\/\"]}]},{\"@type\":\"BreadcrumbList\",\"@id\":\"https:\/\/www.lwbv.de\/lwbv\/2022\/03\/21\/gemeinsamer-gespraechstermin-des-landesverbandes-mit-den-schleswig-holsteinischen-landtagsfraktionen\/#breadcrumb\",\"itemListElement\":[{\"@type\":\"ListItem\",\"position\":1,\"name\":\"Startseite\",\"item\":\"https:\/\/www.lwbv.de\/lwbv\/\"},{\"@type\":\"ListItem\",\"position\":2,\"name\":\"Gemeinsame Gespr\u00e4che des Landesverbandes mit den Schleswig-Holsteinischen Landtagsfraktionen\"}]},{\"@type\":\"WebSite\",\"@id\":\"https:\/\/www.lwbv.de\/lwbv\/#website\",\"url\":\"https:\/\/www.lwbv.de\/lwbv\/\",\"name\":\"Landesverband der Wasser- und Bodenverb\u00e4nde\",\"description\":\"\",\"potentialAction\":[{\"@type\":\"SearchAction\",\"target\":{\"@type\":\"EntryPoint\",\"urlTemplate\":\"https:\/\/www.lwbv.de\/lwbv\/?s={search_term_string}\"},\"query-input\":\"required name=search_term_string\"}],\"inLanguage\":\"de\"},{\"@type\":\"Person\",\"@id\":\"https:\/\/www.lwbv.de\/lwbv\/#\/schema\/person\/98b5f67243cc998bbff770682877bec6\",\"name\":\"Mareike Stanisak\",\"image\":{\"@type\":\"ImageObject\",\"inLanguage\":\"de\",\"@id\":\"https:\/\/www.lwbv.de\/lwbv\/#\/schema\/person\/image\/\",\"url\":\"https:\/\/secure.gravatar.com\/avatar\/ab5bb07042fef19b9b9b0c5877e56642?s=96&d=mm&r=g\",\"contentUrl\":\"https:\/\/secure.gravatar.com\/avatar\/ab5bb07042fef19b9b9b0c5877e56642?s=96&d=mm&r=g\",\"caption\":\"Mareike Stanisak\"}}]}<\/script>\n<!-- \/ Yoast SEO plugin. -->","yoast_head_json":{"title":"Gemeinsame Gespr\u00e4che des Landesverbandes mit den Schleswig-Holsteinischen Landtagsfraktionen - Landesverband der Wasser- und Bodenverb\u00e4nde","robots":{"index":"index","follow":"follow","max-snippet":"max-snippet:-1","max-image-preview":"max-image-preview:large","max-video-preview":"max-video-preview:-1"},"canonical":"https:\/\/www.lwbv.de\/lwbv\/2022\/03\/21\/gemeinsamer-gespraechstermin-des-landesverbandes-mit-den-schleswig-holsteinischen-landtagsfraktionen\/","og_locale":"de_DE","og_type":"article","og_title":"Gemeinsame Gespr\u00e4che des Landesverbandes mit den Schleswig-Holsteinischen Landtagsfraktionen - Landesverband der Wasser- und Bodenverb\u00e4nde","og_description":"In der vergangenen Woche fanden gemeinsame Gespr\u00e4che zwischen dem Landesverband und den Fraktionen des schleswig-holsteinischen Landtags statt.","og_url":"https:\/\/www.lwbv.de\/lwbv\/2022\/03\/21\/gemeinsamer-gespraechstermin-des-landesverbandes-mit-den-schleswig-holsteinischen-landtagsfraktionen\/","og_site_name":"Landesverband der Wasser- und Bodenverb\u00e4nde","article_published_time":"2022-03-21T07:41:31+00:00","article_modified_time":"2022-07-01T06:02:20+00:00","author":"Mareike Stanisak","twitter_card":"summary_large_image","twitter_misc":{"Verfasst von":"Mareike Stanisak","Gesch\u00e4tzte Lesezeit":"1\u00a0Minute"},"schema":{"@context":"https:\/\/schema.org","@graph":[{"@type":"WebPage","@id":"https:\/\/www.lwbv.de\/lwbv\/2022\/03\/21\/gemeinsamer-gespraechstermin-des-landesverbandes-mit-den-schleswig-holsteinischen-landtagsfraktionen\/","url":"https:\/\/www.lwbv.de\/lwbv\/2022\/03\/21\/gemeinsamer-gespraechstermin-des-landesverbandes-mit-den-schleswig-holsteinischen-landtagsfraktionen\/","name":"Gemeinsame Gespr\u00e4che des Landesverbandes mit den Schleswig-Holsteinischen Landtagsfraktionen - Landesverband der Wasser- und Bodenverb\u00e4nde","isPartOf":{"@id":"https:\/\/www.lwbv.de\/lwbv\/#website"},"datePublished":"2022-03-21T07:41:31+00:00","dateModified":"2022-07-01T06:02:20+00:00","author":{"@id":"https:\/\/www.lwbv.de\/lwbv\/#\/schema\/person\/98b5f67243cc998bbff770682877bec6"},"breadcrumb":{"@id":"https:\/\/www.lwbv.de\/lwbv\/2022\/03\/21\/gemeinsamer-gespraechstermin-des-landesverbandes-mit-den-schleswig-holsteinischen-landtagsfraktionen\/#breadcrumb"},"inLanguage":"de","potentialAction":[{"@type":"ReadAction","target":["https:\/\/www.lwbv.de\/lwbv\/2022\/03\/21\/gemeinsamer-gespraechstermin-des-landesverbandes-mit-den-schleswig-holsteinischen-landtagsfraktionen\/"]}]},{"@type":"BreadcrumbList","@id":"https:\/\/www.lwbv.de\/lwbv\/2022\/03\/21\/gemeinsamer-gespraechstermin-des-landesverbandes-mit-den-schleswig-holsteinischen-landtagsfraktionen\/#breadcrumb","itemListElement":[{"@type":"ListItem","position":1,"name":"Startseite","item":"https:\/\/www.lwbv.de\/lwbv\/"},{"@type":"ListItem","position":2,"name":"Gemeinsame Gespr\u00e4che des Landesverbandes mit den Schleswig-Holsteinischen Landtagsfraktionen"}]},{"@type":"WebSite","@id":"https:\/\/www.lwbv.de\/lwbv\/#website","url":"https:\/\/www.lwbv.de\/lwbv\/","name":"Landesverband der Wasser- und Bodenverb\u00e4nde","description":"","potentialAction":[{"@type":"SearchAction","target":{"@type":"EntryPoint","urlTemplate":"https:\/\/www.lwbv.de\/lwbv\/?s={search_term_string}"},"query-input":"required name=search_term_string"}],"inLanguage":"de"},{"@type":"Person","@id":"https:\/\/www.lwbv.de\/lwbv\/#\/schema\/person\/98b5f67243cc998bbff770682877bec6","name":"Mareike Stanisak","image":{"@type":"ImageObject","inLanguage":"de","@id":"https:\/\/www.lwbv.de\/lwbv\/#\/schema\/person\/image\/","url":"https:\/\/secure.gravatar.com\/avatar\/ab5bb07042fef19b9b9b0c5877e56642?s=96&d=mm&r=g","contentUrl":"https:\/\/secure.gravatar.com\/avatar\/ab5bb07042fef19b9b9b0c5877e56642?s=96&d=mm&r=g","caption":"Mareike Stanisak"}}]}},"_links":{"self":[{"href":"https:\/\/www.lwbv.de\/lwbv\/wp-json\/wp\/v2\/posts\/2173"}],"collection":[{"href":"https:\/\/www.lwbv.de\/lwbv\/wp-json\/wp\/v2\/posts"}],"about":[{"href":"https:\/\/www.lwbv.de\/lwbv\/wp-json\/wp\/v2\/types\/post"}],"author":[{"embeddable":true,"href":"https:\/\/www.lwbv.de\/lwbv\/wp-json\/wp\/v2\/users\/5"}],"replies":[{"embeddable":true,"href":"https:\/\/www.lwbv.de\/lwbv\/wp-json\/wp\/v2\/comments?post=2173"}],"version-history":[{"count":4,"href":"https:\/\/www.lwbv.de\/lwbv\/wp-json\/wp\/v2\/posts\/2173\/revisions"}],"predecessor-version":[{"id":2177,"href":"https:\/\/www.lwbv.de\/lwbv\/wp-json\/wp\/v2\/posts\/2173\/revisions\/2177"}],"wp:attachment":[{"href":"https:\/\/www.lwbv.de\/lwbv\/wp-json\/wp\/v2\/media?parent=2173"}],"wp:term":[{"taxonomy":"category","embeddable":true,"href":"https:\/\/www.lwbv.de\/lwbv\/wp-json\/wp\/v2\/categories?post=2173"},{"taxonomy":"post_tag","embeddable":true,"href":"https:\/\/www.lwbv.de\/lwbv\/wp-json\/wp\/v2\/tags?post=2173"}],"curies":[{"name":"wp","href":"https:\/\/api.w.org\/{rel}","templated":true}]}}