{"id":2219,"date":"2022-05-31T11:35:52","date_gmt":"2022-05-31T09:35:52","guid":{"rendered":"https:\/\/www.lwbv.de\/lwbv\/?p=2219"},"modified":"2022-07-01T08:00:30","modified_gmt":"2022-07-01T06:00:30","slug":"generalplan-kuestenschutz-des-landes-schleswig-holstein-fortschreibung-2022","status":"publish","type":"post","link":"https:\/\/www.lwbv.de\/lwbv\/2022\/05\/31generalplan-kuestenschutz-des-landes-schleswig-holstein-fortschreibung-2022\/","title":{"rendered":"Generalplan K\u00fcstenschutz des Landes Schleswig-Holstein \u2013 Fortschreibung 2022"},"content":{"rendered":"<p>Die Landesregierung Schleswig-Holstein hat die f\u00fcnfte Fortschreibung des Generalplans K\u00fcstenschutz verabschiedet. <!--more--><\/p>\n<p>Dieser kann \u00fcber die Seite des MELUND (<a href=\"https:\/\/www.schleswig-holstein.de\/DE\/Fachinhalte\/K\/kuestenschutz\/generalplanKuestenschutz.html\" target=\"_blank\" rel=\"noopener\">https:\/\/www.schleswig-holstein.de\/DE\/Fachinhalte\/K\/kuestenschutz\/generalplanKuestenschutz.html<\/a>) gelesen bzw. heruntergeladen werden.<\/p>\n","protected":false},"excerpt":{"rendered":"<p>Die Landesregierung Schleswig-Holstein hat die f\u00fcnfte Fortschreibung des Generalplans K\u00fcstenschutz verabschiedet.<\/p>\n","protected":false},"author":5,"featured_media":0,"comment_status":"closed","ping_status":"open","sticky":false,"template":"","format":"standard","meta":{"footnotes":""},"categories":[1],"tags":[],"yoast_head":"<!-- This site is optimized with the Yoast SEO plugin v22.8 - https:\/\/yoast.com\/wordpress\/plugins\/seo\/ -->\n<title>Generalplan K\u00fcstenschutz des Landes Schleswig-Holstein \u2013 Fortschreibung 2022 - Landesverband der Wasser- und Bodenverb\u00e4nde<\/title>\n<meta name=\"robots\" content=\"index, follow, max-snippet:-1, max-image-preview:large, max-video-preview:-1\" \/>\n<link rel=\"canonical\" href=\"https:\/\/www.lwbv.de\/lwbv\/2022\/05\/31generalplan-kuestenschutz-des-landes-schleswig-holstein-fortschreibung-2022\/\" \/>\n<meta property=\"og:locale\" content=\"de_DE\" \/>\n<meta property=\"og:type\" content=\"article\" \/>\n<meta property=\"og:title\" content=\"Generalplan K\u00fcstenschutz des Landes Schleswig-Holstein \u2013 Fortschreibung 2022 - Landesverband der Wasser- und Bodenverb\u00e4nde\" \/>\n<meta property=\"og:description\" content=\"Die Landesregierung Schleswig-Holstein hat die f\u00fcnfte Fortschreibung des Generalplans K\u00fcstenschutz verabschiedet.\" \/>\n<meta property=\"og:url\" content=\"https:\/\/www.lwbv.de\/lwbv\/2022\/05\/31generalplan-kuestenschutz-des-landes-schleswig-holstein-fortschreibung-2022\/\" \/>\n<meta property=\"og:site_name\" content=\"Landesverband der Wasser- und Bodenverb\u00e4nde\" \/>\n<meta property=\"article:published_time\" content=\"2022-05-31T09:35:52+00:00\" \/>\n<meta property=\"article:modified_time\" content=\"2022-07-01T06:00:30+00:00\" \/>\n<meta name=\"author\" content=\"Mareike Stanisak\" \/>\n<meta name=\"twitter:card\" content=\"summary_large_image\" \/>\n<meta name=\"twitter:label1\" content=\"Verfasst von\" \/>\n\t<meta name=\"twitter:data1\" content=\"Mareike Stanisak\" \/>\n\t<meta name=\"twitter:label2\" content=\"Gesch\u00e4tzte Lesezeit\" \/>\n\t<meta name=\"twitter:data2\" content=\"1\u00a0Minute\" \/>\n<script type=\"application\/ld+json\" class=\"yoast-schema-graph\">{\"@context\":\"https:\/\/schema.org\",\"@graph\":[{\"@type\":\"WebPage\",\"@id\":\"https:\/\/www.lwbv.de\/lwbv\/2022\/05\/31generalplan-kuestenschutz-des-landes-schleswig-holstein-fortschreibung-2022\/\",\"url\":\"https:\/\/www.lwbv.de\/lwbv\/2022\/05\/31generalplan-kuestenschutz-des-landes-schleswig-holstein-fortschreibung-2022\/\",\"name\":\"Generalplan K\u00fcstenschutz des Landes Schleswig-Holstein \u2013 Fortschreibung 2022 - Landesverband der Wasser- und Bodenverb\u00e4nde\",\"isPartOf\":{\"@id\":\"https:\/\/www.lwbv.de\/lwbv\/#website\"},\"datePublished\":\"2022-05-31T09:35:52+00:00\",\"dateModified\":\"2022-07-01T06:00:30+00:00\",\"author\":{\"@id\":\"https:\/\/www.lwbv.de\/lwbv\/#\/schema\/person\/98b5f67243cc998bbff770682877bec6\"},\"breadcrumb\":{\"@id\":\"https:\/\/www.lwbv.de\/lwbv\/2022\/05\/31generalplan-kuestenschutz-des-landes-schleswig-holstein-fortschreibung-2022\/#breadcrumb\"},\"inLanguage\":\"de\",\"potentialAction\":[{\"@type\":\"ReadAction\",\"target\":[\"https:\/\/www.lwbv.de\/lwbv\/2022\/05\/31generalplan-kuestenschutz-des-landes-schleswig-holstein-fortschreibung-2022\/\"]}]},{\"@type\":\"BreadcrumbList\",\"@id\":\"https:\/\/www.lwbv.de\/lwbv\/2022\/05\/31generalplan-kuestenschutz-des-landes-schleswig-holstein-fortschreibung-2022\/#breadcrumb\",\"itemListElement\":[{\"@type\":\"ListItem\",\"position\":1,\"name\":\"Startseite\",\"item\":\"https:\/\/www.lwbv.de\/lwbv\/\"},{\"@type\":\"ListItem\",\"position\":2,\"name\":\"Generalplan K\u00fcstenschutz des Landes Schleswig-Holstein \u2013 Fortschreibung 2022\"}]},{\"@type\":\"WebSite\",\"@id\":\"https:\/\/www.lwbv.de\/lwbv\/#website\",\"url\":\"https:\/\/www.lwbv.de\/lwbv\/\",\"name\":\"Landesverband der Wasser- und Bodenverb\u00e4nde\",\"description\":\"\",\"potentialAction\":[{\"@type\":\"SearchAction\",\"target\":{\"@type\":\"EntryPoint\",\"urlTemplate\":\"https:\/\/www.lwbv.de\/lwbv\/?s={search_term_string}\"},\"query-input\":\"required name=search_term_string\"}],\"inLanguage\":\"de\"},{\"@type\":\"Person\",\"@id\":\"https:\/\/www.lwbv.de\/lwbv\/#\/schema\/person\/98b5f67243cc998bbff770682877bec6\",\"name\":\"Mareike Stanisak\",\"image\":{\"@type\":\"ImageObject\",\"inLanguage\":\"de\",\"@id\":\"https:\/\/www.lwbv.de\/lwbv\/#\/schema\/person\/image\/\",\"url\":\"https:\/\/secure.gravatar.com\/avatar\/ab5bb07042fef19b9b9b0c5877e56642?s=96&d=mm&r=g\",\"contentUrl\":\"https:\/\/secure.gravatar.com\/avatar\/ab5bb07042fef19b9b9b0c5877e56642?s=96&d=mm&r=g\",\"caption\":\"Mareike Stanisak\"}}]}<\/script>\n<!-- \/ Yoast SEO plugin. -->","yoast_head_json":{"title":"Generalplan K\u00fcstenschutz des Landes Schleswig-Holstein \u2013 Fortschreibung 2022 - Landesverband der Wasser- und Bodenverb\u00e4nde","robots":{"index":"index","follow":"follow","max-snippet":"max-snippet:-1","max-image-preview":"max-image-preview:large","max-video-preview":"max-video-preview:-1"},"canonical":"https:\/\/www.lwbv.de\/lwbv\/2022\/05\/31generalplan-kuestenschutz-des-landes-schleswig-holstein-fortschreibung-2022\/","og_locale":"de_DE","og_type":"article","og_title":"Generalplan K\u00fcstenschutz des Landes Schleswig-Holstein \u2013 Fortschreibung 2022 - Landesverband der Wasser- und Bodenverb\u00e4nde","og_description":"Die Landesregierung Schleswig-Holstein hat die f\u00fcnfte Fortschreibung des Generalplans K\u00fcstenschutz verabschiedet.","og_url":"https:\/\/www.lwbv.de\/lwbv\/2022\/05\/31generalplan-kuestenschutz-des-landes-schleswig-holstein-fortschreibung-2022\/","og_site_name":"Landesverband der Wasser- und Bodenverb\u00e4nde","article_published_time":"2022-05-31T09:35:52+00:00","article_modified_time":"2022-07-01T06:00:30+00:00","author":"Mareike Stanisak","twitter_card":"summary_large_image","twitter_misc":{"Verfasst von":"Mareike Stanisak","Gesch\u00e4tzte Lesezeit":"1\u00a0Minute"},"schema":{"@context":"https:\/\/schema.org","@graph":[{"@type":"WebPage","@id":"https:\/\/www.lwbv.de\/lwbv\/2022\/05\/31generalplan-kuestenschutz-des-landes-schleswig-holstein-fortschreibung-2022\/","url":"https:\/\/www.lwbv.de\/lwbv\/2022\/05\/31generalplan-kuestenschutz-des-landes-schleswig-holstein-fortschreibung-2022\/","name":"Generalplan K\u00fcstenschutz des Landes Schleswig-Holstein \u2013 Fortschreibung 2022 - Landesverband der Wasser- und Bodenverb\u00e4nde","isPartOf":{"@id":"https:\/\/www.lwbv.de\/lwbv\/#website"},"datePublished":"2022-05-31T09:35:52+00:00","dateModified":"2022-07-01T06:00:30+00:00","author":{"@id":"https:\/\/www.lwbv.de\/lwbv\/#\/schema\/person\/98b5f67243cc998bbff770682877bec6"},"breadcrumb":{"@id":"https:\/\/www.lwbv.de\/lwbv\/2022\/05\/31generalplan-kuestenschutz-des-landes-schleswig-holstein-fortschreibung-2022\/#breadcrumb"},"inLanguage":"de","potentialAction":[{"@type":"ReadAction","target":["https:\/\/www.lwbv.de\/lwbv\/2022\/05\/31generalplan-kuestenschutz-des-landes-schleswig-holstein-fortschreibung-2022\/"]}]},{"@type":"BreadcrumbList","@id":"https:\/\/www.lwbv.de\/lwbv\/2022\/05\/31generalplan-kuestenschutz-des-landes-schleswig-holstein-fortschreibung-2022\/#breadcrumb","itemListElement":[{"@type":"ListItem","position":1,"name":"Startseite","item":"https:\/\/www.lwbv.de\/lwbv\/"},{"@type":"ListItem","position":2,"name":"Generalplan K\u00fcstenschutz des Landes Schleswig-Holstein \u2013 Fortschreibung 2022"}]},{"@type":"WebSite","@id":"https:\/\/www.lwbv.de\/lwbv\/#website","url":"https:\/\/www.lwbv.de\/lwbv\/","name":"Landesverband der Wasser- und Bodenverb\u00e4nde","description":"","potentialAction":[{"@type":"SearchAction","target":{"@type":"EntryPoint","urlTemplate":"https:\/\/www.lwbv.de\/lwbv\/?s={search_term_string}"},"query-input":"required name=search_term_string"}],"inLanguage":"de"},{"@type":"Person","@id":"https:\/\/www.lwbv.de\/lwbv\/#\/schema\/person\/98b5f67243cc998bbff770682877bec6","name":"Mareike Stanisak","image":{"@type":"ImageObject","inLanguage":"de","@id":"https:\/\/www.lwbv.de\/lwbv\/#\/schema\/person\/image\/","url":"https:\/\/secure.gravatar.com\/avatar\/ab5bb07042fef19b9b9b0c5877e56642?s=96&d=mm&r=g","contentUrl":"https:\/\/secure.gravatar.com\/avatar\/ab5bb07042fef19b9b9b0c5877e56642?s=96&d=mm&r=g","caption":"Mareike Stanisak"}}]}},"_links":{"self":[{"href":"https:\/\/www.lwbv.de\/lwbv\/wp-json\/wp\/v2\/posts\/2219"}],"collection":[{"href":"https:\/\/www.lwbv.de\/lwbv\/wp-json\/wp\/v2\/posts"}],"about":[{"href":"https:\/\/www.lwbv.de\/lwbv\/wp-json\/wp\/v2\/types\/post"}],"author":[{"embeddable":true,"href":"https:\/\/www.lwbv.de\/lwbv\/wp-json\/wp\/v2\/users\/5"}],"replies":[{"embeddable":true,"href":"https:\/\/www.lwbv.de\/lwbv\/wp-json\/wp\/v2\/comments?post=2219"}],"version-history":[{"count":5,"href":"https:\/\/www.lwbv.de\/lwbv\/wp-json\/wp\/v2\/posts\/2219\/revisions"}],"predecessor-version":[{"id":2224,"href":"https:\/\/www.lwbv.de\/lwbv\/wp-json\/wp\/v2\/posts\/2219\/revisions\/2224"}],"wp:attachment":[{"href":"https:\/\/www.lwbv.de\/lwbv\/wp-json\/wp\/v2\/media?parent=2219"}],"wp:term":[{"taxonomy":"category","embeddable":true,"href":"https:\/\/www.lwbv.de\/lwbv\/wp-json\/wp\/v2\/categories?post=2219"},{"taxonomy":"post_tag","embeddable":true,"href":"https:\/\/www.lwbv.de\/lwbv\/wp-json\/wp\/v2\/tags?post=2219"}],"curies":[{"name":"wp","href":"https:\/\/api.w.org\/{rel}","templated":true}]}}