{"id":2521,"date":"2023-02-16T08:37:17","date_gmt":"2023-02-16T07:37:17","guid":{"rendered":"https:\/\/www.lwbv.de\/lwbv\/?p=2521"},"modified":"2023-04-24T16:46:54","modified_gmt":"2023-04-24T14:46:54","slug":"2023_02-16informationskampagne-zum-wassergefahrenmanagement-veroeffentlicht","status":"publish","type":"post","link":"https:\/\/www.lwbv.de\/lwbv\/2023-02-16-informationskampagne-zum-wassergefahrenmanagement-veroeffentlicht\/","title":{"rendered":"Informationskampagne zum Wassergefahrenmanagement ver\u00f6ffentlicht"},"content":{"rendered":"<p><strong>Das Umweltministerium sucht Teilnehmerinnen und Teilnehmer mit pers\u00f6nlichen Erfahrungen im Bereich Sturmflut, Binnenhochwasser und Starkregen.<\/strong><!--more--><\/p>\n<p>Das Ministerium f\u00fcr Energiewende, Klimaschutz, Umwelt und Natur (MEKUN) sucht f\u00fcr die Durchf\u00fchrung einer Informations- und Aufkl\u00e4rungskampagne Schleswig-Holsteinerinnen und Schleswig-Holsteiner, die in der Vergangenheit pers\u00f6nliche Erfahrungen mit einem Hochwasserereignis gemacht haben.<\/p>\n<p>Gesucht werden Personen, die ihre eigenen Erfahrungen zum Thema Sturmflut, Binnenhochwasser und Starkregen mit der \u00d6ffentlichkeit teilen und sich im Rahmen der Kampagne portraitieren lassen m\u00f6chten.<\/p>\n<p>Besuchen Sie hierzu auch gerne die Homepage des MEKUN unter:<a href=\"https:\/\/www.schleswig-holstein.de\/DE\/landesregierung\/ministerien-behoerden\/V\/_startseite\/Artikel2023\/230214_WasserMan_Suche.html?nn=8103cc54-0c42-4647-bf7f-ac7b2404512a\" target=\"_blank\" rel=\"noopener\">https:\/\/www.schleswig-holstein.de\/DE\/landesregierung\/ministerien-behoerden\/V\/_startseite\/Artikel2023\/230214_WasserMan_Suche.html?nn=8103cc54-0c42-4647-bf7f-ac7b2404512a<\/a><\/p>\n","protected":false},"excerpt":{"rendered":"<p>Das Umweltministerium sucht Teilnehmerinnen und Teilnehmer mit pers\u00f6nlichen Erfahrungen im Bereich Sturmflut, Binnenhochwasser und Starkregen.<\/p>\n","protected":false},"author":5,"featured_media":0,"comment_status":"closed","ping_status":"open","sticky":false,"template":"","format":"standard","meta":{"footnotes":""},"categories":[1],"tags":[],"yoast_head":"<!-- This site is optimized with the Yoast SEO plugin v22.8 - https:\/\/yoast.com\/wordpress\/plugins\/seo\/ -->\n<title>Informationskampagne zum Wassergefahrenmanagement ver\u00f6ffentlicht - Landesverband der Wasser- und Bodenverb\u00e4nde<\/title>\n<meta name=\"description\" content=\"%\" \/>\n<meta name=\"robots\" content=\"index, follow, max-snippet:-1, max-image-preview:large, max-video-preview:-1\" \/>\n<link rel=\"canonical\" href=\"https:\/\/www.lwbv.de\/lwbv\/2023-02-16-informationskampagne-zum-wassergefahrenmanagement-veroeffentlicht\/\" \/>\n<meta property=\"og:locale\" content=\"de_DE\" \/>\n<meta property=\"og:type\" content=\"article\" \/>\n<meta property=\"og:title\" content=\"Informationskampagne zum Wassergefahrenmanagement ver\u00f6ffentlicht - Landesverband der Wasser- und Bodenverb\u00e4nde\" \/>\n<meta property=\"og:description\" content=\"%\" \/>\n<meta property=\"og:url\" content=\"https:\/\/www.lwbv.de\/lwbv\/2023-02-16-informationskampagne-zum-wassergefahrenmanagement-veroeffentlicht\/\" \/>\n<meta property=\"og:site_name\" content=\"Landesverband der Wasser- und Bodenverb\u00e4nde\" \/>\n<meta property=\"article:published_time\" content=\"2023-02-16T07:37:17+00:00\" \/>\n<meta property=\"article:modified_time\" content=\"2023-04-24T14:46:54+00:00\" \/>\n<meta name=\"author\" content=\"Mareike Stanisak\" \/>\n<meta name=\"twitter:card\" content=\"summary_large_image\" \/>\n<meta name=\"twitter:label1\" content=\"Verfasst von\" \/>\n\t<meta name=\"twitter:data1\" content=\"Mareike Stanisak\" \/>\n\t<meta name=\"twitter:label2\" content=\"Gesch\u00e4tzte Lesezeit\" \/>\n\t<meta name=\"twitter:data2\" content=\"1\u00a0Minute\" \/>\n<script type=\"application\/ld+json\" class=\"yoast-schema-graph\">{\"@context\":\"https:\/\/schema.org\",\"@graph\":[{\"@type\":\"WebPage\",\"@id\":\"https:\/\/www.lwbv.de\/lwbv\/2023-02-16-informationskampagne-zum-wassergefahrenmanagement-veroeffentlicht\/\",\"url\":\"https:\/\/www.lwbv.de\/lwbv\/2023-02-16-informationskampagne-zum-wassergefahrenmanagement-veroeffentlicht\/\",\"name\":\"Informationskampagne zum Wassergefahrenmanagement ver\u00f6ffentlicht - Landesverband der Wasser- und Bodenverb\u00e4nde\",\"isPartOf\":{\"@id\":\"https:\/\/www.lwbv.de\/lwbv\/#website\"},\"datePublished\":\"2023-02-16T07:37:17+00:00\",\"dateModified\":\"2023-04-24T14:46:54+00:00\",\"author\":{\"@id\":\"https:\/\/www.lwbv.de\/lwbv\/#\/schema\/person\/98b5f67243cc998bbff770682877bec6\"},\"description\":\"%\",\"breadcrumb\":{\"@id\":\"https:\/\/www.lwbv.de\/lwbv\/2023-02-16-informationskampagne-zum-wassergefahrenmanagement-veroeffentlicht\/#breadcrumb\"},\"inLanguage\":\"de\",\"potentialAction\":[{\"@type\":\"ReadAction\",\"target\":[\"https:\/\/www.lwbv.de\/lwbv\/2023-02-16-informationskampagne-zum-wassergefahrenmanagement-veroeffentlicht\/\"]}]},{\"@type\":\"BreadcrumbList\",\"@id\":\"https:\/\/www.lwbv.de\/lwbv\/2023-02-16-informationskampagne-zum-wassergefahrenmanagement-veroeffentlicht\/#breadcrumb\",\"itemListElement\":[{\"@type\":\"ListItem\",\"position\":1,\"name\":\"Startseite\",\"item\":\"https:\/\/www.lwbv.de\/lwbv\/\"},{\"@type\":\"ListItem\",\"position\":2,\"name\":\"Informationskampagne zum Wassergefahrenmanagement ver\u00f6ffentlicht\"}]},{\"@type\":\"WebSite\",\"@id\":\"https:\/\/www.lwbv.de\/lwbv\/#website\",\"url\":\"https:\/\/www.lwbv.de\/lwbv\/\",\"name\":\"Landesverband der Wasser- und Bodenverb\u00e4nde\",\"description\":\"\",\"potentialAction\":[{\"@type\":\"SearchAction\",\"target\":{\"@type\":\"EntryPoint\",\"urlTemplate\":\"https:\/\/www.lwbv.de\/lwbv\/?s={search_term_string}\"},\"query-input\":\"required name=search_term_string\"}],\"inLanguage\":\"de\"},{\"@type\":\"Person\",\"@id\":\"https:\/\/www.lwbv.de\/lwbv\/#\/schema\/person\/98b5f67243cc998bbff770682877bec6\",\"name\":\"Mareike Stanisak\",\"image\":{\"@type\":\"ImageObject\",\"inLanguage\":\"de\",\"@id\":\"https:\/\/www.lwbv.de\/lwbv\/#\/schema\/person\/image\/\",\"url\":\"https:\/\/secure.gravatar.com\/avatar\/ab5bb07042fef19b9b9b0c5877e56642?s=96&d=mm&r=g\",\"contentUrl\":\"https:\/\/secure.gravatar.com\/avatar\/ab5bb07042fef19b9b9b0c5877e56642?s=96&d=mm&r=g\",\"caption\":\"Mareike Stanisak\"}}]}<\/script>\n<!-- \/ Yoast SEO plugin. -->","yoast_head_json":{"title":"Informationskampagne zum Wassergefahrenmanagement ver\u00f6ffentlicht - Landesverband der Wasser- und Bodenverb\u00e4nde","description":"%","robots":{"index":"index","follow":"follow","max-snippet":"max-snippet:-1","max-image-preview":"max-image-preview:large","max-video-preview":"max-video-preview:-1"},"canonical":"https:\/\/www.lwbv.de\/lwbv\/2023-02-16-informationskampagne-zum-wassergefahrenmanagement-veroeffentlicht\/","og_locale":"de_DE","og_type":"article","og_title":"Informationskampagne zum Wassergefahrenmanagement ver\u00f6ffentlicht - Landesverband der Wasser- und Bodenverb\u00e4nde","og_description":"%","og_url":"https:\/\/www.lwbv.de\/lwbv\/2023-02-16-informationskampagne-zum-wassergefahrenmanagement-veroeffentlicht\/","og_site_name":"Landesverband der Wasser- und Bodenverb\u00e4nde","article_published_time":"2023-02-16T07:37:17+00:00","article_modified_time":"2023-04-24T14:46:54+00:00","author":"Mareike Stanisak","twitter_card":"summary_large_image","twitter_misc":{"Verfasst von":"Mareike Stanisak","Gesch\u00e4tzte Lesezeit":"1\u00a0Minute"},"schema":{"@context":"https:\/\/schema.org","@graph":[{"@type":"WebPage","@id":"https:\/\/www.lwbv.de\/lwbv\/2023-02-16-informationskampagne-zum-wassergefahrenmanagement-veroeffentlicht\/","url":"https:\/\/www.lwbv.de\/lwbv\/2023-02-16-informationskampagne-zum-wassergefahrenmanagement-veroeffentlicht\/","name":"Informationskampagne zum Wassergefahrenmanagement ver\u00f6ffentlicht - Landesverband der Wasser- und Bodenverb\u00e4nde","isPartOf":{"@id":"https:\/\/www.lwbv.de\/lwbv\/#website"},"datePublished":"2023-02-16T07:37:17+00:00","dateModified":"2023-04-24T14:46:54+00:00","author":{"@id":"https:\/\/www.lwbv.de\/lwbv\/#\/schema\/person\/98b5f67243cc998bbff770682877bec6"},"description":"%","breadcrumb":{"@id":"https:\/\/www.lwbv.de\/lwbv\/2023-02-16-informationskampagne-zum-wassergefahrenmanagement-veroeffentlicht\/#breadcrumb"},"inLanguage":"de","potentialAction":[{"@type":"ReadAction","target":["https:\/\/www.lwbv.de\/lwbv\/2023-02-16-informationskampagne-zum-wassergefahrenmanagement-veroeffentlicht\/"]}]},{"@type":"BreadcrumbList","@id":"https:\/\/www.lwbv.de\/lwbv\/2023-02-16-informationskampagne-zum-wassergefahrenmanagement-veroeffentlicht\/#breadcrumb","itemListElement":[{"@type":"ListItem","position":1,"name":"Startseite","item":"https:\/\/www.lwbv.de\/lwbv\/"},{"@type":"ListItem","position":2,"name":"Informationskampagne zum Wassergefahrenmanagement ver\u00f6ffentlicht"}]},{"@type":"WebSite","@id":"https:\/\/www.lwbv.de\/lwbv\/#website","url":"https:\/\/www.lwbv.de\/lwbv\/","name":"Landesverband der Wasser- und Bodenverb\u00e4nde","description":"","potentialAction":[{"@type":"SearchAction","target":{"@type":"EntryPoint","urlTemplate":"https:\/\/www.lwbv.de\/lwbv\/?s={search_term_string}"},"query-input":"required name=search_term_string"}],"inLanguage":"de"},{"@type":"Person","@id":"https:\/\/www.lwbv.de\/lwbv\/#\/schema\/person\/98b5f67243cc998bbff770682877bec6","name":"Mareike Stanisak","image":{"@type":"ImageObject","inLanguage":"de","@id":"https:\/\/www.lwbv.de\/lwbv\/#\/schema\/person\/image\/","url":"https:\/\/secure.gravatar.com\/avatar\/ab5bb07042fef19b9b9b0c5877e56642?s=96&d=mm&r=g","contentUrl":"https:\/\/secure.gravatar.com\/avatar\/ab5bb07042fef19b9b9b0c5877e56642?s=96&d=mm&r=g","caption":"Mareike Stanisak"}}]}},"_links":{"self":[{"href":"https:\/\/www.lwbv.de\/lwbv\/wp-json\/wp\/v2\/posts\/2521"}],"collection":[{"href":"https:\/\/www.lwbv.de\/lwbv\/wp-json\/wp\/v2\/posts"}],"about":[{"href":"https:\/\/www.lwbv.de\/lwbv\/wp-json\/wp\/v2\/types\/post"}],"author":[{"embeddable":true,"href":"https:\/\/www.lwbv.de\/lwbv\/wp-json\/wp\/v2\/users\/5"}],"replies":[{"embeddable":true,"href":"https:\/\/www.lwbv.de\/lwbv\/wp-json\/wp\/v2\/comments?post=2521"}],"version-history":[{"count":4,"href":"https:\/\/www.lwbv.de\/lwbv\/wp-json\/wp\/v2\/posts\/2521\/revisions"}],"predecessor-version":[{"id":2525,"href":"https:\/\/www.lwbv.de\/lwbv\/wp-json\/wp\/v2\/posts\/2521\/revisions\/2525"}],"wp:attachment":[{"href":"https:\/\/www.lwbv.de\/lwbv\/wp-json\/wp\/v2\/media?parent=2521"}],"wp:term":[{"taxonomy":"category","embeddable":true,"href":"https:\/\/www.lwbv.de\/lwbv\/wp-json\/wp\/v2\/categories?post=2521"},{"taxonomy":"post_tag","embeddable":true,"href":"https:\/\/www.lwbv.de\/lwbv\/wp-json\/wp\/v2\/tags?post=2521"}],"curies":[{"name":"wp","href":"https:\/\/api.w.org\/{rel}","templated":true}]}}