{"id":2595,"date":"2023-08-16T09:33:29","date_gmt":"2023-08-16T07:33:29","guid":{"rendered":"https:\/\/www.lwbv.de\/lwbv\/?p=2595"},"modified":"2023-08-16T09:36:06","modified_gmt":"2023-08-16T07:36:06","slug":"2023_08_richtlinie-zur-foerderung-von-massnahmen-zum-klimaschutz-und-zur-klimaanpassung-in-den-schleswig-holsteinischen-niederungsgebieten-2","status":"publish","type":"post","link":"https:\/\/www.lwbv.de\/lwbv\/2023-07-08richtlinie-zur-foerderung-von-massnahmen-zum-klimaschutz-und-zur-klimaanpassung-in-den-schleswig-holsteinischen-niederungsgebieten-2\/","title":{"rendered":"Keine Verl\u00e4ngerung der Erlasse zu Stoffpreisgleitklausel"},"content":{"rendered":"<p style=\"font-weight: 400;\">Mit Erlass BW I 7-70437\/9#4 vom 25. M\u00e4rz 2022 wurden, befristet bis zum 30. Juni 2022, Sonderregelungen zum Umgang mit den Lieferengp\u00e4ssen und Materialpreissteigerungen aufgrund des russischen Angriffskriegs auf die Ukraine eingef\u00fchrt.<br \/>\nEine zweite Verl\u00e4ngerung bis zum 30. Juni 2023 wurde mit Erlass vom 6. Dezember 2022 ausgesprochen.<\/p>\n<p style=\"font-weight: 400;\">Da sich die Preise f\u00fcr die meisten Bauprodukte wieder stabilisiert haben, laufen die Sonderregelungen wie angek\u00fcndigt zum 30. Juni 2023 aus.<br \/>\nEine weitere Verl\u00e4ngerung der Erlasse auf Bundes-, als auch auf Landesebenen wird es nicht geben.<\/p>\n<p style=\"font-weight: 400;\">Ab dem 1. Juli 2023 gelten die allgemeinen Bestimmungen der Richtlinie 225 des VHB zur Vereinbarung von Stoffpreisgleitklauseln. Demnach sind Stoffpreisgleitklauseln zu vereinbaren, wenn die drei in Nummer 2.1 der Richtlinie genannten Voraussetzungen vorliegen.<\/p>\n<p><a title=\"https:\/\/abst-sh.us4.list-manage.com\/track\/click?u=8e4b22829d6d7b06378bf6f8f&amp;id=65bdcd68ad&amp;e=120ef439ea\" contenteditable=\"false\" href=\"https:\/\/abst-sh.us4.list-manage.com\/track\/click?u=8e4b22829d6d7b06378bf6f8f&amp;id=65bdcd68ad&amp;e=120ef439ea\" target=\"_blank\" rel=\"noopener\">Aufhebung der Erlasse zur Stoffpreisgleitklausel<\/a><br \/>\n<a title=\"https:\/\/abst-sh.us4.list-manage.com\/track\/click?u=8e4b22829d6d7b06378bf6f8f&amp;id=d4d6f4fbcc&amp;e=120ef439ea\" contenteditable=\"false\" href=\"https:\/\/abst-sh.us4.list-manage.com\/track\/click?u=8e4b22829d6d7b06378bf6f8f&amp;id=d4d6f4fbcc&amp;e=120ef439ea\" target=\"_blank\" rel=\"noopener\">VHB-Formblatt 225<\/a><br \/>\n<a title=\"https:\/\/abst-sh.us4.list-manage.com\/track\/click?u=8e4b22829d6d7b06378bf6f8f&amp;id=f81b64ed47&amp;e=120ef439ea\" contenteditable=\"false\" href=\"https:\/\/abst-sh.us4.list-manage.com\/track\/click?u=8e4b22829d6d7b06378bf6f8f&amp;id=f81b64ed47&amp;e=120ef439ea\" target=\"_blank\" rel=\"noopener\">VHB-Formblatt 225a<\/a><br \/>\n<a title=\"https:\/\/abst-sh.us4.list-manage.com\/track\/click?u=8e4b22829d6d7b06378bf6f8f&amp;id=6c754c09fa&amp;e=120ef439ea\" contenteditable=\"false\" href=\"https:\/\/abst-sh.us4.list-manage.com\/track\/click?u=8e4b22829d6d7b06378bf6f8f&amp;id=6c754c09fa&amp;e=120ef439ea\" target=\"_blank\" rel=\"noopener\">Richtlinien zum VHB-Formblatt 225<\/a><br \/>\n<a title=\"https:\/\/abst-sh.us4.list-manage.com\/track\/click?u=8e4b22829d6d7b06378bf6f8f&amp;id=3cceb82d10&amp;e=120ef439ea\" contenteditable=\"false\" href=\"https:\/\/abst-sh.us4.list-manage.com\/track\/click?u=8e4b22829d6d7b06378bf6f8f&amp;id=3cceb82d10&amp;e=120ef439ea\" target=\"_blank\" rel=\"noopener\">Hinweis zum VHB-Formblatt 225a<\/a><\/p>\n","protected":false},"excerpt":{"rendered":"<p>Mit Erlass BW I 7-70437\/9#4 vom 25. M\u00e4rz 2022 wurden, befristet bis zum 30. Juni 2022, Sonderregelungen zum Umgang mit den Lieferengp\u00e4ssen und Materialpreissteigerungen aufgrund des russischen Angriffskriegs auf die Ukraine eingef\u00fchrt. Eine zweite Verl\u00e4ngerung bis zum 30. Juni 2023 wurde mit Erlass vom 6. Dezember 2022 ausgesprochen. Da sich die Preise f\u00fcr die meisten&hellip;<\/p>\n","protected":false},"author":5,"featured_media":0,"comment_status":"closed","ping_status":"open","sticky":false,"template":"","format":"standard","meta":{"footnotes":""},"categories":[1],"tags":[],"yoast_head":"<!-- This site is optimized with the Yoast SEO plugin v22.8 - https:\/\/yoast.com\/wordpress\/plugins\/seo\/ -->\n<title>Keine Verl\u00e4ngerung der Erlasse zu Stoffpreisgleitklausel - Landesverband der Wasser- und Bodenverb\u00e4nde<\/title>\n<meta name=\"description\" content=\"%\" \/>\n<meta name=\"robots\" content=\"index, follow, max-snippet:-1, max-image-preview:large, max-video-preview:-1\" \/>\n<link rel=\"canonical\" href=\"https:\/\/www.lwbv.de\/lwbv\/2023-07-08richtlinie-zur-foerderung-von-massnahmen-zum-klimaschutz-und-zur-klimaanpassung-in-den-schleswig-holsteinischen-niederungsgebieten-2\/\" \/>\n<meta property=\"og:locale\" content=\"de_DE\" \/>\n<meta property=\"og:type\" content=\"article\" \/>\n<meta property=\"og:title\" content=\"Keine Verl\u00e4ngerung der Erlasse zu Stoffpreisgleitklausel - Landesverband der Wasser- und Bodenverb\u00e4nde\" \/>\n<meta property=\"og:description\" content=\"%\" \/>\n<meta property=\"og:url\" content=\"https:\/\/www.lwbv.de\/lwbv\/2023-07-08richtlinie-zur-foerderung-von-massnahmen-zum-klimaschutz-und-zur-klimaanpassung-in-den-schleswig-holsteinischen-niederungsgebieten-2\/\" \/>\n<meta property=\"og:site_name\" content=\"Landesverband der Wasser- und Bodenverb\u00e4nde\" \/>\n<meta property=\"article:published_time\" content=\"2023-08-16T07:33:29+00:00\" \/>\n<meta property=\"article:modified_time\" content=\"2023-08-16T07:36:06+00:00\" \/>\n<meta name=\"author\" content=\"Mareike Stanisak\" \/>\n<meta name=\"twitter:card\" content=\"summary_large_image\" \/>\n<meta name=\"twitter:label1\" content=\"Verfasst von\" \/>\n\t<meta name=\"twitter:data1\" content=\"Mareike Stanisak\" \/>\n\t<meta name=\"twitter:label2\" content=\"Gesch\u00e4tzte Lesezeit\" \/>\n\t<meta name=\"twitter:data2\" content=\"1\u00a0Minute\" \/>\n<script type=\"application\/ld+json\" class=\"yoast-schema-graph\">{\"@context\":\"https:\/\/schema.org\",\"@graph\":[{\"@type\":\"WebPage\",\"@id\":\"https:\/\/www.lwbv.de\/lwbv\/2023-07-08richtlinie-zur-foerderung-von-massnahmen-zum-klimaschutz-und-zur-klimaanpassung-in-den-schleswig-holsteinischen-niederungsgebieten-2\/\",\"url\":\"https:\/\/www.lwbv.de\/lwbv\/2023-07-08richtlinie-zur-foerderung-von-massnahmen-zum-klimaschutz-und-zur-klimaanpassung-in-den-schleswig-holsteinischen-niederungsgebieten-2\/\",\"name\":\"Keine Verl\u00e4ngerung der Erlasse zu Stoffpreisgleitklausel - Landesverband der Wasser- und Bodenverb\u00e4nde\",\"isPartOf\":{\"@id\":\"https:\/\/www.lwbv.de\/lwbv\/#website\"},\"datePublished\":\"2023-08-16T07:33:29+00:00\",\"dateModified\":\"2023-08-16T07:36:06+00:00\",\"author\":{\"@id\":\"https:\/\/www.lwbv.de\/lwbv\/#\/schema\/person\/98b5f67243cc998bbff770682877bec6\"},\"description\":\"%\",\"breadcrumb\":{\"@id\":\"https:\/\/www.lwbv.de\/lwbv\/2023-07-08richtlinie-zur-foerderung-von-massnahmen-zum-klimaschutz-und-zur-klimaanpassung-in-den-schleswig-holsteinischen-niederungsgebieten-2\/#breadcrumb\"},\"inLanguage\":\"de\",\"potentialAction\":[{\"@type\":\"ReadAction\",\"target\":[\"https:\/\/www.lwbv.de\/lwbv\/2023-07-08richtlinie-zur-foerderung-von-massnahmen-zum-klimaschutz-und-zur-klimaanpassung-in-den-schleswig-holsteinischen-niederungsgebieten-2\/\"]}]},{\"@type\":\"BreadcrumbList\",\"@id\":\"https:\/\/www.lwbv.de\/lwbv\/2023-07-08richtlinie-zur-foerderung-von-massnahmen-zum-klimaschutz-und-zur-klimaanpassung-in-den-schleswig-holsteinischen-niederungsgebieten-2\/#breadcrumb\",\"itemListElement\":[{\"@type\":\"ListItem\",\"position\":1,\"name\":\"Startseite\",\"item\":\"https:\/\/www.lwbv.de\/lwbv\/\"},{\"@type\":\"ListItem\",\"position\":2,\"name\":\"Keine Verl\u00e4ngerung der Erlasse zu Stoffpreisgleitklausel\"}]},{\"@type\":\"WebSite\",\"@id\":\"https:\/\/www.lwbv.de\/lwbv\/#website\",\"url\":\"https:\/\/www.lwbv.de\/lwbv\/\",\"name\":\"Landesverband der Wasser- und Bodenverb\u00e4nde\",\"description\":\"\",\"potentialAction\":[{\"@type\":\"SearchAction\",\"target\":{\"@type\":\"EntryPoint\",\"urlTemplate\":\"https:\/\/www.lwbv.de\/lwbv\/?s={search_term_string}\"},\"query-input\":\"required name=search_term_string\"}],\"inLanguage\":\"de\"},{\"@type\":\"Person\",\"@id\":\"https:\/\/www.lwbv.de\/lwbv\/#\/schema\/person\/98b5f67243cc998bbff770682877bec6\",\"name\":\"Mareike Stanisak\",\"image\":{\"@type\":\"ImageObject\",\"inLanguage\":\"de\",\"@id\":\"https:\/\/www.lwbv.de\/lwbv\/#\/schema\/person\/image\/\",\"url\":\"https:\/\/secure.gravatar.com\/avatar\/ab5bb07042fef19b9b9b0c5877e56642?s=96&d=mm&r=g\",\"contentUrl\":\"https:\/\/secure.gravatar.com\/avatar\/ab5bb07042fef19b9b9b0c5877e56642?s=96&d=mm&r=g\",\"caption\":\"Mareike Stanisak\"}}]}<\/script>\n<!-- \/ Yoast SEO plugin. -->","yoast_head_json":{"title":"Keine Verl\u00e4ngerung der Erlasse zu Stoffpreisgleitklausel - Landesverband der Wasser- und Bodenverb\u00e4nde","description":"%","robots":{"index":"index","follow":"follow","max-snippet":"max-snippet:-1","max-image-preview":"max-image-preview:large","max-video-preview":"max-video-preview:-1"},"canonical":"https:\/\/www.lwbv.de\/lwbv\/2023-07-08richtlinie-zur-foerderung-von-massnahmen-zum-klimaschutz-und-zur-klimaanpassung-in-den-schleswig-holsteinischen-niederungsgebieten-2\/","og_locale":"de_DE","og_type":"article","og_title":"Keine Verl\u00e4ngerung der Erlasse zu Stoffpreisgleitklausel - Landesverband der Wasser- und Bodenverb\u00e4nde","og_description":"%","og_url":"https:\/\/www.lwbv.de\/lwbv\/2023-07-08richtlinie-zur-foerderung-von-massnahmen-zum-klimaschutz-und-zur-klimaanpassung-in-den-schleswig-holsteinischen-niederungsgebieten-2\/","og_site_name":"Landesverband der Wasser- und Bodenverb\u00e4nde","article_published_time":"2023-08-16T07:33:29+00:00","article_modified_time":"2023-08-16T07:36:06+00:00","author":"Mareike Stanisak","twitter_card":"summary_large_image","twitter_misc":{"Verfasst von":"Mareike Stanisak","Gesch\u00e4tzte Lesezeit":"1\u00a0Minute"},"schema":{"@context":"https:\/\/schema.org","@graph":[{"@type":"WebPage","@id":"https:\/\/www.lwbv.de\/lwbv\/2023-07-08richtlinie-zur-foerderung-von-massnahmen-zum-klimaschutz-und-zur-klimaanpassung-in-den-schleswig-holsteinischen-niederungsgebieten-2\/","url":"https:\/\/www.lwbv.de\/lwbv\/2023-07-08richtlinie-zur-foerderung-von-massnahmen-zum-klimaschutz-und-zur-klimaanpassung-in-den-schleswig-holsteinischen-niederungsgebieten-2\/","name":"Keine Verl\u00e4ngerung der Erlasse zu Stoffpreisgleitklausel - Landesverband der Wasser- und Bodenverb\u00e4nde","isPartOf":{"@id":"https:\/\/www.lwbv.de\/lwbv\/#website"},"datePublished":"2023-08-16T07:33:29+00:00","dateModified":"2023-08-16T07:36:06+00:00","author":{"@id":"https:\/\/www.lwbv.de\/lwbv\/#\/schema\/person\/98b5f67243cc998bbff770682877bec6"},"description":"%","breadcrumb":{"@id":"https:\/\/www.lwbv.de\/lwbv\/2023-07-08richtlinie-zur-foerderung-von-massnahmen-zum-klimaschutz-und-zur-klimaanpassung-in-den-schleswig-holsteinischen-niederungsgebieten-2\/#breadcrumb"},"inLanguage":"de","potentialAction":[{"@type":"ReadAction","target":["https:\/\/www.lwbv.de\/lwbv\/2023-07-08richtlinie-zur-foerderung-von-massnahmen-zum-klimaschutz-und-zur-klimaanpassung-in-den-schleswig-holsteinischen-niederungsgebieten-2\/"]}]},{"@type":"BreadcrumbList","@id":"https:\/\/www.lwbv.de\/lwbv\/2023-07-08richtlinie-zur-foerderung-von-massnahmen-zum-klimaschutz-und-zur-klimaanpassung-in-den-schleswig-holsteinischen-niederungsgebieten-2\/#breadcrumb","itemListElement":[{"@type":"ListItem","position":1,"name":"Startseite","item":"https:\/\/www.lwbv.de\/lwbv\/"},{"@type":"ListItem","position":2,"name":"Keine Verl\u00e4ngerung der Erlasse zu Stoffpreisgleitklausel"}]},{"@type":"WebSite","@id":"https:\/\/www.lwbv.de\/lwbv\/#website","url":"https:\/\/www.lwbv.de\/lwbv\/","name":"Landesverband der Wasser- und Bodenverb\u00e4nde","description":"","potentialAction":[{"@type":"SearchAction","target":{"@type":"EntryPoint","urlTemplate":"https:\/\/www.lwbv.de\/lwbv\/?s={search_term_string}"},"query-input":"required name=search_term_string"}],"inLanguage":"de"},{"@type":"Person","@id":"https:\/\/www.lwbv.de\/lwbv\/#\/schema\/person\/98b5f67243cc998bbff770682877bec6","name":"Mareike Stanisak","image":{"@type":"ImageObject","inLanguage":"de","@id":"https:\/\/www.lwbv.de\/lwbv\/#\/schema\/person\/image\/","url":"https:\/\/secure.gravatar.com\/avatar\/ab5bb07042fef19b9b9b0c5877e56642?s=96&d=mm&r=g","contentUrl":"https:\/\/secure.gravatar.com\/avatar\/ab5bb07042fef19b9b9b0c5877e56642?s=96&d=mm&r=g","caption":"Mareike Stanisak"}}]}},"_links":{"self":[{"href":"https:\/\/www.lwbv.de\/lwbv\/wp-json\/wp\/v2\/posts\/2595"}],"collection":[{"href":"https:\/\/www.lwbv.de\/lwbv\/wp-json\/wp\/v2\/posts"}],"about":[{"href":"https:\/\/www.lwbv.de\/lwbv\/wp-json\/wp\/v2\/types\/post"}],"author":[{"embeddable":true,"href":"https:\/\/www.lwbv.de\/lwbv\/wp-json\/wp\/v2\/users\/5"}],"replies":[{"embeddable":true,"href":"https:\/\/www.lwbv.de\/lwbv\/wp-json\/wp\/v2\/comments?post=2595"}],"version-history":[{"count":4,"href":"https:\/\/www.lwbv.de\/lwbv\/wp-json\/wp\/v2\/posts\/2595\/revisions"}],"predecessor-version":[{"id":2599,"href":"https:\/\/www.lwbv.de\/lwbv\/wp-json\/wp\/v2\/posts\/2595\/revisions\/2599"}],"wp:attachment":[{"href":"https:\/\/www.lwbv.de\/lwbv\/wp-json\/wp\/v2\/media?parent=2595"}],"wp:term":[{"taxonomy":"category","embeddable":true,"href":"https:\/\/www.lwbv.de\/lwbv\/wp-json\/wp\/v2\/categories?post=2595"},{"taxonomy":"post_tag","embeddable":true,"href":"https:\/\/www.lwbv.de\/lwbv\/wp-json\/wp\/v2\/tags?post=2595"}],"curies":[{"name":"wp","href":"https:\/\/api.w.org\/{rel}","templated":true}]}}