{"id":2612,"date":"2023-08-31T08:27:39","date_gmt":"2023-08-31T06:27:39","guid":{"rendered":"https:\/\/www.lwbv.de\/lwbv\/?p=2612"},"modified":"2023-09-06T10:01:47","modified_gmt":"2023-09-06T08:01:47","slug":"im-gespraech-mit-der-cdu-landtagsfraktion","status":"publish","type":"post","link":"https:\/\/www.lwbv.de\/lwbv\/2023-08_30im-gespraech-mit-der-cdu-landtagsfraktion\/","title":{"rendered":"Im Gespr\u00e4ch mit der CDU-Landtagsfraktion"},"content":{"rendered":"<p style=\"font-weight: 400;\"><strong>20 Jahre Stagnation &#8211; Verb\u00e4nde fordern h\u00f6here Landeszusch\u00fcsse<\/strong><\/p>\n<p style=\"font-weight: 400;\">\u201eDie Kostenentwicklung bei den Verb\u00e4nden und die k\u00fcnftigen Zusch\u00fcsse des Landes f\u00fcr Wasser- und Bodenverb\u00e4nde\u201c waren die zentralen Gespr\u00e4chsthemen, zu denen die Vorsitzende des CDU Fraktionsarbeitskreises \u201eAgrar und Umwelt\u201c Cornelia Schmachtenberg am 29. August ins Landeshaus nach Kiel eingeladen hatte.<\/p>\n<p style=\"font-weight: 400;\">Gemeinsam mit den Vorstehern und Gesch\u00e4ftsf\u00fchrungen des Landesverbandes sowie des Marschenverbandes diskutierten die Abgeordneten die Notwendigkeit, die seit mehr als 20 Jahren nahezu stagnierenden Landeszusch\u00fcsse der Kostenentwicklung anzupassen.<\/p>\n<p style=\"font-weight: 400;\">Gerade vor dem Hintergrund der stark angestiegenen Energiepreise d\u00fcrften die Verb\u00e4nde nicht allein gelassen werden. So herrschte Einigkeit bei allen Gespr\u00e4chsteilnehmern, dass die f\u00fcr das &nbsp;Allgemeinwohl erbrachten Leistungen f\u00fcr die Verbesserung der Gew\u00e4sser\u00f6kologie, aber auch f\u00fcr Infrastruktur und Tourismus von der Allgemeinheit auch in angemessener Weise zu tragen sei.<\/p>\n<p style=\"font-weight: 400;\">Vor dem Hintergrund anstehender Verhandlungen \u00fcber neue Zielvereinbarungen m\u00fcsse besonders darauf geachtet werden, diese nicht mit b\u00fcrokratischen Forderungen an die Verb\u00e4nde zu \u00fcberfrachten.<\/p>\n<p style=\"font-weight: 400;\">Gerade in einer Zeit zunehmender, klimabedingter und \u00f6kologischer Herausforderungen sei es notwendig, die Voraussetzungen f\u00fcr die Bewirtschaftung von Wassermenge und Wasserqualit\u00e4t m\u00f6glichst schlank zu gestalten, so Verbandsvorsteher Hans-Heinrich Gloy.<\/p>\n<p style=\"font-weight: 400;\">Landtagsabgeordnete wie Verbandsvertreter begr\u00fc\u00dften das konstruktive Gespr\u00e4ch und waren sich einig, hier auch k\u00fcnftig einen noch engeren Austausch pflegen zu wollen.<\/p>\n","protected":false},"excerpt":{"rendered":"<p>20 Jahre Stagnation &#8211; Verb\u00e4nde fordern h\u00f6here Landeszusch\u00fcsse \u201eDie Kostenentwicklung bei den Verb\u00e4nden und die k\u00fcnftigen Zusch\u00fcsse des Landes f\u00fcr Wasser- und Bodenverb\u00e4nde\u201c waren die zentralen Gespr\u00e4chsthemen, zu denen die Vorsitzende des CDU Fraktionsarbeitskreises \u201eAgrar und Umwelt\u201c Cornelia Schmachtenberg am 29. August ins Landeshaus nach Kiel eingeladen hatte. Gemeinsam mit den Vorstehern und Gesch\u00e4ftsf\u00fchrungen des&hellip;<\/p>\n","protected":false},"author":5,"featured_media":2634,"comment_status":"closed","ping_status":"open","sticky":false,"template":"","format":"standard","meta":{"footnotes":""},"categories":[1],"tags":[],"yoast_head":"<!-- This site is optimized with the Yoast SEO plugin v22.8 - https:\/\/yoast.com\/wordpress\/plugins\/seo\/ -->\n<title>Im Gespr\u00e4ch mit der CDU-Landtagsfraktion - Landesverband der Wasser- und Bodenverb\u00e4nde<\/title>\n<meta name=\"description\" content=\"%\" \/>\n<meta name=\"robots\" content=\"index, follow, max-snippet:-1, max-image-preview:large, max-video-preview:-1\" \/>\n<link rel=\"canonical\" href=\"https:\/\/www.lwbv.de\/lwbv\/2023-08_30im-gespraech-mit-der-cdu-landtagsfraktion\/\" \/>\n<meta property=\"og:locale\" content=\"de_DE\" \/>\n<meta property=\"og:type\" content=\"article\" \/>\n<meta property=\"og:title\" content=\"Im Gespr\u00e4ch mit der CDU-Landtagsfraktion - Landesverband der Wasser- und Bodenverb\u00e4nde\" \/>\n<meta property=\"og:description\" content=\"%\" \/>\n<meta property=\"og:url\" content=\"https:\/\/www.lwbv.de\/lwbv\/2023-08_30im-gespraech-mit-der-cdu-landtagsfraktion\/\" \/>\n<meta property=\"og:site_name\" content=\"Landesverband der Wasser- und Bodenverb\u00e4nde\" \/>\n<meta property=\"article:published_time\" content=\"2023-08-31T06:27:39+00:00\" \/>\n<meta property=\"article:modified_time\" content=\"2023-09-06T08:01:47+00:00\" \/>\n<meta property=\"og:image\" content=\"https:\/\/www.lwbv.de\/lwbv\/wp-content\/uploads\/2023\/08\/Image-002-scaled-e1693986634838.jpg\" \/>\n\t<meta property=\"og:image:width\" content=\"1700\" \/>\n\t<meta property=\"og:image:height\" content=\"1181\" \/>\n\t<meta property=\"og:image:type\" content=\"image\/jpeg\" \/>\n<meta name=\"author\" content=\"Mareike Stanisak\" \/>\n<meta name=\"twitter:card\" content=\"summary_large_image\" \/>\n<meta name=\"twitter:label1\" content=\"Verfasst von\" \/>\n\t<meta name=\"twitter:data1\" content=\"Mareike Stanisak\" \/>\n\t<meta name=\"twitter:label2\" content=\"Gesch\u00e4tzte Lesezeit\" \/>\n\t<meta name=\"twitter:data2\" content=\"2\u00a0Minuten\" \/>\n<script type=\"application\/ld+json\" class=\"yoast-schema-graph\">{\"@context\":\"https:\/\/schema.org\",\"@graph\":[{\"@type\":\"WebPage\",\"@id\":\"https:\/\/www.lwbv.de\/lwbv\/2023-08_30im-gespraech-mit-der-cdu-landtagsfraktion\/\",\"url\":\"https:\/\/www.lwbv.de\/lwbv\/2023-08_30im-gespraech-mit-der-cdu-landtagsfraktion\/\",\"name\":\"Im Gespr\u00e4ch mit der CDU-Landtagsfraktion - Landesverband der Wasser- und Bodenverb\u00e4nde\",\"isPartOf\":{\"@id\":\"https:\/\/www.lwbv.de\/lwbv\/#website\"},\"primaryImageOfPage\":{\"@id\":\"https:\/\/www.lwbv.de\/lwbv\/2023-08_30im-gespraech-mit-der-cdu-landtagsfraktion\/#primaryimage\"},\"image\":{\"@id\":\"https:\/\/www.lwbv.de\/lwbv\/2023-08_30im-gespraech-mit-der-cdu-landtagsfraktion\/#primaryimage\"},\"thumbnailUrl\":\"https:\/\/www.lwbv.de\/lwbv\/wp-content\/uploads\/2023\/08\/Image-002-scaled-e1693986634838.jpg\",\"datePublished\":\"2023-08-31T06:27:39+00:00\",\"dateModified\":\"2023-09-06T08:01:47+00:00\",\"author\":{\"@id\":\"https:\/\/www.lwbv.de\/lwbv\/#\/schema\/person\/98b5f67243cc998bbff770682877bec6\"},\"description\":\"%\",\"breadcrumb\":{\"@id\":\"https:\/\/www.lwbv.de\/lwbv\/2023-08_30im-gespraech-mit-der-cdu-landtagsfraktion\/#breadcrumb\"},\"inLanguage\":\"de\",\"potentialAction\":[{\"@type\":\"ReadAction\",\"target\":[\"https:\/\/www.lwbv.de\/lwbv\/2023-08_30im-gespraech-mit-der-cdu-landtagsfraktion\/\"]}]},{\"@type\":\"ImageObject\",\"inLanguage\":\"de\",\"@id\":\"https:\/\/www.lwbv.de\/lwbv\/2023-08_30im-gespraech-mit-der-cdu-landtagsfraktion\/#primaryimage\",\"url\":\"https:\/\/www.lwbv.de\/lwbv\/wp-content\/uploads\/2023\/08\/Image-002-scaled-e1693986634838.jpg\",\"contentUrl\":\"https:\/\/www.lwbv.de\/lwbv\/wp-content\/uploads\/2023\/08\/Image-002-scaled-e1693986634838.jpg\",\"width\":1700,\"height\":1181},{\"@type\":\"BreadcrumbList\",\"@id\":\"https:\/\/www.lwbv.de\/lwbv\/2023-08_30im-gespraech-mit-der-cdu-landtagsfraktion\/#breadcrumb\",\"itemListElement\":[{\"@type\":\"ListItem\",\"position\":1,\"name\":\"Startseite\",\"item\":\"https:\/\/www.lwbv.de\/lwbv\/\"},{\"@type\":\"ListItem\",\"position\":2,\"name\":\"Im Gespr\u00e4ch mit der CDU-Landtagsfraktion\"}]},{\"@type\":\"WebSite\",\"@id\":\"https:\/\/www.lwbv.de\/lwbv\/#website\",\"url\":\"https:\/\/www.lwbv.de\/lwbv\/\",\"name\":\"Landesverband der Wasser- und Bodenverb\u00e4nde\",\"description\":\"\",\"potentialAction\":[{\"@type\":\"SearchAction\",\"target\":{\"@type\":\"EntryPoint\",\"urlTemplate\":\"https:\/\/www.lwbv.de\/lwbv\/?s={search_term_string}\"},\"query-input\":\"required name=search_term_string\"}],\"inLanguage\":\"de\"},{\"@type\":\"Person\",\"@id\":\"https:\/\/www.lwbv.de\/lwbv\/#\/schema\/person\/98b5f67243cc998bbff770682877bec6\",\"name\":\"Mareike Stanisak\",\"image\":{\"@type\":\"ImageObject\",\"inLanguage\":\"de\",\"@id\":\"https:\/\/www.lwbv.de\/lwbv\/#\/schema\/person\/image\/\",\"url\":\"https:\/\/secure.gravatar.com\/avatar\/ab5bb07042fef19b9b9b0c5877e56642?s=96&d=mm&r=g\",\"contentUrl\":\"https:\/\/secure.gravatar.com\/avatar\/ab5bb07042fef19b9b9b0c5877e56642?s=96&d=mm&r=g\",\"caption\":\"Mareike Stanisak\"}}]}<\/script>\n<!-- \/ Yoast SEO plugin. -->","yoast_head_json":{"title":"Im Gespr\u00e4ch mit der CDU-Landtagsfraktion - Landesverband der Wasser- und Bodenverb\u00e4nde","description":"%","robots":{"index":"index","follow":"follow","max-snippet":"max-snippet:-1","max-image-preview":"max-image-preview:large","max-video-preview":"max-video-preview:-1"},"canonical":"https:\/\/www.lwbv.de\/lwbv\/2023-08_30im-gespraech-mit-der-cdu-landtagsfraktion\/","og_locale":"de_DE","og_type":"article","og_title":"Im Gespr\u00e4ch mit der CDU-Landtagsfraktion - Landesverband der Wasser- und Bodenverb\u00e4nde","og_description":"%","og_url":"https:\/\/www.lwbv.de\/lwbv\/2023-08_30im-gespraech-mit-der-cdu-landtagsfraktion\/","og_site_name":"Landesverband der Wasser- und Bodenverb\u00e4nde","article_published_time":"2023-08-31T06:27:39+00:00","article_modified_time":"2023-09-06T08:01:47+00:00","og_image":[{"width":1700,"height":1181,"url":"https:\/\/www.lwbv.de\/lwbv\/wp-content\/uploads\/2023\/08\/Image-002-scaled-e1693986634838.jpg","type":"image\/jpeg"}],"author":"Mareike Stanisak","twitter_card":"summary_large_image","twitter_misc":{"Verfasst von":"Mareike Stanisak","Gesch\u00e4tzte Lesezeit":"2\u00a0Minuten"},"schema":{"@context":"https:\/\/schema.org","@graph":[{"@type":"WebPage","@id":"https:\/\/www.lwbv.de\/lwbv\/2023-08_30im-gespraech-mit-der-cdu-landtagsfraktion\/","url":"https:\/\/www.lwbv.de\/lwbv\/2023-08_30im-gespraech-mit-der-cdu-landtagsfraktion\/","name":"Im Gespr\u00e4ch mit der CDU-Landtagsfraktion - Landesverband der Wasser- und Bodenverb\u00e4nde","isPartOf":{"@id":"https:\/\/www.lwbv.de\/lwbv\/#website"},"primaryImageOfPage":{"@id":"https:\/\/www.lwbv.de\/lwbv\/2023-08_30im-gespraech-mit-der-cdu-landtagsfraktion\/#primaryimage"},"image":{"@id":"https:\/\/www.lwbv.de\/lwbv\/2023-08_30im-gespraech-mit-der-cdu-landtagsfraktion\/#primaryimage"},"thumbnailUrl":"https:\/\/www.lwbv.de\/lwbv\/wp-content\/uploads\/2023\/08\/Image-002-scaled-e1693986634838.jpg","datePublished":"2023-08-31T06:27:39+00:00","dateModified":"2023-09-06T08:01:47+00:00","author":{"@id":"https:\/\/www.lwbv.de\/lwbv\/#\/schema\/person\/98b5f67243cc998bbff770682877bec6"},"description":"%","breadcrumb":{"@id":"https:\/\/www.lwbv.de\/lwbv\/2023-08_30im-gespraech-mit-der-cdu-landtagsfraktion\/#breadcrumb"},"inLanguage":"de","potentialAction":[{"@type":"ReadAction","target":["https:\/\/www.lwbv.de\/lwbv\/2023-08_30im-gespraech-mit-der-cdu-landtagsfraktion\/"]}]},{"@type":"ImageObject","inLanguage":"de","@id":"https:\/\/www.lwbv.de\/lwbv\/2023-08_30im-gespraech-mit-der-cdu-landtagsfraktion\/#primaryimage","url":"https:\/\/www.lwbv.de\/lwbv\/wp-content\/uploads\/2023\/08\/Image-002-scaled-e1693986634838.jpg","contentUrl":"https:\/\/www.lwbv.de\/lwbv\/wp-content\/uploads\/2023\/08\/Image-002-scaled-e1693986634838.jpg","width":1700,"height":1181},{"@type":"BreadcrumbList","@id":"https:\/\/www.lwbv.de\/lwbv\/2023-08_30im-gespraech-mit-der-cdu-landtagsfraktion\/#breadcrumb","itemListElement":[{"@type":"ListItem","position":1,"name":"Startseite","item":"https:\/\/www.lwbv.de\/lwbv\/"},{"@type":"ListItem","position":2,"name":"Im Gespr\u00e4ch mit der CDU-Landtagsfraktion"}]},{"@type":"WebSite","@id":"https:\/\/www.lwbv.de\/lwbv\/#website","url":"https:\/\/www.lwbv.de\/lwbv\/","name":"Landesverband der Wasser- und Bodenverb\u00e4nde","description":"","potentialAction":[{"@type":"SearchAction","target":{"@type":"EntryPoint","urlTemplate":"https:\/\/www.lwbv.de\/lwbv\/?s={search_term_string}"},"query-input":"required name=search_term_string"}],"inLanguage":"de"},{"@type":"Person","@id":"https:\/\/www.lwbv.de\/lwbv\/#\/schema\/person\/98b5f67243cc998bbff770682877bec6","name":"Mareike Stanisak","image":{"@type":"ImageObject","inLanguage":"de","@id":"https:\/\/www.lwbv.de\/lwbv\/#\/schema\/person\/image\/","url":"https:\/\/secure.gravatar.com\/avatar\/ab5bb07042fef19b9b9b0c5877e56642?s=96&d=mm&r=g","contentUrl":"https:\/\/secure.gravatar.com\/avatar\/ab5bb07042fef19b9b9b0c5877e56642?s=96&d=mm&r=g","caption":"Mareike Stanisak"}}]}},"_links":{"self":[{"href":"https:\/\/www.lwbv.de\/lwbv\/wp-json\/wp\/v2\/posts\/2612"}],"collection":[{"href":"https:\/\/www.lwbv.de\/lwbv\/wp-json\/wp\/v2\/posts"}],"about":[{"href":"https:\/\/www.lwbv.de\/lwbv\/wp-json\/wp\/v2\/types\/post"}],"author":[{"embeddable":true,"href":"https:\/\/www.lwbv.de\/lwbv\/wp-json\/wp\/v2\/users\/5"}],"replies":[{"embeddable":true,"href":"https:\/\/www.lwbv.de\/lwbv\/wp-json\/wp\/v2\/comments?post=2612"}],"version-history":[{"count":6,"href":"https:\/\/www.lwbv.de\/lwbv\/wp-json\/wp\/v2\/posts\/2612\/revisions"}],"predecessor-version":[{"id":2635,"href":"https:\/\/www.lwbv.de\/lwbv\/wp-json\/wp\/v2\/posts\/2612\/revisions\/2635"}],"wp:featuredmedia":[{"embeddable":true,"href":"https:\/\/www.lwbv.de\/lwbv\/wp-json\/wp\/v2\/media\/2634"}],"wp:attachment":[{"href":"https:\/\/www.lwbv.de\/lwbv\/wp-json\/wp\/v2\/media?parent=2612"}],"wp:term":[{"taxonomy":"category","embeddable":true,"href":"https:\/\/www.lwbv.de\/lwbv\/wp-json\/wp\/v2\/categories?post=2612"},{"taxonomy":"post_tag","embeddable":true,"href":"https:\/\/www.lwbv.de\/lwbv\/wp-json\/wp\/v2\/tags?post=2612"}],"curies":[{"name":"wp","href":"https:\/\/api.w.org\/{rel}","templated":true}]}}