{"id":2659,"date":"2023-10-05T11:15:27","date_gmt":"2023-10-05T09:15:27","guid":{"rendered":"https:\/\/www.lwbv.de\/lwbv\/?p=2659"},"modified":"2023-10-05T11:18:49","modified_gmt":"2023-10-05T09:18:49","slug":"10-jahre-beim-landesverband","status":"publish","type":"post","link":"https:\/\/www.lwbv.de\/lwbv\/2023-08_30im-gespraech-mit-der-cdu-landtagsfraktion-2-2\/","title":{"rendered":"10 Jahre beim Landesverband"},"content":{"rendered":"<p style=\"font-weight: 400;\">Am 01. Oktober 2023 feierte Frau Dr. Mareike Stanisak ihr 10-j\u00e4hriges Jubil\u00e4um.<!--more--><\/p>\n<p style=\"font-weight: 400;\">Als Leiterin der Abteilung \u201eNatur und Umwelt\u201c ist Frau Dr. Stanisak insbesondere f\u00fcr die \u00f6kologische Beratung der Verb\u00e4nde sowie f\u00fcr das Datenmanagement verantwortlich.<\/p>\n<p style=\"font-weight: 400;\">\u201eDass der Naturschutz in der Verbandsarbeit mittlerweile so fest etabliert ist, ist insbesondere ein Verdienst von Frau Dr. Stanisak. Als fachkundige Botschafterin verbandlicher Belange ist sie landesweit eine herausragende Mittlerin zwischen Naturschutz und Wasserwirtschaft\u201c, so Gesch\u00e4ftsf\u00fchrer Mathias Rohde, der sich bei seiner Kollegin mit einem Blumenstrau\u00df bedankte.<\/p>\n","protected":false},"excerpt":{"rendered":"<p>Am 01. Oktober 2023 feierte Frau Dr. Mareike Stanisak ihr 10-j\u00e4hriges Jubil\u00e4um.<\/p>\n","protected":false},"author":5,"featured_media":0,"comment_status":"closed","ping_status":"open","sticky":false,"template":"","format":"standard","meta":{"footnotes":""},"categories":[1],"tags":[],"yoast_head":"<!-- This site is optimized with the Yoast SEO plugin v22.8 - https:\/\/yoast.com\/wordpress\/plugins\/seo\/ -->\n<title>10 Jahre beim Landesverband - Landesverband der Wasser- und Bodenverb\u00e4nde<\/title>\n<meta name=\"description\" content=\"%\" \/>\n<meta name=\"robots\" content=\"index, follow, max-snippet:-1, max-image-preview:large, max-video-preview:-1\" \/>\n<link rel=\"canonical\" href=\"https:\/\/www.lwbv.de\/lwbv\/2023-08_30im-gespraech-mit-der-cdu-landtagsfraktion-2-2\/\" \/>\n<meta property=\"og:locale\" content=\"de_DE\" \/>\n<meta property=\"og:type\" content=\"article\" \/>\n<meta property=\"og:title\" content=\"10 Jahre beim Landesverband - Landesverband der Wasser- und Bodenverb\u00e4nde\" \/>\n<meta property=\"og:description\" content=\"%\" \/>\n<meta property=\"og:url\" content=\"https:\/\/www.lwbv.de\/lwbv\/2023-08_30im-gespraech-mit-der-cdu-landtagsfraktion-2-2\/\" \/>\n<meta property=\"og:site_name\" content=\"Landesverband der Wasser- und Bodenverb\u00e4nde\" \/>\n<meta property=\"article:published_time\" content=\"2023-10-05T09:15:27+00:00\" \/>\n<meta property=\"article:modified_time\" content=\"2023-10-05T09:18:49+00:00\" \/>\n<meta name=\"author\" content=\"Mareike Stanisak\" \/>\n<meta name=\"twitter:card\" content=\"summary_large_image\" \/>\n<meta name=\"twitter:label1\" content=\"Verfasst von\" \/>\n\t<meta name=\"twitter:data1\" content=\"Mareike Stanisak\" \/>\n\t<meta name=\"twitter:label2\" content=\"Gesch\u00e4tzte Lesezeit\" \/>\n\t<meta name=\"twitter:data2\" content=\"1\u00a0Minute\" \/>\n<script type=\"application\/ld+json\" class=\"yoast-schema-graph\">{\"@context\":\"https:\/\/schema.org\",\"@graph\":[{\"@type\":\"WebPage\",\"@id\":\"https:\/\/www.lwbv.de\/lwbv\/2023-08_30im-gespraech-mit-der-cdu-landtagsfraktion-2-2\/\",\"url\":\"https:\/\/www.lwbv.de\/lwbv\/2023-08_30im-gespraech-mit-der-cdu-landtagsfraktion-2-2\/\",\"name\":\"10 Jahre beim Landesverband - Landesverband der Wasser- und Bodenverb\u00e4nde\",\"isPartOf\":{\"@id\":\"https:\/\/www.lwbv.de\/lwbv\/#website\"},\"datePublished\":\"2023-10-05T09:15:27+00:00\",\"dateModified\":\"2023-10-05T09:18:49+00:00\",\"author\":{\"@id\":\"https:\/\/www.lwbv.de\/lwbv\/#\/schema\/person\/98b5f67243cc998bbff770682877bec6\"},\"description\":\"%\",\"breadcrumb\":{\"@id\":\"https:\/\/www.lwbv.de\/lwbv\/2023-08_30im-gespraech-mit-der-cdu-landtagsfraktion-2-2\/#breadcrumb\"},\"inLanguage\":\"de\",\"potentialAction\":[{\"@type\":\"ReadAction\",\"target\":[\"https:\/\/www.lwbv.de\/lwbv\/2023-08_30im-gespraech-mit-der-cdu-landtagsfraktion-2-2\/\"]}]},{\"@type\":\"BreadcrumbList\",\"@id\":\"https:\/\/www.lwbv.de\/lwbv\/2023-08_30im-gespraech-mit-der-cdu-landtagsfraktion-2-2\/#breadcrumb\",\"itemListElement\":[{\"@type\":\"ListItem\",\"position\":1,\"name\":\"Startseite\",\"item\":\"https:\/\/www.lwbv.de\/lwbv\/\"},{\"@type\":\"ListItem\",\"position\":2,\"name\":\"10 Jahre beim Landesverband\"}]},{\"@type\":\"WebSite\",\"@id\":\"https:\/\/www.lwbv.de\/lwbv\/#website\",\"url\":\"https:\/\/www.lwbv.de\/lwbv\/\",\"name\":\"Landesverband der Wasser- und Bodenverb\u00e4nde\",\"description\":\"\",\"potentialAction\":[{\"@type\":\"SearchAction\",\"target\":{\"@type\":\"EntryPoint\",\"urlTemplate\":\"https:\/\/www.lwbv.de\/lwbv\/?s={search_term_string}\"},\"query-input\":\"required name=search_term_string\"}],\"inLanguage\":\"de\"},{\"@type\":\"Person\",\"@id\":\"https:\/\/www.lwbv.de\/lwbv\/#\/schema\/person\/98b5f67243cc998bbff770682877bec6\",\"name\":\"Mareike Stanisak\",\"image\":{\"@type\":\"ImageObject\",\"inLanguage\":\"de\",\"@id\":\"https:\/\/www.lwbv.de\/lwbv\/#\/schema\/person\/image\/\",\"url\":\"https:\/\/secure.gravatar.com\/avatar\/ab5bb07042fef19b9b9b0c5877e56642?s=96&d=mm&r=g\",\"contentUrl\":\"https:\/\/secure.gravatar.com\/avatar\/ab5bb07042fef19b9b9b0c5877e56642?s=96&d=mm&r=g\",\"caption\":\"Mareike Stanisak\"}}]}<\/script>\n<!-- \/ Yoast SEO plugin. -->","yoast_head_json":{"title":"10 Jahre beim Landesverband - Landesverband der Wasser- und Bodenverb\u00e4nde","description":"%","robots":{"index":"index","follow":"follow","max-snippet":"max-snippet:-1","max-image-preview":"max-image-preview:large","max-video-preview":"max-video-preview:-1"},"canonical":"https:\/\/www.lwbv.de\/lwbv\/2023-08_30im-gespraech-mit-der-cdu-landtagsfraktion-2-2\/","og_locale":"de_DE","og_type":"article","og_title":"10 Jahre beim Landesverband - Landesverband der Wasser- und Bodenverb\u00e4nde","og_description":"%","og_url":"https:\/\/www.lwbv.de\/lwbv\/2023-08_30im-gespraech-mit-der-cdu-landtagsfraktion-2-2\/","og_site_name":"Landesverband der Wasser- und Bodenverb\u00e4nde","article_published_time":"2023-10-05T09:15:27+00:00","article_modified_time":"2023-10-05T09:18:49+00:00","author":"Mareike Stanisak","twitter_card":"summary_large_image","twitter_misc":{"Verfasst von":"Mareike Stanisak","Gesch\u00e4tzte Lesezeit":"1\u00a0Minute"},"schema":{"@context":"https:\/\/schema.org","@graph":[{"@type":"WebPage","@id":"https:\/\/www.lwbv.de\/lwbv\/2023-08_30im-gespraech-mit-der-cdu-landtagsfraktion-2-2\/","url":"https:\/\/www.lwbv.de\/lwbv\/2023-08_30im-gespraech-mit-der-cdu-landtagsfraktion-2-2\/","name":"10 Jahre beim Landesverband - Landesverband der Wasser- und Bodenverb\u00e4nde","isPartOf":{"@id":"https:\/\/www.lwbv.de\/lwbv\/#website"},"datePublished":"2023-10-05T09:15:27+00:00","dateModified":"2023-10-05T09:18:49+00:00","author":{"@id":"https:\/\/www.lwbv.de\/lwbv\/#\/schema\/person\/98b5f67243cc998bbff770682877bec6"},"description":"%","breadcrumb":{"@id":"https:\/\/www.lwbv.de\/lwbv\/2023-08_30im-gespraech-mit-der-cdu-landtagsfraktion-2-2\/#breadcrumb"},"inLanguage":"de","potentialAction":[{"@type":"ReadAction","target":["https:\/\/www.lwbv.de\/lwbv\/2023-08_30im-gespraech-mit-der-cdu-landtagsfraktion-2-2\/"]}]},{"@type":"BreadcrumbList","@id":"https:\/\/www.lwbv.de\/lwbv\/2023-08_30im-gespraech-mit-der-cdu-landtagsfraktion-2-2\/#breadcrumb","itemListElement":[{"@type":"ListItem","position":1,"name":"Startseite","item":"https:\/\/www.lwbv.de\/lwbv\/"},{"@type":"ListItem","position":2,"name":"10 Jahre beim Landesverband"}]},{"@type":"WebSite","@id":"https:\/\/www.lwbv.de\/lwbv\/#website","url":"https:\/\/www.lwbv.de\/lwbv\/","name":"Landesverband der Wasser- und Bodenverb\u00e4nde","description":"","potentialAction":[{"@type":"SearchAction","target":{"@type":"EntryPoint","urlTemplate":"https:\/\/www.lwbv.de\/lwbv\/?s={search_term_string}"},"query-input":"required name=search_term_string"}],"inLanguage":"de"},{"@type":"Person","@id":"https:\/\/www.lwbv.de\/lwbv\/#\/schema\/person\/98b5f67243cc998bbff770682877bec6","name":"Mareike Stanisak","image":{"@type":"ImageObject","inLanguage":"de","@id":"https:\/\/www.lwbv.de\/lwbv\/#\/schema\/person\/image\/","url":"https:\/\/secure.gravatar.com\/avatar\/ab5bb07042fef19b9b9b0c5877e56642?s=96&d=mm&r=g","contentUrl":"https:\/\/secure.gravatar.com\/avatar\/ab5bb07042fef19b9b9b0c5877e56642?s=96&d=mm&r=g","caption":"Mareike Stanisak"}}]}},"_links":{"self":[{"href":"https:\/\/www.lwbv.de\/lwbv\/wp-json\/wp\/v2\/posts\/2659"}],"collection":[{"href":"https:\/\/www.lwbv.de\/lwbv\/wp-json\/wp\/v2\/posts"}],"about":[{"href":"https:\/\/www.lwbv.de\/lwbv\/wp-json\/wp\/v2\/types\/post"}],"author":[{"embeddable":true,"href":"https:\/\/www.lwbv.de\/lwbv\/wp-json\/wp\/v2\/users\/5"}],"replies":[{"embeddable":true,"href":"https:\/\/www.lwbv.de\/lwbv\/wp-json\/wp\/v2\/comments?post=2659"}],"version-history":[{"count":3,"href":"https:\/\/www.lwbv.de\/lwbv\/wp-json\/wp\/v2\/posts\/2659\/revisions"}],"predecessor-version":[{"id":2662,"href":"https:\/\/www.lwbv.de\/lwbv\/wp-json\/wp\/v2\/posts\/2659\/revisions\/2662"}],"wp:attachment":[{"href":"https:\/\/www.lwbv.de\/lwbv\/wp-json\/wp\/v2\/media?parent=2659"}],"wp:term":[{"taxonomy":"category","embeddable":true,"href":"https:\/\/www.lwbv.de\/lwbv\/wp-json\/wp\/v2\/categories?post=2659"},{"taxonomy":"post_tag","embeddable":true,"href":"https:\/\/www.lwbv.de\/lwbv\/wp-json\/wp\/v2\/tags?post=2659"}],"curies":[{"name":"wp","href":"https:\/\/api.w.org\/{rel}","templated":true}]}}