{"id":2733,"date":"2024-01-19T07:35:11","date_gmt":"2024-01-19T06:35:11","guid":{"rendered":"https:\/\/www.lwbv.de\/lwbv\/?p=2733"},"modified":"2024-01-19T07:39:36","modified_gmt":"2024-01-19T06:39:36","slug":"2024_01_die-ostseesturmflut-in-schleswig-holstein-und-ihre-folgen","status":"publish","type":"post","link":"https:\/\/www.lwbv.de\/lwbv\/2023-12-der-landesverband-wuenscht-frohe-weihnachten-2\/","title":{"rendered":"Die Ostseesturmflut in Schleswig-Holstein und ihre Folgen: wie geht es weiter beim Ostseek\u00fcstenschutz?"},"content":{"rendered":"\r\n<p><strong>Die Ostseesturmflut und ihre Folgen &#8211; das Umweltministerium l\u00e4dt ein zum Austausch\u00a0<\/strong><\/p>\r\n<p><span style=\"word-spacing: normal;\">Die extreme Sturmflut mit gro\u00dffl\u00e4chigen \u00dcberschwemmungen und enormen Sch\u00e4den hat die Handlungsbedarfe beim Ostseek\u00fcstenschutz offengelegt. Das MEKUN m\u00f6chte \u00dcberlegungen zur Fortentwicklung des K\u00fcstenschutzes vorstellen und l\u00e4dt\u00a0 zu drei Vor-Ort-Terminen ein:<\/span><\/p>\r\n<p>\u2022 09. Februar in Kappeln<\/p>\r\n<p>\u2022 16. Februar in Damp<\/p>\r\n<p>\u2022 07. M\u00e4rz in Gro\u00dfenbrode<\/p>\r\n<p>Weitere informationen sowie die M\u00f6glichkeit der Anmeldung finden Sie <a href=\"https:\/\/www.lwbv.de\/lwbv\/wp-content\/uploads\/2024\/01\/Einladung_Ostseesturmflut_2024.pdf\" target=\"_blank\" rel=\"noopener\">HIER<\/a>!<\/p>\r\n<p>\r\n\r\n<\/p>\r\n<p>&nbsp;<\/p>\r\n<p><\/p>\r\n<div class=\"page\" title=\"Page 1\">\r\n<div class=\"layoutArea\">\r\n<div class=\"column\">\r\n<p>&nbsp;<\/p>\r\n<\/div>\r\n<\/div>\r\n<\/div>\r\n<p><!--more--><\/p>","protected":false},"excerpt":{"rendered":"<p>Die Ostseesturmflut und ihre Folgen &#8211; das Umweltministerium l\u00e4dt ein zum Austausch\u00a0 Die extreme Sturmflut mit gro\u00dffl\u00e4chigen \u00dcberschwemmungen und enormen Sch\u00e4den hat die Handlungsbedarfe beim Ostseek\u00fcstenschutz offengelegt. Das MEKUN m\u00f6chte \u00dcberlegungen zur Fortentwicklung des K\u00fcstenschutzes vorstellen und l\u00e4dt\u00a0 zu drei Vor-Ort-Terminen ein: \u2022 09. Februar in Kappeln \u2022 16. Februar in Damp \u2022 07. M\u00e4rz&hellip;<\/p>\n","protected":false},"author":5,"featured_media":2739,"comment_status":"closed","ping_status":"closed","sticky":false,"template":"","format":"standard","meta":{"footnotes":""},"categories":[1],"tags":[],"yoast_head":"<!-- This site is optimized with the Yoast SEO plugin v22.8 - https:\/\/yoast.com\/wordpress\/plugins\/seo\/ -->\n<title>Die Ostseesturmflut in Schleswig-Holstein und ihre Folgen: wie geht es weiter beim Ostseek\u00fcstenschutz? - Landesverband der Wasser- und Bodenverb\u00e4nde<\/title>\n<meta name=\"description\" content=\"%\" \/>\n<meta name=\"robots\" content=\"index, follow, max-snippet:-1, max-image-preview:large, max-video-preview:-1\" \/>\n<link rel=\"canonical\" href=\"https:\/\/www.lwbv.de\/lwbv\/2023-12-der-landesverband-wuenscht-frohe-weihnachten-2\/\" \/>\n<meta property=\"og:locale\" content=\"de_DE\" \/>\n<meta property=\"og:type\" content=\"article\" \/>\n<meta property=\"og:title\" content=\"Die Ostseesturmflut in Schleswig-Holstein und ihre Folgen: wie geht es weiter beim Ostseek\u00fcstenschutz? - Landesverband der Wasser- und Bodenverb\u00e4nde\" \/>\n<meta property=\"og:description\" content=\"%\" \/>\n<meta property=\"og:url\" content=\"https:\/\/www.lwbv.de\/lwbv\/2023-12-der-landesverband-wuenscht-frohe-weihnachten-2\/\" \/>\n<meta property=\"og:site_name\" content=\"Landesverband der Wasser- und Bodenverb\u00e4nde\" \/>\n<meta property=\"article:published_time\" content=\"2024-01-19T06:35:11+00:00\" \/>\n<meta property=\"article:modified_time\" content=\"2024-01-19T06:39:36+00:00\" \/>\n<meta property=\"og:image\" content=\"https:\/\/www.lwbv.de\/lwbv\/wp-content\/uploads\/2024\/01\/IMG_3122-scaled.jpeg\" \/>\n\t<meta property=\"og:image:width\" content=\"2560\" \/>\n\t<meta property=\"og:image:height\" content=\"1920\" \/>\n\t<meta property=\"og:image:type\" content=\"image\/jpeg\" \/>\n<meta name=\"author\" content=\"Mareike Stanisak\" \/>\n<meta name=\"twitter:card\" content=\"summary_large_image\" \/>\n<meta name=\"twitter:label1\" content=\"Verfasst von\" \/>\n\t<meta name=\"twitter:data1\" content=\"Mareike Stanisak\" \/>\n\t<meta name=\"twitter:label2\" content=\"Gesch\u00e4tzte Lesezeit\" \/>\n\t<meta name=\"twitter:data2\" content=\"1\u00a0Minute\" \/>\n<script type=\"application\/ld+json\" class=\"yoast-schema-graph\">{\"@context\":\"https:\/\/schema.org\",\"@graph\":[{\"@type\":\"WebPage\",\"@id\":\"https:\/\/www.lwbv.de\/lwbv\/2023-12-der-landesverband-wuenscht-frohe-weihnachten-2\/\",\"url\":\"https:\/\/www.lwbv.de\/lwbv\/2023-12-der-landesverband-wuenscht-frohe-weihnachten-2\/\",\"name\":\"Die Ostseesturmflut in Schleswig-Holstein und ihre Folgen: wie geht es weiter beim Ostseek\u00fcstenschutz? - Landesverband der Wasser- und Bodenverb\u00e4nde\",\"isPartOf\":{\"@id\":\"https:\/\/www.lwbv.de\/lwbv\/#website\"},\"primaryImageOfPage\":{\"@id\":\"https:\/\/www.lwbv.de\/lwbv\/2023-12-der-landesverband-wuenscht-frohe-weihnachten-2\/#primaryimage\"},\"image\":{\"@id\":\"https:\/\/www.lwbv.de\/lwbv\/2023-12-der-landesverband-wuenscht-frohe-weihnachten-2\/#primaryimage\"},\"thumbnailUrl\":\"https:\/\/www.lwbv.de\/lwbv\/wp-content\/uploads\/2024\/01\/IMG_3122-scaled.jpeg\",\"datePublished\":\"2024-01-19T06:35:11+00:00\",\"dateModified\":\"2024-01-19T06:39:36+00:00\",\"author\":{\"@id\":\"https:\/\/www.lwbv.de\/lwbv\/#\/schema\/person\/98b5f67243cc998bbff770682877bec6\"},\"description\":\"%\",\"breadcrumb\":{\"@id\":\"https:\/\/www.lwbv.de\/lwbv\/2023-12-der-landesverband-wuenscht-frohe-weihnachten-2\/#breadcrumb\"},\"inLanguage\":\"de\",\"potentialAction\":[{\"@type\":\"ReadAction\",\"target\":[\"https:\/\/www.lwbv.de\/lwbv\/2023-12-der-landesverband-wuenscht-frohe-weihnachten-2\/\"]}]},{\"@type\":\"ImageObject\",\"inLanguage\":\"de\",\"@id\":\"https:\/\/www.lwbv.de\/lwbv\/2023-12-der-landesverband-wuenscht-frohe-weihnachten-2\/#primaryimage\",\"url\":\"https:\/\/www.lwbv.de\/lwbv\/wp-content\/uploads\/2024\/01\/IMG_3122-scaled.jpeg\",\"contentUrl\":\"https:\/\/www.lwbv.de\/lwbv\/wp-content\/uploads\/2024\/01\/IMG_3122-scaled.jpeg\",\"width\":2560,\"height\":1920},{\"@type\":\"BreadcrumbList\",\"@id\":\"https:\/\/www.lwbv.de\/lwbv\/2023-12-der-landesverband-wuenscht-frohe-weihnachten-2\/#breadcrumb\",\"itemListElement\":[{\"@type\":\"ListItem\",\"position\":1,\"name\":\"Startseite\",\"item\":\"https:\/\/www.lwbv.de\/lwbv\/\"},{\"@type\":\"ListItem\",\"position\":2,\"name\":\"Die Ostseesturmflut in Schleswig-Holstein und ihre Folgen: wie geht es weiter beim Ostseek\u00fcstenschutz?\"}]},{\"@type\":\"WebSite\",\"@id\":\"https:\/\/www.lwbv.de\/lwbv\/#website\",\"url\":\"https:\/\/www.lwbv.de\/lwbv\/\",\"name\":\"Landesverband der Wasser- und Bodenverb\u00e4nde\",\"description\":\"\",\"potentialAction\":[{\"@type\":\"SearchAction\",\"target\":{\"@type\":\"EntryPoint\",\"urlTemplate\":\"https:\/\/www.lwbv.de\/lwbv\/?s={search_term_string}\"},\"query-input\":\"required name=search_term_string\"}],\"inLanguage\":\"de\"},{\"@type\":\"Person\",\"@id\":\"https:\/\/www.lwbv.de\/lwbv\/#\/schema\/person\/98b5f67243cc998bbff770682877bec6\",\"name\":\"Mareike Stanisak\",\"image\":{\"@type\":\"ImageObject\",\"inLanguage\":\"de\",\"@id\":\"https:\/\/www.lwbv.de\/lwbv\/#\/schema\/person\/image\/\",\"url\":\"https:\/\/secure.gravatar.com\/avatar\/ab5bb07042fef19b9b9b0c5877e56642?s=96&d=mm&r=g\",\"contentUrl\":\"https:\/\/secure.gravatar.com\/avatar\/ab5bb07042fef19b9b9b0c5877e56642?s=96&d=mm&r=g\",\"caption\":\"Mareike Stanisak\"}}]}<\/script>\n<!-- \/ Yoast SEO plugin. -->","yoast_head_json":{"title":"Die Ostseesturmflut in Schleswig-Holstein und ihre Folgen: wie geht es weiter beim Ostseek\u00fcstenschutz? - Landesverband der Wasser- und Bodenverb\u00e4nde","description":"%","robots":{"index":"index","follow":"follow","max-snippet":"max-snippet:-1","max-image-preview":"max-image-preview:large","max-video-preview":"max-video-preview:-1"},"canonical":"https:\/\/www.lwbv.de\/lwbv\/2023-12-der-landesverband-wuenscht-frohe-weihnachten-2\/","og_locale":"de_DE","og_type":"article","og_title":"Die Ostseesturmflut in Schleswig-Holstein und ihre Folgen: wie geht es weiter beim Ostseek\u00fcstenschutz? - Landesverband der Wasser- und Bodenverb\u00e4nde","og_description":"%","og_url":"https:\/\/www.lwbv.de\/lwbv\/2023-12-der-landesverband-wuenscht-frohe-weihnachten-2\/","og_site_name":"Landesverband der Wasser- und Bodenverb\u00e4nde","article_published_time":"2024-01-19T06:35:11+00:00","article_modified_time":"2024-01-19T06:39:36+00:00","og_image":[{"width":2560,"height":1920,"url":"https:\/\/www.lwbv.de\/lwbv\/wp-content\/uploads\/2024\/01\/IMG_3122-scaled.jpeg","type":"image\/jpeg"}],"author":"Mareike Stanisak","twitter_card":"summary_large_image","twitter_misc":{"Verfasst von":"Mareike Stanisak","Gesch\u00e4tzte Lesezeit":"1\u00a0Minute"},"schema":{"@context":"https:\/\/schema.org","@graph":[{"@type":"WebPage","@id":"https:\/\/www.lwbv.de\/lwbv\/2023-12-der-landesverband-wuenscht-frohe-weihnachten-2\/","url":"https:\/\/www.lwbv.de\/lwbv\/2023-12-der-landesverband-wuenscht-frohe-weihnachten-2\/","name":"Die Ostseesturmflut in Schleswig-Holstein und ihre Folgen: wie geht es weiter beim Ostseek\u00fcstenschutz? - Landesverband der Wasser- und Bodenverb\u00e4nde","isPartOf":{"@id":"https:\/\/www.lwbv.de\/lwbv\/#website"},"primaryImageOfPage":{"@id":"https:\/\/www.lwbv.de\/lwbv\/2023-12-der-landesverband-wuenscht-frohe-weihnachten-2\/#primaryimage"},"image":{"@id":"https:\/\/www.lwbv.de\/lwbv\/2023-12-der-landesverband-wuenscht-frohe-weihnachten-2\/#primaryimage"},"thumbnailUrl":"https:\/\/www.lwbv.de\/lwbv\/wp-content\/uploads\/2024\/01\/IMG_3122-scaled.jpeg","datePublished":"2024-01-19T06:35:11+00:00","dateModified":"2024-01-19T06:39:36+00:00","author":{"@id":"https:\/\/www.lwbv.de\/lwbv\/#\/schema\/person\/98b5f67243cc998bbff770682877bec6"},"description":"%","breadcrumb":{"@id":"https:\/\/www.lwbv.de\/lwbv\/2023-12-der-landesverband-wuenscht-frohe-weihnachten-2\/#breadcrumb"},"inLanguage":"de","potentialAction":[{"@type":"ReadAction","target":["https:\/\/www.lwbv.de\/lwbv\/2023-12-der-landesverband-wuenscht-frohe-weihnachten-2\/"]}]},{"@type":"ImageObject","inLanguage":"de","@id":"https:\/\/www.lwbv.de\/lwbv\/2023-12-der-landesverband-wuenscht-frohe-weihnachten-2\/#primaryimage","url":"https:\/\/www.lwbv.de\/lwbv\/wp-content\/uploads\/2024\/01\/IMG_3122-scaled.jpeg","contentUrl":"https:\/\/www.lwbv.de\/lwbv\/wp-content\/uploads\/2024\/01\/IMG_3122-scaled.jpeg","width":2560,"height":1920},{"@type":"BreadcrumbList","@id":"https:\/\/www.lwbv.de\/lwbv\/2023-12-der-landesverband-wuenscht-frohe-weihnachten-2\/#breadcrumb","itemListElement":[{"@type":"ListItem","position":1,"name":"Startseite","item":"https:\/\/www.lwbv.de\/lwbv\/"},{"@type":"ListItem","position":2,"name":"Die Ostseesturmflut in Schleswig-Holstein und ihre Folgen: wie geht es weiter beim Ostseek\u00fcstenschutz?"}]},{"@type":"WebSite","@id":"https:\/\/www.lwbv.de\/lwbv\/#website","url":"https:\/\/www.lwbv.de\/lwbv\/","name":"Landesverband der Wasser- und Bodenverb\u00e4nde","description":"","potentialAction":[{"@type":"SearchAction","target":{"@type":"EntryPoint","urlTemplate":"https:\/\/www.lwbv.de\/lwbv\/?s={search_term_string}"},"query-input":"required name=search_term_string"}],"inLanguage":"de"},{"@type":"Person","@id":"https:\/\/www.lwbv.de\/lwbv\/#\/schema\/person\/98b5f67243cc998bbff770682877bec6","name":"Mareike Stanisak","image":{"@type":"ImageObject","inLanguage":"de","@id":"https:\/\/www.lwbv.de\/lwbv\/#\/schema\/person\/image\/","url":"https:\/\/secure.gravatar.com\/avatar\/ab5bb07042fef19b9b9b0c5877e56642?s=96&d=mm&r=g","contentUrl":"https:\/\/secure.gravatar.com\/avatar\/ab5bb07042fef19b9b9b0c5877e56642?s=96&d=mm&r=g","caption":"Mareike Stanisak"}}]}},"_links":{"self":[{"href":"https:\/\/www.lwbv.de\/lwbv\/wp-json\/wp\/v2\/posts\/2733"}],"collection":[{"href":"https:\/\/www.lwbv.de\/lwbv\/wp-json\/wp\/v2\/posts"}],"about":[{"href":"https:\/\/www.lwbv.de\/lwbv\/wp-json\/wp\/v2\/types\/post"}],"author":[{"embeddable":true,"href":"https:\/\/www.lwbv.de\/lwbv\/wp-json\/wp\/v2\/users\/5"}],"replies":[{"embeddable":true,"href":"https:\/\/www.lwbv.de\/lwbv\/wp-json\/wp\/v2\/comments?post=2733"}],"version-history":[{"count":6,"href":"https:\/\/www.lwbv.de\/lwbv\/wp-json\/wp\/v2\/posts\/2733\/revisions"}],"predecessor-version":[{"id":2741,"href":"https:\/\/www.lwbv.de\/lwbv\/wp-json\/wp\/v2\/posts\/2733\/revisions\/2741"}],"wp:featuredmedia":[{"embeddable":true,"href":"https:\/\/www.lwbv.de\/lwbv\/wp-json\/wp\/v2\/media\/2739"}],"wp:attachment":[{"href":"https:\/\/www.lwbv.de\/lwbv\/wp-json\/wp\/v2\/media?parent=2733"}],"wp:term":[{"taxonomy":"category","embeddable":true,"href":"https:\/\/www.lwbv.de\/lwbv\/wp-json\/wp\/v2\/categories?post=2733"},{"taxonomy":"post_tag","embeddable":true,"href":"https:\/\/www.lwbv.de\/lwbv\/wp-json\/wp\/v2\/tags?post=2733"}],"curies":[{"name":"wp","href":"https:\/\/api.w.org\/{rel}","templated":true}]}}