{"id":2747,"date":"2024-02-14T10:42:53","date_gmt":"2024-02-14T09:42:53","guid":{"rendered":"https:\/\/www.lwbv.de\/lwbv\/?p=2747"},"modified":"2024-02-15T11:45:03","modified_gmt":"2024-02-15T10:45:03","slug":"stefan-seidler-zu-besuch-beim-landesverband","status":"publish","type":"post","link":"https:\/\/www.lwbv.de\/lwbv\/2024\/02\/14\/stefan-seidler-zu-besuch-beim-landesverband\/","title":{"rendered":"Stefan Seidler zu Gast beim Landesverband"},"content":{"rendered":"<div class=\"wp-block-image\">\n<figure class=\"aligncenter size-large is-resized\"><img loading=\"lazy\" decoding=\"async\" src=\"https:\/\/www.lwbv.de\/lwbv\/wp-content\/uploads\/2024\/02\/IMG-20240212-WA0005-Kop-2-988x1024.jpg\" alt=\"\" class=\"wp-image-2774\" width=\"299\" height=\"310\" srcset=\"https:\/\/www.lwbv.de\/lwbv\/wp-content\/uploads\/2024\/02\/IMG-20240212-WA0005-Kop-2-988x1024.jpg 988w, https:\/\/www.lwbv.de\/lwbv\/wp-content\/uploads\/2024\/02\/IMG-20240212-WA0005-Kop-2-289x300.jpg 289w, https:\/\/www.lwbv.de\/lwbv\/wp-content\/uploads\/2024\/02\/IMG-20240212-WA0005-Kop-2-768x796.jpg 768w, https:\/\/www.lwbv.de\/lwbv\/wp-content\/uploads\/2024\/02\/IMG-20240212-WA0005-Kop-2.jpg 1337w\" sizes=\"(max-width: 299px) 100vw, 299px\" \/><figcaption class=\"wp-element-caption\">Austausch in der Gesch\u00e4ftsstelle: \u00a0<br>Verbandsvorsteher Hans-Heinrich Gloy, <br>Stellvertretende Gesch\u00e4ftsf\u00fchrerin Stefanie Stock, MdB Stefan Seidler (SSW), Gesch\u00e4ftsf\u00fchrer Mathias Rohde<\/figcaption><\/figure><\/div>\n\n\n<p>&nbsp;<\/p>\n\n\n\n<p>Am 8. Februar 2024 konnte der Landesverband den Bundestagsabgeordneten Stefan Seidler (SSW) in seiner Gesch\u00e4ftsstelle zum Gespr\u00e4ch begr\u00fc\u00dfen.<\/p>\n\n\n\n<p>In einem intensiven Austausch, in dem es nat\u00fcrlich insbesondere auch um die Sturmflutereignisse an der schleswig-holsteinischen Ostseek\u00fcste ging, wurden aktuelle wasserwirtschaftliche Themen auf Bundes- und Landesebene diskutiert. Einigkeit herrschte, dass vor dem Hintergrund zunehmender wasserwirtschaftlicher Herausforderungen es gerade f\u00fcr das \u201eWasserland\u201c Schleswig-Holstein besonders geboten sei, auch auf Bundesebene ein st\u00e4rkeres Verst\u00e4ndnis f\u00fcr K\u00fcstenregionen zu schaffen.<\/p>\n\n\n\n<p>Speziell f\u00fcr den Schutz der Ostseek\u00fcste sei es auch lohnenswert, auch einen Blick auf K\u00fcstenschutz im Nachbarland D\u00e4nemark zu werfen, so Stefan Seidler.<\/p>\n\n\n\n\n","protected":false},"excerpt":{"rendered":"<p>&nbsp; Am 8. Februar 2024 konnte der Landesverband den Bundestagsabgeordneten Stefan Seidler (SSW) in seiner Gesch\u00e4ftsstelle zum Gespr\u00e4ch begr\u00fc\u00dfen. In einem intensiven Austausch, in dem es nat\u00fcrlich insbesondere auch um die Sturmflutereignisse an der schleswig-holsteinischen Ostseek\u00fcste ging, wurden aktuelle wasserwirtschaftliche Themen auf Bundes- und Landesebene diskutiert. Einigkeit herrschte, dass vor dem Hintergrund zunehmender wasserwirtschaftlicher Herausforderungen&hellip;<\/p>\n","protected":false},"author":8,"featured_media":0,"comment_status":"closed","ping_status":"closed","sticky":false,"template":"","format":"standard","meta":{"footnotes":""},"categories":[1],"tags":[],"yoast_head":"<!-- This site is optimized with the Yoast SEO plugin v22.8 - https:\/\/yoast.com\/wordpress\/plugins\/seo\/ -->\n<title>Stefan Seidler zu Gast beim Landesverband - Landesverband der Wasser- und Bodenverb\u00e4nde<\/title>\n<meta name=\"robots\" content=\"index, follow, max-snippet:-1, max-image-preview:large, max-video-preview:-1\" \/>\n<link rel=\"canonical\" href=\"https:\/\/www.lwbv.de\/lwbv\/2024\/02\/14\/stefan-seidler-zu-besuch-beim-landesverband\/\" \/>\n<meta property=\"og:locale\" content=\"de_DE\" \/>\n<meta property=\"og:type\" content=\"article\" \/>\n<meta property=\"og:title\" content=\"Stefan Seidler zu Gast beim Landesverband - Landesverband der Wasser- und Bodenverb\u00e4nde\" \/>\n<meta property=\"og:description\" content=\"&nbsp; Am 8. Februar 2024 konnte der Landesverband den Bundestagsabgeordneten Stefan Seidler (SSW) in seiner Gesch\u00e4ftsstelle zum Gespr\u00e4ch begr\u00fc\u00dfen. In einem intensiven Austausch, in dem es nat\u00fcrlich insbesondere auch um die Sturmflutereignisse an der schleswig-holsteinischen Ostseek\u00fcste ging, wurden aktuelle wasserwirtschaftliche Themen auf Bundes- und Landesebene diskutiert. Einigkeit herrschte, dass vor dem Hintergrund zunehmender wasserwirtschaftlicher Herausforderungen&hellip;\" \/>\n<meta property=\"og:url\" content=\"https:\/\/www.lwbv.de\/lwbv\/2024\/02\/14\/stefan-seidler-zu-besuch-beim-landesverband\/\" \/>\n<meta property=\"og:site_name\" content=\"Landesverband der Wasser- und Bodenverb\u00e4nde\" \/>\n<meta property=\"article:published_time\" content=\"2024-02-14T09:42:53+00:00\" \/>\n<meta property=\"article:modified_time\" content=\"2024-02-15T10:45:03+00:00\" \/>\n<meta property=\"og:image\" content=\"https:\/\/www.lwbv.de\/lwbv\/wp-content\/uploads\/2024\/02\/IMG-20240212-WA0005-Kop-2-988x1024.jpg\" \/>\n<meta name=\"author\" content=\"Mathias Rohde\" \/>\n<meta name=\"twitter:card\" content=\"summary_large_image\" \/>\n<meta name=\"twitter:label1\" content=\"Verfasst von\" \/>\n\t<meta name=\"twitter:data1\" content=\"Mathias Rohde\" \/>\n\t<meta name=\"twitter:label2\" content=\"Gesch\u00e4tzte Lesezeit\" \/>\n\t<meta name=\"twitter:data2\" content=\"2\u00a0Minuten\" \/>\n<script type=\"application\/ld+json\" class=\"yoast-schema-graph\">{\"@context\":\"https:\/\/schema.org\",\"@graph\":[{\"@type\":\"WebPage\",\"@id\":\"https:\/\/www.lwbv.de\/lwbv\/2024\/02\/14\/stefan-seidler-zu-besuch-beim-landesverband\/\",\"url\":\"https:\/\/www.lwbv.de\/lwbv\/2024\/02\/14\/stefan-seidler-zu-besuch-beim-landesverband\/\",\"name\":\"Stefan Seidler zu Gast beim Landesverband - Landesverband der Wasser- und Bodenverb\u00e4nde\",\"isPartOf\":{\"@id\":\"https:\/\/www.lwbv.de\/lwbv\/#website\"},\"primaryImageOfPage\":{\"@id\":\"https:\/\/www.lwbv.de\/lwbv\/2024\/02\/14\/stefan-seidler-zu-besuch-beim-landesverband\/#primaryimage\"},\"image\":{\"@id\":\"https:\/\/www.lwbv.de\/lwbv\/2024\/02\/14\/stefan-seidler-zu-besuch-beim-landesverband\/#primaryimage\"},\"thumbnailUrl\":\"https:\/\/www.lwbv.de\/lwbv\/wp-content\/uploads\/2024\/02\/IMG-20240212-WA0005-Kop-2-988x1024.jpg\",\"datePublished\":\"2024-02-14T09:42:53+00:00\",\"dateModified\":\"2024-02-15T10:45:03+00:00\",\"author\":{\"@id\":\"https:\/\/www.lwbv.de\/lwbv\/#\/schema\/person\/c84b80400063ec44d5d032bfcc721479\"},\"breadcrumb\":{\"@id\":\"https:\/\/www.lwbv.de\/lwbv\/2024\/02\/14\/stefan-seidler-zu-besuch-beim-landesverband\/#breadcrumb\"},\"inLanguage\":\"de\",\"potentialAction\":[{\"@type\":\"ReadAction\",\"target\":[\"https:\/\/www.lwbv.de\/lwbv\/2024\/02\/14\/stefan-seidler-zu-besuch-beim-landesverband\/\"]}]},{\"@type\":\"ImageObject\",\"inLanguage\":\"de\",\"@id\":\"https:\/\/www.lwbv.de\/lwbv\/2024\/02\/14\/stefan-seidler-zu-besuch-beim-landesverband\/#primaryimage\",\"url\":\"https:\/\/www.lwbv.de\/lwbv\/wp-content\/uploads\/2024\/02\/IMG-20240212-WA0005-Kop-2.jpg\",\"contentUrl\":\"https:\/\/www.lwbv.de\/lwbv\/wp-content\/uploads\/2024\/02\/IMG-20240212-WA0005-Kop-2.jpg\",\"width\":1337,\"height\":1386},{\"@type\":\"BreadcrumbList\",\"@id\":\"https:\/\/www.lwbv.de\/lwbv\/2024\/02\/14\/stefan-seidler-zu-besuch-beim-landesverband\/#breadcrumb\",\"itemListElement\":[{\"@type\":\"ListItem\",\"position\":1,\"name\":\"Startseite\",\"item\":\"https:\/\/www.lwbv.de\/lwbv\/\"},{\"@type\":\"ListItem\",\"position\":2,\"name\":\"Stefan Seidler zu Gast beim Landesverband\"}]},{\"@type\":\"WebSite\",\"@id\":\"https:\/\/www.lwbv.de\/lwbv\/#website\",\"url\":\"https:\/\/www.lwbv.de\/lwbv\/\",\"name\":\"Landesverband der Wasser- und Bodenverb\u00e4nde\",\"description\":\"\",\"potentialAction\":[{\"@type\":\"SearchAction\",\"target\":{\"@type\":\"EntryPoint\",\"urlTemplate\":\"https:\/\/www.lwbv.de\/lwbv\/?s={search_term_string}\"},\"query-input\":\"required name=search_term_string\"}],\"inLanguage\":\"de\"},{\"@type\":\"Person\",\"@id\":\"https:\/\/www.lwbv.de\/lwbv\/#\/schema\/person\/c84b80400063ec44d5d032bfcc721479\",\"name\":\"Mathias Rohde\",\"image\":{\"@type\":\"ImageObject\",\"inLanguage\":\"de\",\"@id\":\"https:\/\/www.lwbv.de\/lwbv\/#\/schema\/person\/image\/\",\"url\":\"https:\/\/secure.gravatar.com\/avatar\/4d4c1af21e80fc716c0998ed0a17f0e3?s=96&d=mm&r=g\",\"contentUrl\":\"https:\/\/secure.gravatar.com\/avatar\/4d4c1af21e80fc716c0998ed0a17f0e3?s=96&d=mm&r=g\",\"caption\":\"Mathias Rohde\"}}]}<\/script>\n<!-- \/ Yoast SEO plugin. -->","yoast_head_json":{"title":"Stefan Seidler zu Gast beim Landesverband - Landesverband der Wasser- und Bodenverb\u00e4nde","robots":{"index":"index","follow":"follow","max-snippet":"max-snippet:-1","max-image-preview":"max-image-preview:large","max-video-preview":"max-video-preview:-1"},"canonical":"https:\/\/www.lwbv.de\/lwbv\/2024\/02\/14\/stefan-seidler-zu-besuch-beim-landesverband\/","og_locale":"de_DE","og_type":"article","og_title":"Stefan Seidler zu Gast beim Landesverband - Landesverband der Wasser- und Bodenverb\u00e4nde","og_description":"&nbsp; Am 8. Februar 2024 konnte der Landesverband den Bundestagsabgeordneten Stefan Seidler (SSW) in seiner Gesch\u00e4ftsstelle zum Gespr\u00e4ch begr\u00fc\u00dfen. In einem intensiven Austausch, in dem es nat\u00fcrlich insbesondere auch um die Sturmflutereignisse an der schleswig-holsteinischen Ostseek\u00fcste ging, wurden aktuelle wasserwirtschaftliche Themen auf Bundes- und Landesebene diskutiert. Einigkeit herrschte, dass vor dem Hintergrund zunehmender wasserwirtschaftlicher Herausforderungen&hellip;","og_url":"https:\/\/www.lwbv.de\/lwbv\/2024\/02\/14\/stefan-seidler-zu-besuch-beim-landesverband\/","og_site_name":"Landesverband der Wasser- und Bodenverb\u00e4nde","article_published_time":"2024-02-14T09:42:53+00:00","article_modified_time":"2024-02-15T10:45:03+00:00","og_image":[{"url":"https:\/\/www.lwbv.de\/lwbv\/wp-content\/uploads\/2024\/02\/IMG-20240212-WA0005-Kop-2-988x1024.jpg"}],"author":"Mathias Rohde","twitter_card":"summary_large_image","twitter_misc":{"Verfasst von":"Mathias Rohde","Gesch\u00e4tzte Lesezeit":"2\u00a0Minuten"},"schema":{"@context":"https:\/\/schema.org","@graph":[{"@type":"WebPage","@id":"https:\/\/www.lwbv.de\/lwbv\/2024\/02\/14\/stefan-seidler-zu-besuch-beim-landesverband\/","url":"https:\/\/www.lwbv.de\/lwbv\/2024\/02\/14\/stefan-seidler-zu-besuch-beim-landesverband\/","name":"Stefan Seidler zu Gast beim Landesverband - Landesverband der Wasser- und Bodenverb\u00e4nde","isPartOf":{"@id":"https:\/\/www.lwbv.de\/lwbv\/#website"},"primaryImageOfPage":{"@id":"https:\/\/www.lwbv.de\/lwbv\/2024\/02\/14\/stefan-seidler-zu-besuch-beim-landesverband\/#primaryimage"},"image":{"@id":"https:\/\/www.lwbv.de\/lwbv\/2024\/02\/14\/stefan-seidler-zu-besuch-beim-landesverband\/#primaryimage"},"thumbnailUrl":"https:\/\/www.lwbv.de\/lwbv\/wp-content\/uploads\/2024\/02\/IMG-20240212-WA0005-Kop-2-988x1024.jpg","datePublished":"2024-02-14T09:42:53+00:00","dateModified":"2024-02-15T10:45:03+00:00","author":{"@id":"https:\/\/www.lwbv.de\/lwbv\/#\/schema\/person\/c84b80400063ec44d5d032bfcc721479"},"breadcrumb":{"@id":"https:\/\/www.lwbv.de\/lwbv\/2024\/02\/14\/stefan-seidler-zu-besuch-beim-landesverband\/#breadcrumb"},"inLanguage":"de","potentialAction":[{"@type":"ReadAction","target":["https:\/\/www.lwbv.de\/lwbv\/2024\/02\/14\/stefan-seidler-zu-besuch-beim-landesverband\/"]}]},{"@type":"ImageObject","inLanguage":"de","@id":"https:\/\/www.lwbv.de\/lwbv\/2024\/02\/14\/stefan-seidler-zu-besuch-beim-landesverband\/#primaryimage","url":"https:\/\/www.lwbv.de\/lwbv\/wp-content\/uploads\/2024\/02\/IMG-20240212-WA0005-Kop-2.jpg","contentUrl":"https:\/\/www.lwbv.de\/lwbv\/wp-content\/uploads\/2024\/02\/IMG-20240212-WA0005-Kop-2.jpg","width":1337,"height":1386},{"@type":"BreadcrumbList","@id":"https:\/\/www.lwbv.de\/lwbv\/2024\/02\/14\/stefan-seidler-zu-besuch-beim-landesverband\/#breadcrumb","itemListElement":[{"@type":"ListItem","position":1,"name":"Startseite","item":"https:\/\/www.lwbv.de\/lwbv\/"},{"@type":"ListItem","position":2,"name":"Stefan Seidler zu Gast beim Landesverband"}]},{"@type":"WebSite","@id":"https:\/\/www.lwbv.de\/lwbv\/#website","url":"https:\/\/www.lwbv.de\/lwbv\/","name":"Landesverband der Wasser- und Bodenverb\u00e4nde","description":"","potentialAction":[{"@type":"SearchAction","target":{"@type":"EntryPoint","urlTemplate":"https:\/\/www.lwbv.de\/lwbv\/?s={search_term_string}"},"query-input":"required name=search_term_string"}],"inLanguage":"de"},{"@type":"Person","@id":"https:\/\/www.lwbv.de\/lwbv\/#\/schema\/person\/c84b80400063ec44d5d032bfcc721479","name":"Mathias Rohde","image":{"@type":"ImageObject","inLanguage":"de","@id":"https:\/\/www.lwbv.de\/lwbv\/#\/schema\/person\/image\/","url":"https:\/\/secure.gravatar.com\/avatar\/4d4c1af21e80fc716c0998ed0a17f0e3?s=96&d=mm&r=g","contentUrl":"https:\/\/secure.gravatar.com\/avatar\/4d4c1af21e80fc716c0998ed0a17f0e3?s=96&d=mm&r=g","caption":"Mathias Rohde"}}]}},"_links":{"self":[{"href":"https:\/\/www.lwbv.de\/lwbv\/wp-json\/wp\/v2\/posts\/2747"}],"collection":[{"href":"https:\/\/www.lwbv.de\/lwbv\/wp-json\/wp\/v2\/posts"}],"about":[{"href":"https:\/\/www.lwbv.de\/lwbv\/wp-json\/wp\/v2\/types\/post"}],"author":[{"embeddable":true,"href":"https:\/\/www.lwbv.de\/lwbv\/wp-json\/wp\/v2\/users\/8"}],"replies":[{"embeddable":true,"href":"https:\/\/www.lwbv.de\/lwbv\/wp-json\/wp\/v2\/comments?post=2747"}],"version-history":[{"count":17,"href":"https:\/\/www.lwbv.de\/lwbv\/wp-json\/wp\/v2\/posts\/2747\/revisions"}],"predecessor-version":[{"id":2779,"href":"https:\/\/www.lwbv.de\/lwbv\/wp-json\/wp\/v2\/posts\/2747\/revisions\/2779"}],"wp:attachment":[{"href":"https:\/\/www.lwbv.de\/lwbv\/wp-json\/wp\/v2\/media?parent=2747"}],"wp:term":[{"taxonomy":"category","embeddable":true,"href":"https:\/\/www.lwbv.de\/lwbv\/wp-json\/wp\/v2\/categories?post=2747"},{"taxonomy":"post_tag","embeddable":true,"href":"https:\/\/www.lwbv.de\/lwbv\/wp-json\/wp\/v2\/tags?post=2747"}],"curies":[{"name":"wp","href":"https:\/\/api.w.org\/{rel}","templated":true}]}}