{"id":2867,"date":"2024-11-21T14:03:27","date_gmt":"2024-11-21T13:03:27","guid":{"rendered":"https:\/\/www.lwbv.de\/lwbv\/?p=2867"},"modified":"2024-11-21T14:14:48","modified_gmt":"2024-11-21T13:14:48","slug":"naturschutzverbaende-treten-allianz-fuer-gewaesserschutz-bei","status":"publish","type":"post","link":"https:\/\/www.lwbv.de\/lwbv\/2024\/11\/21\/naturschutzverbaende-treten-allianz-fuer-gewaesserschutz-bei\/","title":{"rendered":"Naturschutzverb\u00e4nde treten &#8222;Allianz f\u00fcr Gew\u00e4sserschutz&#8220; bei"},"content":{"rendered":"<p><em>\u00a0<\/em><\/p>\n<p>KIEL\/RENDSBURG. Vor elf Jahren wurde in Schleswig-Holstein die Allianz f\u00fcr den Gew\u00e4sserschutz gegr\u00fcndet mit dem Ziel, die N\u00e4hrstoffeintr\u00e4ge in Grundwasser und Gew\u00e4sser zu vermindern. Partner sind neben dem Umwelt- und dem Landwirtschaftsministerium auch der Bauernverband, der Landesverband der Wasser- und Bodenverb\u00e4nde und der Bundesverband der Energie- und Wasserwirtschaft. Im Rahmen ihres obersten Gremiums, des Runden Tisches N\u00e4hrstoffmanagement, kamen am 15. November die Allianz-Mitglieder zusammen, um die Erweiterung um Vertreter des Naturschutzes zu feiern.<\/p>\n<p><strong><img loading=\"lazy\" decoding=\"async\" class=\"size-medium wp-image-2866 aligncenter\" src=\"https:\/\/www.lwbv.de\/lwbv\/wp-content\/uploads\/2024\/11\/Gruppenbild_Aufnahme_Naturschutz_mbw-002-300x200.jpg\" alt=\"\" width=\"300\" height=\"200\" srcset=\"https:\/\/www.lwbv.de\/lwbv\/wp-content\/uploads\/2024\/11\/Gruppenbild_Aufnahme_Naturschutz_mbw-002-300x200.jpg 300w, https:\/\/www.lwbv.de\/lwbv\/wp-content\/uploads\/2024\/11\/Gruppenbild_Aufnahme_Naturschutz_mbw-002-1024x683.jpg 1024w, https:\/\/www.lwbv.de\/lwbv\/wp-content\/uploads\/2024\/11\/Gruppenbild_Aufnahme_Naturschutz_mbw-002-768x512.jpg 768w, https:\/\/www.lwbv.de\/lwbv\/wp-content\/uploads\/2024\/11\/Gruppenbild_Aufnahme_Naturschutz_mbw-002-1536x1024.jpg 1536w, https:\/\/www.lwbv.de\/lwbv\/wp-content\/uploads\/2024\/11\/Gruppenbild_Aufnahme_Naturschutz_mbw-002-2048x1365.jpg 2048w\" sizes=\"(max-width: 300px) 100vw, 300px\" \/><\/strong><\/p>\n<p><em>Vertreterinnen und Vertreter der Mitglieder in der &#8222;Allianz f\u00fcr den Gew\u00e4sserschutz&#8220; (Foto: Mechthilde Becker-Weigel)<\/em><\/p>\n<p>&nbsp;<\/p>\n<p><strong>Umweltstaatssekret\u00e4rin Katja G\u00fcnther:<\/strong> \u201eMit dem Beitritt der Naturschutzverb\u00e4nde gewinnt die Allianz weitere Partner mit wertvoller Expertise in den Bereichen Klima-, Natur- und Gew\u00e4sserschutz. Ich freue mich, dass der Naturschutz seine Expertise hier mit einbringen kann und will\u201c.<\/p>\n<p><strong>Hans-Heinrich Gloy, Verbandsvorsteher des Landesverbandes der Wasser- und Boden-verb\u00e4nde Schleswig-Holstein<\/strong>, fasst zusammen:\u00a0\u201eDie Bereitstellung gew\u00e4sserangrenzender Fl\u00e4chen zur Einrichtung breiter, dauerhafter Gew\u00e4sserrandstreifen ist ein wirkungsvoller Beitrag zum Gew\u00e4sserschutz. Seit 2019 haben sich die Wasser- und Bodenverb\u00e4nde Schleswig-Holsteins sehr erfolgreich der Sicherung gew\u00e4sserangrenzender Fl\u00e4chen verschrieben und treiben damit wirkungsvoll den Schutz der Flie\u00dfgew\u00e4sser voran. Dieses Modell werden wir auch in die Zukunft tragen.\u201c<\/p>\n","protected":false},"excerpt":{"rendered":"<p>\u00a0 KIEL\/RENDSBURG. Vor elf Jahren wurde in Schleswig-Holstein die Allianz f\u00fcr den Gew\u00e4sserschutz gegr\u00fcndet mit dem Ziel, die N\u00e4hrstoffeintr\u00e4ge in Grundwasser und Gew\u00e4sser zu vermindern. Partner sind neben dem Umwelt- und dem Landwirtschaftsministerium auch der Bauernverband, der Landesverband der Wasser- und Bodenverb\u00e4nde und der Bundesverband der Energie- und Wasserwirtschaft. Im Rahmen ihres obersten Gremiums, des&hellip;<\/p>\n","protected":false},"author":8,"featured_media":0,"comment_status":"closed","ping_status":"closed","sticky":false,"template":"","format":"standard","meta":{"footnotes":""},"categories":[1],"tags":[],"yoast_head":"<!-- This site is optimized with the Yoast SEO plugin v22.8 - https:\/\/yoast.com\/wordpress\/plugins\/seo\/ -->\n<title>Naturschutzverb\u00e4nde treten &quot;Allianz f\u00fcr Gew\u00e4sserschutz&quot; bei - Landesverband der Wasser- und Bodenverb\u00e4nde<\/title>\n<meta name=\"robots\" content=\"index, follow, max-snippet:-1, max-image-preview:large, max-video-preview:-1\" \/>\n<link rel=\"canonical\" href=\"https:\/\/www.lwbv.de\/lwbv\/2024\/11\/21\/naturschutzverbaende-treten-allianz-fuer-gewaesserschutz-bei\/\" \/>\n<meta property=\"og:locale\" content=\"de_DE\" \/>\n<meta property=\"og:type\" content=\"article\" \/>\n<meta property=\"og:title\" content=\"Naturschutzverb\u00e4nde treten &quot;Allianz f\u00fcr Gew\u00e4sserschutz&quot; bei - Landesverband der Wasser- und Bodenverb\u00e4nde\" \/>\n<meta property=\"og:description\" content=\"\u00a0 KIEL\/RENDSBURG. Vor elf Jahren wurde in Schleswig-Holstein die Allianz f\u00fcr den Gew\u00e4sserschutz gegr\u00fcndet mit dem Ziel, die N\u00e4hrstoffeintr\u00e4ge in Grundwasser und Gew\u00e4sser zu vermindern. Partner sind neben dem Umwelt- und dem Landwirtschaftsministerium auch der Bauernverband, der Landesverband der Wasser- und Bodenverb\u00e4nde und der Bundesverband der Energie- und Wasserwirtschaft. Im Rahmen ihres obersten Gremiums, des&hellip;\" \/>\n<meta property=\"og:url\" content=\"https:\/\/www.lwbv.de\/lwbv\/2024\/11\/21\/naturschutzverbaende-treten-allianz-fuer-gewaesserschutz-bei\/\" \/>\n<meta property=\"og:site_name\" content=\"Landesverband der Wasser- und Bodenverb\u00e4nde\" \/>\n<meta property=\"article:published_time\" content=\"2024-11-21T13:03:27+00:00\" \/>\n<meta property=\"article:modified_time\" content=\"2024-11-21T13:14:48+00:00\" \/>\n<meta property=\"og:image\" content=\"https:\/\/www.lwbv.de\/lwbv\/wp-content\/uploads\/2024\/11\/Gruppenbild_Aufnahme_Naturschutz_mbw-002-300x200.jpg\" \/>\n<meta name=\"author\" content=\"Mathias Rohde\" \/>\n<meta name=\"twitter:card\" content=\"summary_large_image\" \/>\n<meta name=\"twitter:label1\" content=\"Verfasst von\" \/>\n\t<meta name=\"twitter:data1\" content=\"Mathias Rohde\" \/>\n\t<meta name=\"twitter:label2\" content=\"Gesch\u00e4tzte Lesezeit\" \/>\n\t<meta name=\"twitter:data2\" content=\"2\u00a0Minuten\" \/>\n<script type=\"application\/ld+json\" class=\"yoast-schema-graph\">{\"@context\":\"https:\/\/schema.org\",\"@graph\":[{\"@type\":\"WebPage\",\"@id\":\"https:\/\/www.lwbv.de\/lwbv\/2024\/11\/21\/naturschutzverbaende-treten-allianz-fuer-gewaesserschutz-bei\/\",\"url\":\"https:\/\/www.lwbv.de\/lwbv\/2024\/11\/21\/naturschutzverbaende-treten-allianz-fuer-gewaesserschutz-bei\/\",\"name\":\"Naturschutzverb\u00e4nde treten \\\"Allianz f\u00fcr Gew\u00e4sserschutz\\\" bei - Landesverband der Wasser- und Bodenverb\u00e4nde\",\"isPartOf\":{\"@id\":\"https:\/\/www.lwbv.de\/lwbv\/#website\"},\"primaryImageOfPage\":{\"@id\":\"https:\/\/www.lwbv.de\/lwbv\/2024\/11\/21\/naturschutzverbaende-treten-allianz-fuer-gewaesserschutz-bei\/#primaryimage\"},\"image\":{\"@id\":\"https:\/\/www.lwbv.de\/lwbv\/2024\/11\/21\/naturschutzverbaende-treten-allianz-fuer-gewaesserschutz-bei\/#primaryimage\"},\"thumbnailUrl\":\"https:\/\/www.lwbv.de\/lwbv\/wp-content\/uploads\/2024\/11\/Gruppenbild_Aufnahme_Naturschutz_mbw-002-300x200.jpg\",\"datePublished\":\"2024-11-21T13:03:27+00:00\",\"dateModified\":\"2024-11-21T13:14:48+00:00\",\"author\":{\"@id\":\"https:\/\/www.lwbv.de\/lwbv\/#\/schema\/person\/c84b80400063ec44d5d032bfcc721479\"},\"breadcrumb\":{\"@id\":\"https:\/\/www.lwbv.de\/lwbv\/2024\/11\/21\/naturschutzverbaende-treten-allianz-fuer-gewaesserschutz-bei\/#breadcrumb\"},\"inLanguage\":\"de\",\"potentialAction\":[{\"@type\":\"ReadAction\",\"target\":[\"https:\/\/www.lwbv.de\/lwbv\/2024\/11\/21\/naturschutzverbaende-treten-allianz-fuer-gewaesserschutz-bei\/\"]}]},{\"@type\":\"ImageObject\",\"inLanguage\":\"de\",\"@id\":\"https:\/\/www.lwbv.de\/lwbv\/2024\/11\/21\/naturschutzverbaende-treten-allianz-fuer-gewaesserschutz-bei\/#primaryimage\",\"url\":\"https:\/\/www.lwbv.de\/lwbv\/wp-content\/uploads\/2024\/11\/Gruppenbild_Aufnahme_Naturschutz_mbw-002-scaled.jpg\",\"contentUrl\":\"https:\/\/www.lwbv.de\/lwbv\/wp-content\/uploads\/2024\/11\/Gruppenbild_Aufnahme_Naturschutz_mbw-002-scaled.jpg\",\"width\":2560,\"height\":1706},{\"@type\":\"BreadcrumbList\",\"@id\":\"https:\/\/www.lwbv.de\/lwbv\/2024\/11\/21\/naturschutzverbaende-treten-allianz-fuer-gewaesserschutz-bei\/#breadcrumb\",\"itemListElement\":[{\"@type\":\"ListItem\",\"position\":1,\"name\":\"Startseite\",\"item\":\"https:\/\/www.lwbv.de\/lwbv\/\"},{\"@type\":\"ListItem\",\"position\":2,\"name\":\"Naturschutzverb\u00e4nde treten &#8222;Allianz f\u00fcr Gew\u00e4sserschutz&#8220; bei\"}]},{\"@type\":\"WebSite\",\"@id\":\"https:\/\/www.lwbv.de\/lwbv\/#website\",\"url\":\"https:\/\/www.lwbv.de\/lwbv\/\",\"name\":\"Landesverband der Wasser- und Bodenverb\u00e4nde\",\"description\":\"\",\"potentialAction\":[{\"@type\":\"SearchAction\",\"target\":{\"@type\":\"EntryPoint\",\"urlTemplate\":\"https:\/\/www.lwbv.de\/lwbv\/?s={search_term_string}\"},\"query-input\":\"required name=search_term_string\"}],\"inLanguage\":\"de\"},{\"@type\":\"Person\",\"@id\":\"https:\/\/www.lwbv.de\/lwbv\/#\/schema\/person\/c84b80400063ec44d5d032bfcc721479\",\"name\":\"Mathias Rohde\",\"image\":{\"@type\":\"ImageObject\",\"inLanguage\":\"de\",\"@id\":\"https:\/\/www.lwbv.de\/lwbv\/#\/schema\/person\/image\/\",\"url\":\"https:\/\/secure.gravatar.com\/avatar\/4d4c1af21e80fc716c0998ed0a17f0e3?s=96&d=mm&r=g\",\"contentUrl\":\"https:\/\/secure.gravatar.com\/avatar\/4d4c1af21e80fc716c0998ed0a17f0e3?s=96&d=mm&r=g\",\"caption\":\"Mathias Rohde\"}}]}<\/script>\n<!-- \/ Yoast SEO plugin. -->","yoast_head_json":{"title":"Naturschutzverb\u00e4nde treten \"Allianz f\u00fcr Gew\u00e4sserschutz\" bei - Landesverband der Wasser- und Bodenverb\u00e4nde","robots":{"index":"index","follow":"follow","max-snippet":"max-snippet:-1","max-image-preview":"max-image-preview:large","max-video-preview":"max-video-preview:-1"},"canonical":"https:\/\/www.lwbv.de\/lwbv\/2024\/11\/21\/naturschutzverbaende-treten-allianz-fuer-gewaesserschutz-bei\/","og_locale":"de_DE","og_type":"article","og_title":"Naturschutzverb\u00e4nde treten \"Allianz f\u00fcr Gew\u00e4sserschutz\" bei - Landesverband der Wasser- und Bodenverb\u00e4nde","og_description":"\u00a0 KIEL\/RENDSBURG. Vor elf Jahren wurde in Schleswig-Holstein die Allianz f\u00fcr den Gew\u00e4sserschutz gegr\u00fcndet mit dem Ziel, die N\u00e4hrstoffeintr\u00e4ge in Grundwasser und Gew\u00e4sser zu vermindern. Partner sind neben dem Umwelt- und dem Landwirtschaftsministerium auch der Bauernverband, der Landesverband der Wasser- und Bodenverb\u00e4nde und der Bundesverband der Energie- und Wasserwirtschaft. Im Rahmen ihres obersten Gremiums, des&hellip;","og_url":"https:\/\/www.lwbv.de\/lwbv\/2024\/11\/21\/naturschutzverbaende-treten-allianz-fuer-gewaesserschutz-bei\/","og_site_name":"Landesverband der Wasser- und Bodenverb\u00e4nde","article_published_time":"2024-11-21T13:03:27+00:00","article_modified_time":"2024-11-21T13:14:48+00:00","og_image":[{"url":"https:\/\/www.lwbv.de\/lwbv\/wp-content\/uploads\/2024\/11\/Gruppenbild_Aufnahme_Naturschutz_mbw-002-300x200.jpg"}],"author":"Mathias Rohde","twitter_card":"summary_large_image","twitter_misc":{"Verfasst von":"Mathias Rohde","Gesch\u00e4tzte Lesezeit":"2\u00a0Minuten"},"schema":{"@context":"https:\/\/schema.org","@graph":[{"@type":"WebPage","@id":"https:\/\/www.lwbv.de\/lwbv\/2024\/11\/21\/naturschutzverbaende-treten-allianz-fuer-gewaesserschutz-bei\/","url":"https:\/\/www.lwbv.de\/lwbv\/2024\/11\/21\/naturschutzverbaende-treten-allianz-fuer-gewaesserschutz-bei\/","name":"Naturschutzverb\u00e4nde treten \"Allianz f\u00fcr Gew\u00e4sserschutz\" bei - Landesverband der Wasser- und Bodenverb\u00e4nde","isPartOf":{"@id":"https:\/\/www.lwbv.de\/lwbv\/#website"},"primaryImageOfPage":{"@id":"https:\/\/www.lwbv.de\/lwbv\/2024\/11\/21\/naturschutzverbaende-treten-allianz-fuer-gewaesserschutz-bei\/#primaryimage"},"image":{"@id":"https:\/\/www.lwbv.de\/lwbv\/2024\/11\/21\/naturschutzverbaende-treten-allianz-fuer-gewaesserschutz-bei\/#primaryimage"},"thumbnailUrl":"https:\/\/www.lwbv.de\/lwbv\/wp-content\/uploads\/2024\/11\/Gruppenbild_Aufnahme_Naturschutz_mbw-002-300x200.jpg","datePublished":"2024-11-21T13:03:27+00:00","dateModified":"2024-11-21T13:14:48+00:00","author":{"@id":"https:\/\/www.lwbv.de\/lwbv\/#\/schema\/person\/c84b80400063ec44d5d032bfcc721479"},"breadcrumb":{"@id":"https:\/\/www.lwbv.de\/lwbv\/2024\/11\/21\/naturschutzverbaende-treten-allianz-fuer-gewaesserschutz-bei\/#breadcrumb"},"inLanguage":"de","potentialAction":[{"@type":"ReadAction","target":["https:\/\/www.lwbv.de\/lwbv\/2024\/11\/21\/naturschutzverbaende-treten-allianz-fuer-gewaesserschutz-bei\/"]}]},{"@type":"ImageObject","inLanguage":"de","@id":"https:\/\/www.lwbv.de\/lwbv\/2024\/11\/21\/naturschutzverbaende-treten-allianz-fuer-gewaesserschutz-bei\/#primaryimage","url":"https:\/\/www.lwbv.de\/lwbv\/wp-content\/uploads\/2024\/11\/Gruppenbild_Aufnahme_Naturschutz_mbw-002-scaled.jpg","contentUrl":"https:\/\/www.lwbv.de\/lwbv\/wp-content\/uploads\/2024\/11\/Gruppenbild_Aufnahme_Naturschutz_mbw-002-scaled.jpg","width":2560,"height":1706},{"@type":"BreadcrumbList","@id":"https:\/\/www.lwbv.de\/lwbv\/2024\/11\/21\/naturschutzverbaende-treten-allianz-fuer-gewaesserschutz-bei\/#breadcrumb","itemListElement":[{"@type":"ListItem","position":1,"name":"Startseite","item":"https:\/\/www.lwbv.de\/lwbv\/"},{"@type":"ListItem","position":2,"name":"Naturschutzverb\u00e4nde treten &#8222;Allianz f\u00fcr Gew\u00e4sserschutz&#8220; bei"}]},{"@type":"WebSite","@id":"https:\/\/www.lwbv.de\/lwbv\/#website","url":"https:\/\/www.lwbv.de\/lwbv\/","name":"Landesverband der Wasser- und Bodenverb\u00e4nde","description":"","potentialAction":[{"@type":"SearchAction","target":{"@type":"EntryPoint","urlTemplate":"https:\/\/www.lwbv.de\/lwbv\/?s={search_term_string}"},"query-input":"required name=search_term_string"}],"inLanguage":"de"},{"@type":"Person","@id":"https:\/\/www.lwbv.de\/lwbv\/#\/schema\/person\/c84b80400063ec44d5d032bfcc721479","name":"Mathias Rohde","image":{"@type":"ImageObject","inLanguage":"de","@id":"https:\/\/www.lwbv.de\/lwbv\/#\/schema\/person\/image\/","url":"https:\/\/secure.gravatar.com\/avatar\/4d4c1af21e80fc716c0998ed0a17f0e3?s=96&d=mm&r=g","contentUrl":"https:\/\/secure.gravatar.com\/avatar\/4d4c1af21e80fc716c0998ed0a17f0e3?s=96&d=mm&r=g","caption":"Mathias Rohde"}}]}},"_links":{"self":[{"href":"https:\/\/www.lwbv.de\/lwbv\/wp-json\/wp\/v2\/posts\/2867"}],"collection":[{"href":"https:\/\/www.lwbv.de\/lwbv\/wp-json\/wp\/v2\/posts"}],"about":[{"href":"https:\/\/www.lwbv.de\/lwbv\/wp-json\/wp\/v2\/types\/post"}],"author":[{"embeddable":true,"href":"https:\/\/www.lwbv.de\/lwbv\/wp-json\/wp\/v2\/users\/8"}],"replies":[{"embeddable":true,"href":"https:\/\/www.lwbv.de\/lwbv\/wp-json\/wp\/v2\/comments?post=2867"}],"version-history":[{"count":2,"href":"https:\/\/www.lwbv.de\/lwbv\/wp-json\/wp\/v2\/posts\/2867\/revisions"}],"predecessor-version":[{"id":2870,"href":"https:\/\/www.lwbv.de\/lwbv\/wp-json\/wp\/v2\/posts\/2867\/revisions\/2870"}],"wp:attachment":[{"href":"https:\/\/www.lwbv.de\/lwbv\/wp-json\/wp\/v2\/media?parent=2867"}],"wp:term":[{"taxonomy":"category","embeddable":true,"href":"https:\/\/www.lwbv.de\/lwbv\/wp-json\/wp\/v2\/categories?post=2867"},{"taxonomy":"post_tag","embeddable":true,"href":"https:\/\/www.lwbv.de\/lwbv\/wp-json\/wp\/v2\/tags?post=2867"}],"curies":[{"name":"wp","href":"https:\/\/api.w.org\/{rel}","templated":true}]}}