{"id":2880,"date":"2024-12-06T11:33:34","date_gmt":"2024-12-06T10:33:34","guid":{"rendered":"https:\/\/www.lwbv.de\/lwbv\/?p=2880"},"modified":"2024-12-06T11:33:34","modified_gmt":"2024-12-06T10:33:34","slug":"naturschutzverbaende-treten-allianz-fuer-gewaesserschutz-bei-2","status":"publish","type":"post","link":"https:\/\/www.lwbv.de\/lwbv\/2024\/11\/21\/naturschutzverbaende-treten-allianz-fuer-gewaesserschutz-bei-2\/","title":{"rendered":"LWG-Novelle: Verb\u00e4nde-Anh\u00f6rung im Landtag"},"content":{"rendered":"<p><em>\u00a0<\/em><\/p>\n<p>Auf Einladung des Umwelt- und Agrarausschusses fand im Schleswig-Holsteinischen Landtag am 4. Dezember 2024 die m\u00fcndliche Anh\u00f6rung zum Regierungsentwurf eines &#8222;Gesetzes zur \u00c4nderung des Landeswassergesetzes und anderer rechtlicher Vorschriften&#8220; statt.<\/p>\n<p>Gemeinsam mit Vertretern des Marschenverbandes e.V. sowie der Kooperation kommunaler Wasser- und Abwasserverb\u00e4nde (KOWA) nahmen Verbandsvorsteher Hans-Heinrich Gloy und Gesch\u00e4ftsf\u00fchrer Mathias Rohde f\u00fcr den Landesverband ausf\u00fchrlich Stellung zu dem geplanten Gesetzespaket, mit dem nicht nur Vorschriften des LWG sondern u.a. auch solche des Landeswasserverbandsgesetzes (LWG) sowie des Landeswasserabgabengesetzes (LWAG) novelliert werden sollen.<\/p>\n<p>Nachdem von Seiten des Landesverbandes in der ministeriellen Verbandsanh\u00f6rung am dortigen Entwurf erhebliche Kritik ge\u00e4u\u00dfert worden war, betonten die Vertreter des Landesverbandes, dass der \u00fcberarbeitete Entwurf jetzt zahlreichen der verbandlichen Bedenken und Anregungen Rechnung trage.<br \/>\nVorbehaltlich einiger, fortbestehender \u00c4nderungsvorschl\u00e4ge sei der Entwurf nunmehr als grunds\u00e4tzlich gelungener Kompromiss zwischen der notwendigen Best\u00e4ndigkeit des Wasserrechts und der Ber\u00fccksichtigung aktueller klimawandelbedingter Herausforderungen zu bewerten, so Mathias Rohde.<\/p>\n<p>Den aktuellen Entwurf der Landesregierung finden Sie <a href=\"https:\/\/www.landtag.ltsh.de\/infothek\/wahl20\/drucks\/02600\/drucksache-20-02644.pdf\">hier<\/a>.<\/p>\n<p>Die Stellungnahme des Landesverbandes zu diesem Entwurf ist <a href=\"https:\/\/www.landtag.ltsh.de\/infothek\/wahl20\/umdrucke\/04000\/umdruck-20-04042.pdf\">hier<\/a> einzusehen.<\/p>\n<p>&nbsp;<\/p>\n","protected":false},"excerpt":{"rendered":"<p>\u00a0 Auf Einladung des Umwelt- und Agrarausschusses fand im Schleswig-Holsteinischen Landtag am 4. Dezember 2024 die m\u00fcndliche Anh\u00f6rung zum Regierungsentwurf eines &#8222;Gesetzes zur \u00c4nderung des Landeswassergesetzes und anderer rechtlicher Vorschriften&#8220; statt. Gemeinsam mit Vertretern des Marschenverbandes e.V. sowie der Kooperation kommunaler Wasser- und Abwasserverb\u00e4nde (KOWA) nahmen Verbandsvorsteher Hans-Heinrich Gloy und Gesch\u00e4ftsf\u00fchrer Mathias Rohde f\u00fcr den&hellip;<\/p>\n","protected":false},"author":8,"featured_media":0,"comment_status":"closed","ping_status":"closed","sticky":false,"template":"","format":"standard","meta":{"footnotes":""},"categories":[1],"tags":[],"yoast_head":"<!-- This site is optimized with the Yoast SEO plugin v22.8 - https:\/\/yoast.com\/wordpress\/plugins\/seo\/ -->\n<title>LWG-Novelle: Verb\u00e4nde-Anh\u00f6rung im Landtag - Landesverband der Wasser- und Bodenverb\u00e4nde<\/title>\n<meta name=\"robots\" content=\"index, follow, max-snippet:-1, max-image-preview:large, max-video-preview:-1\" \/>\n<link rel=\"canonical\" href=\"https:\/\/www.lwbv.de\/lwbv\/2024\/11\/21\/naturschutzverbaende-treten-allianz-fuer-gewaesserschutz-bei-2\/\" \/>\n<meta property=\"og:locale\" content=\"de_DE\" \/>\n<meta property=\"og:type\" content=\"article\" \/>\n<meta property=\"og:title\" content=\"LWG-Novelle: Verb\u00e4nde-Anh\u00f6rung im Landtag - Landesverband der Wasser- und Bodenverb\u00e4nde\" \/>\n<meta property=\"og:description\" content=\"\u00a0 Auf Einladung des Umwelt- und Agrarausschusses fand im Schleswig-Holsteinischen Landtag am 4. Dezember 2024 die m\u00fcndliche Anh\u00f6rung zum Regierungsentwurf eines &#8222;Gesetzes zur \u00c4nderung des Landeswassergesetzes und anderer rechtlicher Vorschriften&#8220; statt. Gemeinsam mit Vertretern des Marschenverbandes e.V. sowie der Kooperation kommunaler Wasser- und Abwasserverb\u00e4nde (KOWA) nahmen Verbandsvorsteher Hans-Heinrich Gloy und Gesch\u00e4ftsf\u00fchrer Mathias Rohde f\u00fcr den&hellip;\" \/>\n<meta property=\"og:url\" content=\"https:\/\/www.lwbv.de\/lwbv\/2024\/11\/21\/naturschutzverbaende-treten-allianz-fuer-gewaesserschutz-bei-2\/\" \/>\n<meta property=\"og:site_name\" content=\"Landesverband der Wasser- und Bodenverb\u00e4nde\" \/>\n<meta property=\"article:published_time\" content=\"2024-12-06T10:33:34+00:00\" \/>\n<meta name=\"author\" content=\"Mathias Rohde\" \/>\n<meta name=\"twitter:card\" content=\"summary_large_image\" \/>\n<meta name=\"twitter:label1\" content=\"Verfasst von\" \/>\n\t<meta name=\"twitter:data1\" content=\"Mathias Rohde\" \/>\n\t<meta name=\"twitter:label2\" content=\"Gesch\u00e4tzte Lesezeit\" \/>\n\t<meta name=\"twitter:data2\" content=\"1\u00a0Minute\" \/>\n<script type=\"application\/ld+json\" class=\"yoast-schema-graph\">{\"@context\":\"https:\/\/schema.org\",\"@graph\":[{\"@type\":\"WebPage\",\"@id\":\"https:\/\/www.lwbv.de\/lwbv\/2024\/11\/21\/naturschutzverbaende-treten-allianz-fuer-gewaesserschutz-bei-2\/\",\"url\":\"https:\/\/www.lwbv.de\/lwbv\/2024\/11\/21\/naturschutzverbaende-treten-allianz-fuer-gewaesserschutz-bei-2\/\",\"name\":\"LWG-Novelle: Verb\u00e4nde-Anh\u00f6rung im Landtag - Landesverband der Wasser- und Bodenverb\u00e4nde\",\"isPartOf\":{\"@id\":\"https:\/\/www.lwbv.de\/lwbv\/#website\"},\"datePublished\":\"2024-12-06T10:33:34+00:00\",\"dateModified\":\"2024-12-06T10:33:34+00:00\",\"author\":{\"@id\":\"https:\/\/www.lwbv.de\/lwbv\/#\/schema\/person\/c84b80400063ec44d5d032bfcc721479\"},\"breadcrumb\":{\"@id\":\"https:\/\/www.lwbv.de\/lwbv\/2024\/11\/21\/naturschutzverbaende-treten-allianz-fuer-gewaesserschutz-bei-2\/#breadcrumb\"},\"inLanguage\":\"de\",\"potentialAction\":[{\"@type\":\"ReadAction\",\"target\":[\"https:\/\/www.lwbv.de\/lwbv\/2024\/11\/21\/naturschutzverbaende-treten-allianz-fuer-gewaesserschutz-bei-2\/\"]}]},{\"@type\":\"BreadcrumbList\",\"@id\":\"https:\/\/www.lwbv.de\/lwbv\/2024\/11\/21\/naturschutzverbaende-treten-allianz-fuer-gewaesserschutz-bei-2\/#breadcrumb\",\"itemListElement\":[{\"@type\":\"ListItem\",\"position\":1,\"name\":\"Startseite\",\"item\":\"https:\/\/www.lwbv.de\/lwbv\/\"},{\"@type\":\"ListItem\",\"position\":2,\"name\":\"LWG-Novelle: Verb\u00e4nde-Anh\u00f6rung im Landtag\"}]},{\"@type\":\"WebSite\",\"@id\":\"https:\/\/www.lwbv.de\/lwbv\/#website\",\"url\":\"https:\/\/www.lwbv.de\/lwbv\/\",\"name\":\"Landesverband der Wasser- und Bodenverb\u00e4nde\",\"description\":\"\",\"potentialAction\":[{\"@type\":\"SearchAction\",\"target\":{\"@type\":\"EntryPoint\",\"urlTemplate\":\"https:\/\/www.lwbv.de\/lwbv\/?s={search_term_string}\"},\"query-input\":\"required name=search_term_string\"}],\"inLanguage\":\"de\"},{\"@type\":\"Person\",\"@id\":\"https:\/\/www.lwbv.de\/lwbv\/#\/schema\/person\/c84b80400063ec44d5d032bfcc721479\",\"name\":\"Mathias Rohde\",\"image\":{\"@type\":\"ImageObject\",\"inLanguage\":\"de\",\"@id\":\"https:\/\/www.lwbv.de\/lwbv\/#\/schema\/person\/image\/\",\"url\":\"https:\/\/secure.gravatar.com\/avatar\/4d4c1af21e80fc716c0998ed0a17f0e3?s=96&d=mm&r=g\",\"contentUrl\":\"https:\/\/secure.gravatar.com\/avatar\/4d4c1af21e80fc716c0998ed0a17f0e3?s=96&d=mm&r=g\",\"caption\":\"Mathias Rohde\"}}]}<\/script>\n<!-- \/ Yoast SEO plugin. -->","yoast_head_json":{"title":"LWG-Novelle: Verb\u00e4nde-Anh\u00f6rung im Landtag - Landesverband der Wasser- und Bodenverb\u00e4nde","robots":{"index":"index","follow":"follow","max-snippet":"max-snippet:-1","max-image-preview":"max-image-preview:large","max-video-preview":"max-video-preview:-1"},"canonical":"https:\/\/www.lwbv.de\/lwbv\/2024\/11\/21\/naturschutzverbaende-treten-allianz-fuer-gewaesserschutz-bei-2\/","og_locale":"de_DE","og_type":"article","og_title":"LWG-Novelle: Verb\u00e4nde-Anh\u00f6rung im Landtag - Landesverband der Wasser- und Bodenverb\u00e4nde","og_description":"\u00a0 Auf Einladung des Umwelt- und Agrarausschusses fand im Schleswig-Holsteinischen Landtag am 4. Dezember 2024 die m\u00fcndliche Anh\u00f6rung zum Regierungsentwurf eines &#8222;Gesetzes zur \u00c4nderung des Landeswassergesetzes und anderer rechtlicher Vorschriften&#8220; statt. Gemeinsam mit Vertretern des Marschenverbandes e.V. sowie der Kooperation kommunaler Wasser- und Abwasserverb\u00e4nde (KOWA) nahmen Verbandsvorsteher Hans-Heinrich Gloy und Gesch\u00e4ftsf\u00fchrer Mathias Rohde f\u00fcr den&hellip;","og_url":"https:\/\/www.lwbv.de\/lwbv\/2024\/11\/21\/naturschutzverbaende-treten-allianz-fuer-gewaesserschutz-bei-2\/","og_site_name":"Landesverband der Wasser- und Bodenverb\u00e4nde","article_published_time":"2024-12-06T10:33:34+00:00","author":"Mathias Rohde","twitter_card":"summary_large_image","twitter_misc":{"Verfasst von":"Mathias Rohde","Gesch\u00e4tzte Lesezeit":"1\u00a0Minute"},"schema":{"@context":"https:\/\/schema.org","@graph":[{"@type":"WebPage","@id":"https:\/\/www.lwbv.de\/lwbv\/2024\/11\/21\/naturschutzverbaende-treten-allianz-fuer-gewaesserschutz-bei-2\/","url":"https:\/\/www.lwbv.de\/lwbv\/2024\/11\/21\/naturschutzverbaende-treten-allianz-fuer-gewaesserschutz-bei-2\/","name":"LWG-Novelle: Verb\u00e4nde-Anh\u00f6rung im Landtag - Landesverband der Wasser- und Bodenverb\u00e4nde","isPartOf":{"@id":"https:\/\/www.lwbv.de\/lwbv\/#website"},"datePublished":"2024-12-06T10:33:34+00:00","dateModified":"2024-12-06T10:33:34+00:00","author":{"@id":"https:\/\/www.lwbv.de\/lwbv\/#\/schema\/person\/c84b80400063ec44d5d032bfcc721479"},"breadcrumb":{"@id":"https:\/\/www.lwbv.de\/lwbv\/2024\/11\/21\/naturschutzverbaende-treten-allianz-fuer-gewaesserschutz-bei-2\/#breadcrumb"},"inLanguage":"de","potentialAction":[{"@type":"ReadAction","target":["https:\/\/www.lwbv.de\/lwbv\/2024\/11\/21\/naturschutzverbaende-treten-allianz-fuer-gewaesserschutz-bei-2\/"]}]},{"@type":"BreadcrumbList","@id":"https:\/\/www.lwbv.de\/lwbv\/2024\/11\/21\/naturschutzverbaende-treten-allianz-fuer-gewaesserschutz-bei-2\/#breadcrumb","itemListElement":[{"@type":"ListItem","position":1,"name":"Startseite","item":"https:\/\/www.lwbv.de\/lwbv\/"},{"@type":"ListItem","position":2,"name":"LWG-Novelle: Verb\u00e4nde-Anh\u00f6rung im Landtag"}]},{"@type":"WebSite","@id":"https:\/\/www.lwbv.de\/lwbv\/#website","url":"https:\/\/www.lwbv.de\/lwbv\/","name":"Landesverband der Wasser- und Bodenverb\u00e4nde","description":"","potentialAction":[{"@type":"SearchAction","target":{"@type":"EntryPoint","urlTemplate":"https:\/\/www.lwbv.de\/lwbv\/?s={search_term_string}"},"query-input":"required name=search_term_string"}],"inLanguage":"de"},{"@type":"Person","@id":"https:\/\/www.lwbv.de\/lwbv\/#\/schema\/person\/c84b80400063ec44d5d032bfcc721479","name":"Mathias Rohde","image":{"@type":"ImageObject","inLanguage":"de","@id":"https:\/\/www.lwbv.de\/lwbv\/#\/schema\/person\/image\/","url":"https:\/\/secure.gravatar.com\/avatar\/4d4c1af21e80fc716c0998ed0a17f0e3?s=96&d=mm&r=g","contentUrl":"https:\/\/secure.gravatar.com\/avatar\/4d4c1af21e80fc716c0998ed0a17f0e3?s=96&d=mm&r=g","caption":"Mathias Rohde"}}]}},"_links":{"self":[{"href":"https:\/\/www.lwbv.de\/lwbv\/wp-json\/wp\/v2\/posts\/2880"}],"collection":[{"href":"https:\/\/www.lwbv.de\/lwbv\/wp-json\/wp\/v2\/posts"}],"about":[{"href":"https:\/\/www.lwbv.de\/lwbv\/wp-json\/wp\/v2\/types\/post"}],"author":[{"embeddable":true,"href":"https:\/\/www.lwbv.de\/lwbv\/wp-json\/wp\/v2\/users\/8"}],"replies":[{"embeddable":true,"href":"https:\/\/www.lwbv.de\/lwbv\/wp-json\/wp\/v2\/comments?post=2880"}],"version-history":[{"count":1,"href":"https:\/\/www.lwbv.de\/lwbv\/wp-json\/wp\/v2\/posts\/2880\/revisions"}],"predecessor-version":[{"id":2881,"href":"https:\/\/www.lwbv.de\/lwbv\/wp-json\/wp\/v2\/posts\/2880\/revisions\/2881"}],"wp:attachment":[{"href":"https:\/\/www.lwbv.de\/lwbv\/wp-json\/wp\/v2\/media?parent=2880"}],"wp:term":[{"taxonomy":"category","embeddable":true,"href":"https:\/\/www.lwbv.de\/lwbv\/wp-json\/wp\/v2\/categories?post=2880"},{"taxonomy":"post_tag","embeddable":true,"href":"https:\/\/www.lwbv.de\/lwbv\/wp-json\/wp\/v2\/tags?post=2880"}],"curies":[{"name":"wp","href":"https:\/\/api.w.org\/{rel}","templated":true}]}}