{"id":2897,"date":"2024-12-18T11:12:56","date_gmt":"2024-12-18T10:12:56","guid":{"rendered":"https:\/\/www.lwbv.de\/lwbv\/?p=2897"},"modified":"2024-12-18T16:00:14","modified_gmt":"2024-12-18T15:00:14","slug":"verabschiedung-von-herrn-dr-oelerich","status":"publish","type":"post","link":"https:\/\/www.lwbv.de\/lwbv\/2024\/12\/18\/verabschiedung-von-herrn-dr-oelerich\/","title":{"rendered":"Verabschiedung von Herrn Dr. Oelerich"},"content":{"rendered":"\n<p>Im Rahmen der Sitzung des Verbandsausschusses am 17. Dezember 2024 in Neum\u00fcnster verabschiedeten wir den Abteilungsleiter des MEKUN f\u00fcr Wasserwirtschaft, Boden- und K\u00fcstenschutz , Ministerialdirigent Dr. Johannes Oelerich. <\/p>\n\n\n\n<p>Im Namen des Vorstandes und der Mitarbeiter des Landesverbandes bedankte sich Verbandsvorsteher Gloy f\u00fcr die langj\u00e4hrige, vertrauensvolle Zusammenarbeit und w\u00fcnschte dem k\u00fcnftigen Ruhest\u00e4ndler f\u00fcr die Zukunft alles Gute!<\/p>\n\n\n\n<p>Gleichzeitig begr\u00fc\u00dfte er den neuen Abteilungsleiter, Dirk van Riesen, und lud diesen ein, sich bei den im M\u00e4rz anstehenden Regionalversammlungen den Wasser- und Bodenverb\u00e4nden im Lande pers\u00f6nlich vorzustellen.<\/p>\n\n\n\n<figure class=\"wp-block-image size-full\"><img loading=\"lazy\" decoding=\"async\" width=\"915\" height=\"944\" src=\"https:\/\/www.lwbv.de\/lwbv\/wp-content\/uploads\/2024\/12\/Verabschiedung_Oelerich_17.12.24-1536x944-TR.jpg\" alt=\"\" class=\"wp-image-2904\" srcset=\"https:\/\/www.lwbv.de\/lwbv\/wp-content\/uploads\/2024\/12\/Verabschiedung_Oelerich_17.12.24-1536x944-TR.jpg 915w, https:\/\/www.lwbv.de\/lwbv\/wp-content\/uploads\/2024\/12\/Verabschiedung_Oelerich_17.12.24-1536x944-TR-291x300.jpg 291w, https:\/\/www.lwbv.de\/lwbv\/wp-content\/uploads\/2024\/12\/Verabschiedung_Oelerich_17.12.24-1536x944-TR-768x792.jpg 768w\" sizes=\"(max-width: 915px) 100vw, 915px\" \/><\/figure>\n","protected":false},"excerpt":{"rendered":"<p>Im Rahmen der Sitzung des Verbandsausschusses am 17. Dezember 2024 in Neum\u00fcnster verabschiedeten wir den Abteilungsleiter des MEKUN f\u00fcr Wasserwirtschaft, Boden- und K\u00fcstenschutz , Ministerialdirigent Dr. Johannes Oelerich. Im Namen des Vorstandes und der Mitarbeiter des Landesverbandes bedankte sich Verbandsvorsteher Gloy f\u00fcr die langj\u00e4hrige, vertrauensvolle Zusammenarbeit und w\u00fcnschte dem k\u00fcnftigen Ruhest\u00e4ndler f\u00fcr die Zukunft alles&hellip;<\/p>\n","protected":false},"author":8,"featured_media":2903,"comment_status":"closed","ping_status":"closed","sticky":false,"template":"","format":"standard","meta":{"footnotes":""},"categories":[1],"tags":[],"yoast_head":"<!-- This site is optimized with the Yoast SEO plugin v22.8 - https:\/\/yoast.com\/wordpress\/plugins\/seo\/ -->\n<title>Verabschiedung von Herrn Dr. Oelerich - Landesverband der Wasser- und Bodenverb\u00e4nde<\/title>\n<meta name=\"robots\" content=\"index, follow, max-snippet:-1, max-image-preview:large, max-video-preview:-1\" \/>\n<link rel=\"canonical\" href=\"https:\/\/www.lwbv.de\/lwbv\/2024\/12\/18\/verabschiedung-von-herrn-dr-oelerich\/\" \/>\n<meta property=\"og:locale\" content=\"de_DE\" \/>\n<meta property=\"og:type\" content=\"article\" \/>\n<meta property=\"og:title\" content=\"Verabschiedung von Herrn Dr. Oelerich - Landesverband der Wasser- und Bodenverb\u00e4nde\" \/>\n<meta property=\"og:description\" content=\"Im Rahmen der Sitzung des Verbandsausschusses am 17. Dezember 2024 in Neum\u00fcnster verabschiedeten wir den Abteilungsleiter des MEKUN f\u00fcr Wasserwirtschaft, Boden- und K\u00fcstenschutz , Ministerialdirigent Dr. Johannes Oelerich. Im Namen des Vorstandes und der Mitarbeiter des Landesverbandes bedankte sich Verbandsvorsteher Gloy f\u00fcr die langj\u00e4hrige, vertrauensvolle Zusammenarbeit und w\u00fcnschte dem k\u00fcnftigen Ruhest\u00e4ndler f\u00fcr die Zukunft alles&hellip;\" \/>\n<meta property=\"og:url\" content=\"https:\/\/www.lwbv.de\/lwbv\/2024\/12\/18\/verabschiedung-von-herrn-dr-oelerich\/\" \/>\n<meta property=\"og:site_name\" content=\"Landesverband der Wasser- und Bodenverb\u00e4nde\" \/>\n<meta property=\"article:published_time\" content=\"2024-12-18T10:12:56+00:00\" \/>\n<meta property=\"article:modified_time\" content=\"2024-12-18T15:00:14+00:00\" \/>\n<meta property=\"og:image\" content=\"https:\/\/www.lwbv.de\/lwbv\/wp-content\/uploads\/2024\/12\/1000053746-scaled.jpg\" \/>\n\t<meta property=\"og:image:width\" content=\"1920\" \/>\n\t<meta property=\"og:image:height\" content=\"2560\" \/>\n\t<meta property=\"og:image:type\" content=\"image\/jpeg\" \/>\n<meta name=\"author\" content=\"Mathias Rohde\" \/>\n<meta name=\"twitter:card\" content=\"summary_large_image\" \/>\n<meta name=\"twitter:label1\" content=\"Verfasst von\" \/>\n\t<meta name=\"twitter:data1\" content=\"Mathias Rohde\" \/>\n\t<meta name=\"twitter:label2\" content=\"Gesch\u00e4tzte Lesezeit\" \/>\n\t<meta name=\"twitter:data2\" content=\"1\u00a0Minute\" \/>\n<script type=\"application\/ld+json\" class=\"yoast-schema-graph\">{\"@context\":\"https:\/\/schema.org\",\"@graph\":[{\"@type\":\"WebPage\",\"@id\":\"https:\/\/www.lwbv.de\/lwbv\/2024\/12\/18\/verabschiedung-von-herrn-dr-oelerich\/\",\"url\":\"https:\/\/www.lwbv.de\/lwbv\/2024\/12\/18\/verabschiedung-von-herrn-dr-oelerich\/\",\"name\":\"Verabschiedung von Herrn Dr. Oelerich - Landesverband der Wasser- und Bodenverb\u00e4nde\",\"isPartOf\":{\"@id\":\"https:\/\/www.lwbv.de\/lwbv\/#website\"},\"primaryImageOfPage\":{\"@id\":\"https:\/\/www.lwbv.de\/lwbv\/2024\/12\/18\/verabschiedung-von-herrn-dr-oelerich\/#primaryimage\"},\"image\":{\"@id\":\"https:\/\/www.lwbv.de\/lwbv\/2024\/12\/18\/verabschiedung-von-herrn-dr-oelerich\/#primaryimage\"},\"thumbnailUrl\":\"https:\/\/www.lwbv.de\/lwbv\/wp-content\/uploads\/2024\/12\/1000053746-scaled.jpg\",\"datePublished\":\"2024-12-18T10:12:56+00:00\",\"dateModified\":\"2024-12-18T15:00:14+00:00\",\"author\":{\"@id\":\"https:\/\/www.lwbv.de\/lwbv\/#\/schema\/person\/c84b80400063ec44d5d032bfcc721479\"},\"breadcrumb\":{\"@id\":\"https:\/\/www.lwbv.de\/lwbv\/2024\/12\/18\/verabschiedung-von-herrn-dr-oelerich\/#breadcrumb\"},\"inLanguage\":\"de\",\"potentialAction\":[{\"@type\":\"ReadAction\",\"target\":[\"https:\/\/www.lwbv.de\/lwbv\/2024\/12\/18\/verabschiedung-von-herrn-dr-oelerich\/\"]}]},{\"@type\":\"ImageObject\",\"inLanguage\":\"de\",\"@id\":\"https:\/\/www.lwbv.de\/lwbv\/2024\/12\/18\/verabschiedung-von-herrn-dr-oelerich\/#primaryimage\",\"url\":\"https:\/\/www.lwbv.de\/lwbv\/wp-content\/uploads\/2024\/12\/1000053746-scaled.jpg\",\"contentUrl\":\"https:\/\/www.lwbv.de\/lwbv\/wp-content\/uploads\/2024\/12\/1000053746-scaled.jpg\",\"width\":1920,\"height\":2560},{\"@type\":\"BreadcrumbList\",\"@id\":\"https:\/\/www.lwbv.de\/lwbv\/2024\/12\/18\/verabschiedung-von-herrn-dr-oelerich\/#breadcrumb\",\"itemListElement\":[{\"@type\":\"ListItem\",\"position\":1,\"name\":\"Startseite\",\"item\":\"https:\/\/www.lwbv.de\/lwbv\/\"},{\"@type\":\"ListItem\",\"position\":2,\"name\":\"Verabschiedung von Herrn Dr. Oelerich\"}]},{\"@type\":\"WebSite\",\"@id\":\"https:\/\/www.lwbv.de\/lwbv\/#website\",\"url\":\"https:\/\/www.lwbv.de\/lwbv\/\",\"name\":\"Landesverband der Wasser- und Bodenverb\u00e4nde\",\"description\":\"\",\"potentialAction\":[{\"@type\":\"SearchAction\",\"target\":{\"@type\":\"EntryPoint\",\"urlTemplate\":\"https:\/\/www.lwbv.de\/lwbv\/?s={search_term_string}\"},\"query-input\":\"required name=search_term_string\"}],\"inLanguage\":\"de\"},{\"@type\":\"Person\",\"@id\":\"https:\/\/www.lwbv.de\/lwbv\/#\/schema\/person\/c84b80400063ec44d5d032bfcc721479\",\"name\":\"Mathias Rohde\",\"image\":{\"@type\":\"ImageObject\",\"inLanguage\":\"de\",\"@id\":\"https:\/\/www.lwbv.de\/lwbv\/#\/schema\/person\/image\/\",\"url\":\"https:\/\/secure.gravatar.com\/avatar\/4d4c1af21e80fc716c0998ed0a17f0e3?s=96&d=mm&r=g\",\"contentUrl\":\"https:\/\/secure.gravatar.com\/avatar\/4d4c1af21e80fc716c0998ed0a17f0e3?s=96&d=mm&r=g\",\"caption\":\"Mathias Rohde\"}}]}<\/script>\n<!-- \/ Yoast SEO plugin. -->","yoast_head_json":{"title":"Verabschiedung von Herrn Dr. Oelerich - Landesverband der Wasser- und Bodenverb\u00e4nde","robots":{"index":"index","follow":"follow","max-snippet":"max-snippet:-1","max-image-preview":"max-image-preview:large","max-video-preview":"max-video-preview:-1"},"canonical":"https:\/\/www.lwbv.de\/lwbv\/2024\/12\/18\/verabschiedung-von-herrn-dr-oelerich\/","og_locale":"de_DE","og_type":"article","og_title":"Verabschiedung von Herrn Dr. Oelerich - Landesverband der Wasser- und Bodenverb\u00e4nde","og_description":"Im Rahmen der Sitzung des Verbandsausschusses am 17. Dezember 2024 in Neum\u00fcnster verabschiedeten wir den Abteilungsleiter des MEKUN f\u00fcr Wasserwirtschaft, Boden- und K\u00fcstenschutz , Ministerialdirigent Dr. Johannes Oelerich. Im Namen des Vorstandes und der Mitarbeiter des Landesverbandes bedankte sich Verbandsvorsteher Gloy f\u00fcr die langj\u00e4hrige, vertrauensvolle Zusammenarbeit und w\u00fcnschte dem k\u00fcnftigen Ruhest\u00e4ndler f\u00fcr die Zukunft alles&hellip;","og_url":"https:\/\/www.lwbv.de\/lwbv\/2024\/12\/18\/verabschiedung-von-herrn-dr-oelerich\/","og_site_name":"Landesverband der Wasser- und Bodenverb\u00e4nde","article_published_time":"2024-12-18T10:12:56+00:00","article_modified_time":"2024-12-18T15:00:14+00:00","og_image":[{"width":1920,"height":2560,"url":"https:\/\/www.lwbv.de\/lwbv\/wp-content\/uploads\/2024\/12\/1000053746-scaled.jpg","type":"image\/jpeg"}],"author":"Mathias Rohde","twitter_card":"summary_large_image","twitter_misc":{"Verfasst von":"Mathias Rohde","Gesch\u00e4tzte Lesezeit":"1\u00a0Minute"},"schema":{"@context":"https:\/\/schema.org","@graph":[{"@type":"WebPage","@id":"https:\/\/www.lwbv.de\/lwbv\/2024\/12\/18\/verabschiedung-von-herrn-dr-oelerich\/","url":"https:\/\/www.lwbv.de\/lwbv\/2024\/12\/18\/verabschiedung-von-herrn-dr-oelerich\/","name":"Verabschiedung von Herrn Dr. Oelerich - Landesverband der Wasser- und Bodenverb\u00e4nde","isPartOf":{"@id":"https:\/\/www.lwbv.de\/lwbv\/#website"},"primaryImageOfPage":{"@id":"https:\/\/www.lwbv.de\/lwbv\/2024\/12\/18\/verabschiedung-von-herrn-dr-oelerich\/#primaryimage"},"image":{"@id":"https:\/\/www.lwbv.de\/lwbv\/2024\/12\/18\/verabschiedung-von-herrn-dr-oelerich\/#primaryimage"},"thumbnailUrl":"https:\/\/www.lwbv.de\/lwbv\/wp-content\/uploads\/2024\/12\/1000053746-scaled.jpg","datePublished":"2024-12-18T10:12:56+00:00","dateModified":"2024-12-18T15:00:14+00:00","author":{"@id":"https:\/\/www.lwbv.de\/lwbv\/#\/schema\/person\/c84b80400063ec44d5d032bfcc721479"},"breadcrumb":{"@id":"https:\/\/www.lwbv.de\/lwbv\/2024\/12\/18\/verabschiedung-von-herrn-dr-oelerich\/#breadcrumb"},"inLanguage":"de","potentialAction":[{"@type":"ReadAction","target":["https:\/\/www.lwbv.de\/lwbv\/2024\/12\/18\/verabschiedung-von-herrn-dr-oelerich\/"]}]},{"@type":"ImageObject","inLanguage":"de","@id":"https:\/\/www.lwbv.de\/lwbv\/2024\/12\/18\/verabschiedung-von-herrn-dr-oelerich\/#primaryimage","url":"https:\/\/www.lwbv.de\/lwbv\/wp-content\/uploads\/2024\/12\/1000053746-scaled.jpg","contentUrl":"https:\/\/www.lwbv.de\/lwbv\/wp-content\/uploads\/2024\/12\/1000053746-scaled.jpg","width":1920,"height":2560},{"@type":"BreadcrumbList","@id":"https:\/\/www.lwbv.de\/lwbv\/2024\/12\/18\/verabschiedung-von-herrn-dr-oelerich\/#breadcrumb","itemListElement":[{"@type":"ListItem","position":1,"name":"Startseite","item":"https:\/\/www.lwbv.de\/lwbv\/"},{"@type":"ListItem","position":2,"name":"Verabschiedung von Herrn Dr. Oelerich"}]},{"@type":"WebSite","@id":"https:\/\/www.lwbv.de\/lwbv\/#website","url":"https:\/\/www.lwbv.de\/lwbv\/","name":"Landesverband der Wasser- und Bodenverb\u00e4nde","description":"","potentialAction":[{"@type":"SearchAction","target":{"@type":"EntryPoint","urlTemplate":"https:\/\/www.lwbv.de\/lwbv\/?s={search_term_string}"},"query-input":"required name=search_term_string"}],"inLanguage":"de"},{"@type":"Person","@id":"https:\/\/www.lwbv.de\/lwbv\/#\/schema\/person\/c84b80400063ec44d5d032bfcc721479","name":"Mathias Rohde","image":{"@type":"ImageObject","inLanguage":"de","@id":"https:\/\/www.lwbv.de\/lwbv\/#\/schema\/person\/image\/","url":"https:\/\/secure.gravatar.com\/avatar\/4d4c1af21e80fc716c0998ed0a17f0e3?s=96&d=mm&r=g","contentUrl":"https:\/\/secure.gravatar.com\/avatar\/4d4c1af21e80fc716c0998ed0a17f0e3?s=96&d=mm&r=g","caption":"Mathias Rohde"}}]}},"_links":{"self":[{"href":"https:\/\/www.lwbv.de\/lwbv\/wp-json\/wp\/v2\/posts\/2897"}],"collection":[{"href":"https:\/\/www.lwbv.de\/lwbv\/wp-json\/wp\/v2\/posts"}],"about":[{"href":"https:\/\/www.lwbv.de\/lwbv\/wp-json\/wp\/v2\/types\/post"}],"author":[{"embeddable":true,"href":"https:\/\/www.lwbv.de\/lwbv\/wp-json\/wp\/v2\/users\/8"}],"replies":[{"embeddable":true,"href":"https:\/\/www.lwbv.de\/lwbv\/wp-json\/wp\/v2\/comments?post=2897"}],"version-history":[{"count":3,"href":"https:\/\/www.lwbv.de\/lwbv\/wp-json\/wp\/v2\/posts\/2897\/revisions"}],"predecessor-version":[{"id":2908,"href":"https:\/\/www.lwbv.de\/lwbv\/wp-json\/wp\/v2\/posts\/2897\/revisions\/2908"}],"wp:featuredmedia":[{"embeddable":true,"href":"https:\/\/www.lwbv.de\/lwbv\/wp-json\/wp\/v2\/media\/2903"}],"wp:attachment":[{"href":"https:\/\/www.lwbv.de\/lwbv\/wp-json\/wp\/v2\/media?parent=2897"}],"wp:term":[{"taxonomy":"category","embeddable":true,"href":"https:\/\/www.lwbv.de\/lwbv\/wp-json\/wp\/v2\/categories?post=2897"},{"taxonomy":"post_tag","embeddable":true,"href":"https:\/\/www.lwbv.de\/lwbv\/wp-json\/wp\/v2\/tags?post=2897"}],"curies":[{"name":"wp","href":"https:\/\/api.w.org\/{rel}","templated":true}]}}