{"id":2913,"date":"2025-02-06T08:46:41","date_gmt":"2025-02-06T07:46:41","guid":{"rendered":"https:\/\/www.lwbv.de\/lwbv\/?p=2913"},"modified":"2025-02-06T08:46:44","modified_gmt":"2025-02-06T07:46:44","slug":"gewaesserschutztag-19-februar-2025","status":"publish","type":"post","link":"https:\/\/www.lwbv.de\/lwbv\/2025\/02\/06\/gewaesserschutztag-19-februar-2025\/","title":{"rendered":"Gew\u00e4sserschutztag 19. Februar 2025"},"content":{"rendered":"\n<p>Der Gew\u00e4sserschutztag der Allianz f\u00fcr Gew\u00e4sserschutz findet diese Jahr am 19. Februar 2025 in Rendsburg in der Deula statt. Der diesj\u00e4hrige Schwerpunkt der Veranstaltung liegt auf der Umsetzung des Aktionsplans Ostseeschutz mit der Zielvereinbarung mit der Landwirtschaft.<\/p>\n\n\n\n<p>Die Teilnahme am Gew\u00e4sserschutztag ist in Pr\u00e4senz oder online m\u00f6glich. Alle weiteren Informationen und den Link zur Anmeldung finden Sie <a href=\"https:\/\/www.lwbv.de\/lwbv\/wp-content\/uploads\/2025\/02\/Gewaesserschutztag-2025.pdf\">hier<\/a>.<\/p>\n","protected":false},"excerpt":{"rendered":"<p>Der Gew\u00e4sserschutztag der Allianz f\u00fcr Gew\u00e4sserschutz findet diese Jahr am 19. Februar 2025 in Rendsburg in der Deula statt. Der diesj\u00e4hrige Schwerpunkt der Veranstaltung liegt auf der Umsetzung des Aktionsplans Ostseeschutz mit der Zielvereinbarung mit der Landwirtschaft. Die Teilnahme am Gew\u00e4sserschutztag ist in Pr\u00e4senz oder online m\u00f6glich. Alle weiteren Informationen und den Link zur Anmeldung&hellip;<\/p>\n","protected":false},"author":8,"featured_media":0,"comment_status":"closed","ping_status":"closed","sticky":false,"template":"","format":"standard","meta":{"footnotes":""},"categories":[1],"tags":[],"yoast_head":"<!-- This site is optimized with the Yoast SEO plugin v22.8 - https:\/\/yoast.com\/wordpress\/plugins\/seo\/ -->\n<title>Gew\u00e4sserschutztag 19. Februar 2025 - Landesverband der Wasser- und Bodenverb\u00e4nde<\/title>\n<meta name=\"robots\" content=\"index, follow, max-snippet:-1, max-image-preview:large, max-video-preview:-1\" \/>\n<link rel=\"canonical\" href=\"https:\/\/www.lwbv.de\/lwbv\/2025\/02\/06\/gewaesserschutztag-19-februar-2025\/\" \/>\n<meta property=\"og:locale\" content=\"de_DE\" \/>\n<meta property=\"og:type\" content=\"article\" \/>\n<meta property=\"og:title\" content=\"Gew\u00e4sserschutztag 19. Februar 2025 - Landesverband der Wasser- und Bodenverb\u00e4nde\" \/>\n<meta property=\"og:description\" content=\"Der Gew\u00e4sserschutztag der Allianz f\u00fcr Gew\u00e4sserschutz findet diese Jahr am 19. Februar 2025 in Rendsburg in der Deula statt. Der diesj\u00e4hrige Schwerpunkt der Veranstaltung liegt auf der Umsetzung des Aktionsplans Ostseeschutz mit der Zielvereinbarung mit der Landwirtschaft. Die Teilnahme am Gew\u00e4sserschutztag ist in Pr\u00e4senz oder online m\u00f6glich. Alle weiteren Informationen und den Link zur Anmeldung&hellip;\" \/>\n<meta property=\"og:url\" content=\"https:\/\/www.lwbv.de\/lwbv\/2025\/02\/06\/gewaesserschutztag-19-februar-2025\/\" \/>\n<meta property=\"og:site_name\" content=\"Landesverband der Wasser- und Bodenverb\u00e4nde\" \/>\n<meta property=\"article:published_time\" content=\"2025-02-06T07:46:41+00:00\" \/>\n<meta property=\"article:modified_time\" content=\"2025-02-06T07:46:44+00:00\" \/>\n<meta name=\"author\" content=\"Mathias Rohde\" \/>\n<meta name=\"twitter:card\" content=\"summary_large_image\" \/>\n<meta name=\"twitter:label1\" content=\"Verfasst von\" \/>\n\t<meta name=\"twitter:data1\" content=\"Mathias Rohde\" \/>\n\t<meta name=\"twitter:label2\" content=\"Gesch\u00e4tzte Lesezeit\" \/>\n\t<meta name=\"twitter:data2\" content=\"1\u00a0Minute\" \/>\n<script type=\"application\/ld+json\" class=\"yoast-schema-graph\">{\"@context\":\"https:\/\/schema.org\",\"@graph\":[{\"@type\":\"WebPage\",\"@id\":\"https:\/\/www.lwbv.de\/lwbv\/2025\/02\/06\/gewaesserschutztag-19-februar-2025\/\",\"url\":\"https:\/\/www.lwbv.de\/lwbv\/2025\/02\/06\/gewaesserschutztag-19-februar-2025\/\",\"name\":\"Gew\u00e4sserschutztag 19. Februar 2025 - Landesverband der Wasser- und Bodenverb\u00e4nde\",\"isPartOf\":{\"@id\":\"https:\/\/www.lwbv.de\/lwbv\/#website\"},\"datePublished\":\"2025-02-06T07:46:41+00:00\",\"dateModified\":\"2025-02-06T07:46:44+00:00\",\"author\":{\"@id\":\"https:\/\/www.lwbv.de\/lwbv\/#\/schema\/person\/c84b80400063ec44d5d032bfcc721479\"},\"breadcrumb\":{\"@id\":\"https:\/\/www.lwbv.de\/lwbv\/2025\/02\/06\/gewaesserschutztag-19-februar-2025\/#breadcrumb\"},\"inLanguage\":\"de\",\"potentialAction\":[{\"@type\":\"ReadAction\",\"target\":[\"https:\/\/www.lwbv.de\/lwbv\/2025\/02\/06\/gewaesserschutztag-19-februar-2025\/\"]}]},{\"@type\":\"BreadcrumbList\",\"@id\":\"https:\/\/www.lwbv.de\/lwbv\/2025\/02\/06\/gewaesserschutztag-19-februar-2025\/#breadcrumb\",\"itemListElement\":[{\"@type\":\"ListItem\",\"position\":1,\"name\":\"Startseite\",\"item\":\"https:\/\/www.lwbv.de\/lwbv\/\"},{\"@type\":\"ListItem\",\"position\":2,\"name\":\"Gew\u00e4sserschutztag 19. Februar 2025\"}]},{\"@type\":\"WebSite\",\"@id\":\"https:\/\/www.lwbv.de\/lwbv\/#website\",\"url\":\"https:\/\/www.lwbv.de\/lwbv\/\",\"name\":\"Landesverband der Wasser- und Bodenverb\u00e4nde\",\"description\":\"\",\"potentialAction\":[{\"@type\":\"SearchAction\",\"target\":{\"@type\":\"EntryPoint\",\"urlTemplate\":\"https:\/\/www.lwbv.de\/lwbv\/?s={search_term_string}\"},\"query-input\":\"required name=search_term_string\"}],\"inLanguage\":\"de\"},{\"@type\":\"Person\",\"@id\":\"https:\/\/www.lwbv.de\/lwbv\/#\/schema\/person\/c84b80400063ec44d5d032bfcc721479\",\"name\":\"Mathias Rohde\",\"image\":{\"@type\":\"ImageObject\",\"inLanguage\":\"de\",\"@id\":\"https:\/\/www.lwbv.de\/lwbv\/#\/schema\/person\/image\/\",\"url\":\"https:\/\/secure.gravatar.com\/avatar\/4d4c1af21e80fc716c0998ed0a17f0e3?s=96&d=mm&r=g\",\"contentUrl\":\"https:\/\/secure.gravatar.com\/avatar\/4d4c1af21e80fc716c0998ed0a17f0e3?s=96&d=mm&r=g\",\"caption\":\"Mathias Rohde\"}}]}<\/script>\n<!-- \/ Yoast SEO plugin. -->","yoast_head_json":{"title":"Gew\u00e4sserschutztag 19. Februar 2025 - Landesverband der Wasser- und Bodenverb\u00e4nde","robots":{"index":"index","follow":"follow","max-snippet":"max-snippet:-1","max-image-preview":"max-image-preview:large","max-video-preview":"max-video-preview:-1"},"canonical":"https:\/\/www.lwbv.de\/lwbv\/2025\/02\/06\/gewaesserschutztag-19-februar-2025\/","og_locale":"de_DE","og_type":"article","og_title":"Gew\u00e4sserschutztag 19. Februar 2025 - Landesverband der Wasser- und Bodenverb\u00e4nde","og_description":"Der Gew\u00e4sserschutztag der Allianz f\u00fcr Gew\u00e4sserschutz findet diese Jahr am 19. Februar 2025 in Rendsburg in der Deula statt. Der diesj\u00e4hrige Schwerpunkt der Veranstaltung liegt auf der Umsetzung des Aktionsplans Ostseeschutz mit der Zielvereinbarung mit der Landwirtschaft. Die Teilnahme am Gew\u00e4sserschutztag ist in Pr\u00e4senz oder online m\u00f6glich. Alle weiteren Informationen und den Link zur Anmeldung&hellip;","og_url":"https:\/\/www.lwbv.de\/lwbv\/2025\/02\/06\/gewaesserschutztag-19-februar-2025\/","og_site_name":"Landesverband der Wasser- und Bodenverb\u00e4nde","article_published_time":"2025-02-06T07:46:41+00:00","article_modified_time":"2025-02-06T07:46:44+00:00","author":"Mathias Rohde","twitter_card":"summary_large_image","twitter_misc":{"Verfasst von":"Mathias Rohde","Gesch\u00e4tzte Lesezeit":"1\u00a0Minute"},"schema":{"@context":"https:\/\/schema.org","@graph":[{"@type":"WebPage","@id":"https:\/\/www.lwbv.de\/lwbv\/2025\/02\/06\/gewaesserschutztag-19-februar-2025\/","url":"https:\/\/www.lwbv.de\/lwbv\/2025\/02\/06\/gewaesserschutztag-19-februar-2025\/","name":"Gew\u00e4sserschutztag 19. Februar 2025 - Landesverband der Wasser- und Bodenverb\u00e4nde","isPartOf":{"@id":"https:\/\/www.lwbv.de\/lwbv\/#website"},"datePublished":"2025-02-06T07:46:41+00:00","dateModified":"2025-02-06T07:46:44+00:00","author":{"@id":"https:\/\/www.lwbv.de\/lwbv\/#\/schema\/person\/c84b80400063ec44d5d032bfcc721479"},"breadcrumb":{"@id":"https:\/\/www.lwbv.de\/lwbv\/2025\/02\/06\/gewaesserschutztag-19-februar-2025\/#breadcrumb"},"inLanguage":"de","potentialAction":[{"@type":"ReadAction","target":["https:\/\/www.lwbv.de\/lwbv\/2025\/02\/06\/gewaesserschutztag-19-februar-2025\/"]}]},{"@type":"BreadcrumbList","@id":"https:\/\/www.lwbv.de\/lwbv\/2025\/02\/06\/gewaesserschutztag-19-februar-2025\/#breadcrumb","itemListElement":[{"@type":"ListItem","position":1,"name":"Startseite","item":"https:\/\/www.lwbv.de\/lwbv\/"},{"@type":"ListItem","position":2,"name":"Gew\u00e4sserschutztag 19. Februar 2025"}]},{"@type":"WebSite","@id":"https:\/\/www.lwbv.de\/lwbv\/#website","url":"https:\/\/www.lwbv.de\/lwbv\/","name":"Landesverband der Wasser- und Bodenverb\u00e4nde","description":"","potentialAction":[{"@type":"SearchAction","target":{"@type":"EntryPoint","urlTemplate":"https:\/\/www.lwbv.de\/lwbv\/?s={search_term_string}"},"query-input":"required name=search_term_string"}],"inLanguage":"de"},{"@type":"Person","@id":"https:\/\/www.lwbv.de\/lwbv\/#\/schema\/person\/c84b80400063ec44d5d032bfcc721479","name":"Mathias Rohde","image":{"@type":"ImageObject","inLanguage":"de","@id":"https:\/\/www.lwbv.de\/lwbv\/#\/schema\/person\/image\/","url":"https:\/\/secure.gravatar.com\/avatar\/4d4c1af21e80fc716c0998ed0a17f0e3?s=96&d=mm&r=g","contentUrl":"https:\/\/secure.gravatar.com\/avatar\/4d4c1af21e80fc716c0998ed0a17f0e3?s=96&d=mm&r=g","caption":"Mathias Rohde"}}]}},"_links":{"self":[{"href":"https:\/\/www.lwbv.de\/lwbv\/wp-json\/wp\/v2\/posts\/2913"}],"collection":[{"href":"https:\/\/www.lwbv.de\/lwbv\/wp-json\/wp\/v2\/posts"}],"about":[{"href":"https:\/\/www.lwbv.de\/lwbv\/wp-json\/wp\/v2\/types\/post"}],"author":[{"embeddable":true,"href":"https:\/\/www.lwbv.de\/lwbv\/wp-json\/wp\/v2\/users\/8"}],"replies":[{"embeddable":true,"href":"https:\/\/www.lwbv.de\/lwbv\/wp-json\/wp\/v2\/comments?post=2913"}],"version-history":[{"count":1,"href":"https:\/\/www.lwbv.de\/lwbv\/wp-json\/wp\/v2\/posts\/2913\/revisions"}],"predecessor-version":[{"id":2914,"href":"https:\/\/www.lwbv.de\/lwbv\/wp-json\/wp\/v2\/posts\/2913\/revisions\/2914"}],"wp:attachment":[{"href":"https:\/\/www.lwbv.de\/lwbv\/wp-json\/wp\/v2\/media?parent=2913"}],"wp:term":[{"taxonomy":"category","embeddable":true,"href":"https:\/\/www.lwbv.de\/lwbv\/wp-json\/wp\/v2\/categories?post=2913"},{"taxonomy":"post_tag","embeddable":true,"href":"https:\/\/www.lwbv.de\/lwbv\/wp-json\/wp\/v2\/tags?post=2913"}],"curies":[{"name":"wp","href":"https:\/\/api.w.org\/{rel}","templated":true}]}}