{"id":2933,"date":"2025-03-07T11:12:32","date_gmt":"2025-03-07T10:12:32","guid":{"rendered":"https:\/\/www.lwbv.de\/lwbv\/?p=2933"},"modified":"2025-03-07T11:12:35","modified_gmt":"2025-03-07T10:12:35","slug":"04-maerz-regionalversammlung-2025-kreise-hzgt-lauenburg-segeberg-stormarn-ostholstein-und-ploen","status":"publish","type":"post","link":"https:\/\/www.lwbv.de\/lwbv\/2025\/03\/07\/04-maerz-regionalversammlung-2025-kreise-hzgt-lauenburg-segeberg-stormarn-ostholstein-und-ploen\/","title":{"rendered":"04. M\u00e4rz Regionalversammlung 2025 &#8211; Kreise Hzgt-Lauenburg, Segeberg, Stormarn, Ostholstein und Pl\u00f6n"},"content":{"rendered":"\n<p>In diesem Jahr wird der Verbandsauschuss wieder neu gew\u00e4hlt. Am 04. M\u00e4rz war der Landesverband zusammen mit Herrn van Riesen, Abteilungsleiter der Obersten Wasserbeh\u00f6rde und Obersten K\u00fcstenschutzbeh\u00f6rde des MEKUN, in den Kreissitzungss\u00e4len der Kreisverwaltungen Stormarn und Pl\u00f6n, um dort den neuen Verbandsausschuss der Kreise Herzogtum-Lauenburg, Bad Segeberg, Stormarn, Ostholstein und Pl\u00f6n zu w\u00e4hlen. Folgende Herren wurden jeweils einstimmig in den Ausschuss gew\u00e4hlt:<\/p>\n\n\n\n<p><strong>Herzogtum-Lauenburg:<\/strong><br>1. Erich P\u00fcst<br>Gew\u00e4sserentwicklungsverband Bille<br><br>2. Frank-Heinrich L\u00fcbbers<br>Gew\u00e4sserunterhaltungsverband Steinau\/Nusse<ol style=\"margin-top:0cm\" start=\"1\" type=\"1\"><\/ol><\/p>\n\n\n\n<p><strong>Bad Segeberg:<\/strong><br>1. Detlef Rohweder<br>Wasserverband Am Oberlauf der Trave<br><br>2. S\u00f6nke K\u00f6neking<br>Gew\u00e4sserpflegeverband Schmalfelder Au<\/p>\n\n\n\n<p><strong>Stormarn<\/strong>:<br>1. Jan Steen<br>Gew\u00e4sserpflegeverband Heilsau<br><br>2. Joachim Sch\u00f6nfeldt<br>Gew\u00e4sserpflegeverband Grinau<\/p>\n\n\n\n<p><strong>Ostholstein<\/strong>:<br>1. Horst Fick<br>Wasser- und Bodenverband Aalbeek<br><br>2. Heinrich Mougin<br>Wasser- und Bodenverband Cismar<br><br>3. Rolf Karstens<br>wasser- und Bodenverband Neust\u00e4dter Binnenwasser<\/p>\n\n\n\n<p><strong>Pl\u00f6n:<\/strong><br>1. Helmut Franzen<br>Gew\u00e4sserunterhaltungsverband M\u00fchlenau-Futterkamp<br><br>2. Stefan Erk<br>Gew\u00e4sserunterhaltungsverband Kossau<\/p>\n\n\n\n<p><\/p>\n\n\n\n<figure class=\"wp-block-image size-large is-resized\"><img loading=\"lazy\" decoding=\"async\" width=\"1024\" height=\"577\" src=\"https:\/\/www.lwbv.de\/lwbv\/wp-content\/uploads\/2025\/03\/20250304_140511-1024x577.jpg\" alt=\"\" class=\"wp-image-2932\" style=\"width:758px;height:auto\" srcset=\"https:\/\/www.lwbv.de\/lwbv\/wp-content\/uploads\/2025\/03\/20250304_140511-1024x577.jpg 1024w, https:\/\/www.lwbv.de\/lwbv\/wp-content\/uploads\/2025\/03\/20250304_140511-300x169.jpg 300w, https:\/\/www.lwbv.de\/lwbv\/wp-content\/uploads\/2025\/03\/20250304_140511-768x432.jpg 768w, https:\/\/www.lwbv.de\/lwbv\/wp-content\/uploads\/2025\/03\/20250304_140511-1536x865.jpg 1536w, https:\/\/www.lwbv.de\/lwbv\/wp-content\/uploads\/2025\/03\/20250304_140511-2048x1153.jpg 2048w\" sizes=\"(max-width: 1024px) 100vw, 1024px\" \/><\/figure>\n","protected":false},"excerpt":{"rendered":"<p>In diesem Jahr wird der Verbandsauschuss wieder neu gew\u00e4hlt. Am 04. M\u00e4rz war der Landesverband zusammen mit Herrn van Riesen, Abteilungsleiter der Obersten Wasserbeh\u00f6rde und Obersten K\u00fcstenschutzbeh\u00f6rde des MEKUN, in den Kreissitzungss\u00e4len der Kreisverwaltungen Stormarn und Pl\u00f6n, um dort den neuen Verbandsausschuss der Kreise Herzogtum-Lauenburg, Bad Segeberg, Stormarn, Ostholstein und Pl\u00f6n zu w\u00e4hlen. Folgende Herren&hellip;<\/p>\n","protected":false},"author":8,"featured_media":0,"comment_status":"closed","ping_status":"closed","sticky":false,"template":"","format":"standard","meta":{"footnotes":""},"categories":[1],"tags":[],"yoast_head":"<!-- This site is optimized with the Yoast SEO plugin v22.8 - https:\/\/yoast.com\/wordpress\/plugins\/seo\/ -->\n<title>04. M\u00e4rz Regionalversammlung 2025 - Kreise Hzgt-Lauenburg, Segeberg, Stormarn, Ostholstein und Pl\u00f6n - Landesverband der Wasser- und Bodenverb\u00e4nde<\/title>\n<meta name=\"robots\" content=\"index, follow, max-snippet:-1, max-image-preview:large, max-video-preview:-1\" \/>\n<link rel=\"canonical\" href=\"https:\/\/www.lwbv.de\/lwbv\/2025\/03\/07\/04-maerz-regionalversammlung-2025-kreise-hzgt-lauenburg-segeberg-stormarn-ostholstein-und-ploen\/\" \/>\n<meta property=\"og:locale\" content=\"de_DE\" \/>\n<meta property=\"og:type\" content=\"article\" \/>\n<meta property=\"og:title\" content=\"04. M\u00e4rz Regionalversammlung 2025 - Kreise Hzgt-Lauenburg, Segeberg, Stormarn, Ostholstein und Pl\u00f6n - Landesverband der Wasser- und Bodenverb\u00e4nde\" \/>\n<meta property=\"og:description\" content=\"In diesem Jahr wird der Verbandsauschuss wieder neu gew\u00e4hlt. Am 04. M\u00e4rz war der Landesverband zusammen mit Herrn van Riesen, Abteilungsleiter der Obersten Wasserbeh\u00f6rde und Obersten K\u00fcstenschutzbeh\u00f6rde des MEKUN, in den Kreissitzungss\u00e4len der Kreisverwaltungen Stormarn und Pl\u00f6n, um dort den neuen Verbandsausschuss der Kreise Herzogtum-Lauenburg, Bad Segeberg, Stormarn, Ostholstein und Pl\u00f6n zu w\u00e4hlen. Folgende Herren&hellip;\" \/>\n<meta property=\"og:url\" content=\"https:\/\/www.lwbv.de\/lwbv\/2025\/03\/07\/04-maerz-regionalversammlung-2025-kreise-hzgt-lauenburg-segeberg-stormarn-ostholstein-und-ploen\/\" \/>\n<meta property=\"og:site_name\" content=\"Landesverband der Wasser- und Bodenverb\u00e4nde\" \/>\n<meta property=\"article:published_time\" content=\"2025-03-07T10:12:32+00:00\" \/>\n<meta property=\"article:modified_time\" content=\"2025-03-07T10:12:35+00:00\" \/>\n<meta property=\"og:image\" content=\"https:\/\/www.lwbv.de\/lwbv\/wp-content\/uploads\/2025\/03\/20250304_140511-1024x577.jpg\" \/>\n<meta name=\"author\" content=\"Mathias Rohde\" \/>\n<meta name=\"twitter:card\" content=\"summary_large_image\" \/>\n<meta name=\"twitter:label1\" content=\"Verfasst von\" \/>\n\t<meta name=\"twitter:data1\" content=\"Mathias Rohde\" \/>\n\t<meta name=\"twitter:label2\" content=\"Gesch\u00e4tzte Lesezeit\" \/>\n\t<meta name=\"twitter:data2\" content=\"1\u00a0Minute\" \/>\n<script type=\"application\/ld+json\" class=\"yoast-schema-graph\">{\"@context\":\"https:\/\/schema.org\",\"@graph\":[{\"@type\":\"WebPage\",\"@id\":\"https:\/\/www.lwbv.de\/lwbv\/2025\/03\/07\/04-maerz-regionalversammlung-2025-kreise-hzgt-lauenburg-segeberg-stormarn-ostholstein-und-ploen\/\",\"url\":\"https:\/\/www.lwbv.de\/lwbv\/2025\/03\/07\/04-maerz-regionalversammlung-2025-kreise-hzgt-lauenburg-segeberg-stormarn-ostholstein-und-ploen\/\",\"name\":\"04. M\u00e4rz Regionalversammlung 2025 - Kreise Hzgt-Lauenburg, Segeberg, Stormarn, Ostholstein und Pl\u00f6n - Landesverband der Wasser- und Bodenverb\u00e4nde\",\"isPartOf\":{\"@id\":\"https:\/\/www.lwbv.de\/lwbv\/#website\"},\"primaryImageOfPage\":{\"@id\":\"https:\/\/www.lwbv.de\/lwbv\/2025\/03\/07\/04-maerz-regionalversammlung-2025-kreise-hzgt-lauenburg-segeberg-stormarn-ostholstein-und-ploen\/#primaryimage\"},\"image\":{\"@id\":\"https:\/\/www.lwbv.de\/lwbv\/2025\/03\/07\/04-maerz-regionalversammlung-2025-kreise-hzgt-lauenburg-segeberg-stormarn-ostholstein-und-ploen\/#primaryimage\"},\"thumbnailUrl\":\"https:\/\/www.lwbv.de\/lwbv\/wp-content\/uploads\/2025\/03\/20250304_140511-1024x577.jpg\",\"datePublished\":\"2025-03-07T10:12:32+00:00\",\"dateModified\":\"2025-03-07T10:12:35+00:00\",\"author\":{\"@id\":\"https:\/\/www.lwbv.de\/lwbv\/#\/schema\/person\/c84b80400063ec44d5d032bfcc721479\"},\"breadcrumb\":{\"@id\":\"https:\/\/www.lwbv.de\/lwbv\/2025\/03\/07\/04-maerz-regionalversammlung-2025-kreise-hzgt-lauenburg-segeberg-stormarn-ostholstein-und-ploen\/#breadcrumb\"},\"inLanguage\":\"de\",\"potentialAction\":[{\"@type\":\"ReadAction\",\"target\":[\"https:\/\/www.lwbv.de\/lwbv\/2025\/03\/07\/04-maerz-regionalversammlung-2025-kreise-hzgt-lauenburg-segeberg-stormarn-ostholstein-und-ploen\/\"]}]},{\"@type\":\"ImageObject\",\"inLanguage\":\"de\",\"@id\":\"https:\/\/www.lwbv.de\/lwbv\/2025\/03\/07\/04-maerz-regionalversammlung-2025-kreise-hzgt-lauenburg-segeberg-stormarn-ostholstein-und-ploen\/#primaryimage\",\"url\":\"https:\/\/www.lwbv.de\/lwbv\/wp-content\/uploads\/2025\/03\/20250304_140511-scaled.jpg\",\"contentUrl\":\"https:\/\/www.lwbv.de\/lwbv\/wp-content\/uploads\/2025\/03\/20250304_140511-scaled.jpg\",\"width\":2560,\"height\":1441},{\"@type\":\"BreadcrumbList\",\"@id\":\"https:\/\/www.lwbv.de\/lwbv\/2025\/03\/07\/04-maerz-regionalversammlung-2025-kreise-hzgt-lauenburg-segeberg-stormarn-ostholstein-und-ploen\/#breadcrumb\",\"itemListElement\":[{\"@type\":\"ListItem\",\"position\":1,\"name\":\"Startseite\",\"item\":\"https:\/\/www.lwbv.de\/lwbv\/\"},{\"@type\":\"ListItem\",\"position\":2,\"name\":\"04. M\u00e4rz Regionalversammlung 2025 &#8211; Kreise Hzgt-Lauenburg, Segeberg, Stormarn, Ostholstein und Pl\u00f6n\"}]},{\"@type\":\"WebSite\",\"@id\":\"https:\/\/www.lwbv.de\/lwbv\/#website\",\"url\":\"https:\/\/www.lwbv.de\/lwbv\/\",\"name\":\"Landesverband der Wasser- und Bodenverb\u00e4nde\",\"description\":\"\",\"potentialAction\":[{\"@type\":\"SearchAction\",\"target\":{\"@type\":\"EntryPoint\",\"urlTemplate\":\"https:\/\/www.lwbv.de\/lwbv\/?s={search_term_string}\"},\"query-input\":\"required name=search_term_string\"}],\"inLanguage\":\"de\"},{\"@type\":\"Person\",\"@id\":\"https:\/\/www.lwbv.de\/lwbv\/#\/schema\/person\/c84b80400063ec44d5d032bfcc721479\",\"name\":\"Mathias Rohde\",\"image\":{\"@type\":\"ImageObject\",\"inLanguage\":\"de\",\"@id\":\"https:\/\/www.lwbv.de\/lwbv\/#\/schema\/person\/image\/\",\"url\":\"https:\/\/secure.gravatar.com\/avatar\/4d4c1af21e80fc716c0998ed0a17f0e3?s=96&d=mm&r=g\",\"contentUrl\":\"https:\/\/secure.gravatar.com\/avatar\/4d4c1af21e80fc716c0998ed0a17f0e3?s=96&d=mm&r=g\",\"caption\":\"Mathias Rohde\"}}]}<\/script>\n<!-- \/ Yoast SEO plugin. -->","yoast_head_json":{"title":"04. M\u00e4rz Regionalversammlung 2025 - Kreise Hzgt-Lauenburg, Segeberg, Stormarn, Ostholstein und Pl\u00f6n - Landesverband der Wasser- und Bodenverb\u00e4nde","robots":{"index":"index","follow":"follow","max-snippet":"max-snippet:-1","max-image-preview":"max-image-preview:large","max-video-preview":"max-video-preview:-1"},"canonical":"https:\/\/www.lwbv.de\/lwbv\/2025\/03\/07\/04-maerz-regionalversammlung-2025-kreise-hzgt-lauenburg-segeberg-stormarn-ostholstein-und-ploen\/","og_locale":"de_DE","og_type":"article","og_title":"04. M\u00e4rz Regionalversammlung 2025 - Kreise Hzgt-Lauenburg, Segeberg, Stormarn, Ostholstein und Pl\u00f6n - Landesverband der Wasser- und Bodenverb\u00e4nde","og_description":"In diesem Jahr wird der Verbandsauschuss wieder neu gew\u00e4hlt. Am 04. M\u00e4rz war der Landesverband zusammen mit Herrn van Riesen, Abteilungsleiter der Obersten Wasserbeh\u00f6rde und Obersten K\u00fcstenschutzbeh\u00f6rde des MEKUN, in den Kreissitzungss\u00e4len der Kreisverwaltungen Stormarn und Pl\u00f6n, um dort den neuen Verbandsausschuss der Kreise Herzogtum-Lauenburg, Bad Segeberg, Stormarn, Ostholstein und Pl\u00f6n zu w\u00e4hlen. Folgende Herren&hellip;","og_url":"https:\/\/www.lwbv.de\/lwbv\/2025\/03\/07\/04-maerz-regionalversammlung-2025-kreise-hzgt-lauenburg-segeberg-stormarn-ostholstein-und-ploen\/","og_site_name":"Landesverband der Wasser- und Bodenverb\u00e4nde","article_published_time":"2025-03-07T10:12:32+00:00","article_modified_time":"2025-03-07T10:12:35+00:00","og_image":[{"url":"https:\/\/www.lwbv.de\/lwbv\/wp-content\/uploads\/2025\/03\/20250304_140511-1024x577.jpg"}],"author":"Mathias Rohde","twitter_card":"summary_large_image","twitter_misc":{"Verfasst von":"Mathias Rohde","Gesch\u00e4tzte Lesezeit":"1\u00a0Minute"},"schema":{"@context":"https:\/\/schema.org","@graph":[{"@type":"WebPage","@id":"https:\/\/www.lwbv.de\/lwbv\/2025\/03\/07\/04-maerz-regionalversammlung-2025-kreise-hzgt-lauenburg-segeberg-stormarn-ostholstein-und-ploen\/","url":"https:\/\/www.lwbv.de\/lwbv\/2025\/03\/07\/04-maerz-regionalversammlung-2025-kreise-hzgt-lauenburg-segeberg-stormarn-ostholstein-und-ploen\/","name":"04. M\u00e4rz Regionalversammlung 2025 - Kreise Hzgt-Lauenburg, Segeberg, Stormarn, Ostholstein und Pl\u00f6n - Landesverband der Wasser- und Bodenverb\u00e4nde","isPartOf":{"@id":"https:\/\/www.lwbv.de\/lwbv\/#website"},"primaryImageOfPage":{"@id":"https:\/\/www.lwbv.de\/lwbv\/2025\/03\/07\/04-maerz-regionalversammlung-2025-kreise-hzgt-lauenburg-segeberg-stormarn-ostholstein-und-ploen\/#primaryimage"},"image":{"@id":"https:\/\/www.lwbv.de\/lwbv\/2025\/03\/07\/04-maerz-regionalversammlung-2025-kreise-hzgt-lauenburg-segeberg-stormarn-ostholstein-und-ploen\/#primaryimage"},"thumbnailUrl":"https:\/\/www.lwbv.de\/lwbv\/wp-content\/uploads\/2025\/03\/20250304_140511-1024x577.jpg","datePublished":"2025-03-07T10:12:32+00:00","dateModified":"2025-03-07T10:12:35+00:00","author":{"@id":"https:\/\/www.lwbv.de\/lwbv\/#\/schema\/person\/c84b80400063ec44d5d032bfcc721479"},"breadcrumb":{"@id":"https:\/\/www.lwbv.de\/lwbv\/2025\/03\/07\/04-maerz-regionalversammlung-2025-kreise-hzgt-lauenburg-segeberg-stormarn-ostholstein-und-ploen\/#breadcrumb"},"inLanguage":"de","potentialAction":[{"@type":"ReadAction","target":["https:\/\/www.lwbv.de\/lwbv\/2025\/03\/07\/04-maerz-regionalversammlung-2025-kreise-hzgt-lauenburg-segeberg-stormarn-ostholstein-und-ploen\/"]}]},{"@type":"ImageObject","inLanguage":"de","@id":"https:\/\/www.lwbv.de\/lwbv\/2025\/03\/07\/04-maerz-regionalversammlung-2025-kreise-hzgt-lauenburg-segeberg-stormarn-ostholstein-und-ploen\/#primaryimage","url":"https:\/\/www.lwbv.de\/lwbv\/wp-content\/uploads\/2025\/03\/20250304_140511-scaled.jpg","contentUrl":"https:\/\/www.lwbv.de\/lwbv\/wp-content\/uploads\/2025\/03\/20250304_140511-scaled.jpg","width":2560,"height":1441},{"@type":"BreadcrumbList","@id":"https:\/\/www.lwbv.de\/lwbv\/2025\/03\/07\/04-maerz-regionalversammlung-2025-kreise-hzgt-lauenburg-segeberg-stormarn-ostholstein-und-ploen\/#breadcrumb","itemListElement":[{"@type":"ListItem","position":1,"name":"Startseite","item":"https:\/\/www.lwbv.de\/lwbv\/"},{"@type":"ListItem","position":2,"name":"04. M\u00e4rz Regionalversammlung 2025 &#8211; Kreise Hzgt-Lauenburg, Segeberg, Stormarn, Ostholstein und Pl\u00f6n"}]},{"@type":"WebSite","@id":"https:\/\/www.lwbv.de\/lwbv\/#website","url":"https:\/\/www.lwbv.de\/lwbv\/","name":"Landesverband der Wasser- und Bodenverb\u00e4nde","description":"","potentialAction":[{"@type":"SearchAction","target":{"@type":"EntryPoint","urlTemplate":"https:\/\/www.lwbv.de\/lwbv\/?s={search_term_string}"},"query-input":"required name=search_term_string"}],"inLanguage":"de"},{"@type":"Person","@id":"https:\/\/www.lwbv.de\/lwbv\/#\/schema\/person\/c84b80400063ec44d5d032bfcc721479","name":"Mathias Rohde","image":{"@type":"ImageObject","inLanguage":"de","@id":"https:\/\/www.lwbv.de\/lwbv\/#\/schema\/person\/image\/","url":"https:\/\/secure.gravatar.com\/avatar\/4d4c1af21e80fc716c0998ed0a17f0e3?s=96&d=mm&r=g","contentUrl":"https:\/\/secure.gravatar.com\/avatar\/4d4c1af21e80fc716c0998ed0a17f0e3?s=96&d=mm&r=g","caption":"Mathias Rohde"}}]}},"_links":{"self":[{"href":"https:\/\/www.lwbv.de\/lwbv\/wp-json\/wp\/v2\/posts\/2933"}],"collection":[{"href":"https:\/\/www.lwbv.de\/lwbv\/wp-json\/wp\/v2\/posts"}],"about":[{"href":"https:\/\/www.lwbv.de\/lwbv\/wp-json\/wp\/v2\/types\/post"}],"author":[{"embeddable":true,"href":"https:\/\/www.lwbv.de\/lwbv\/wp-json\/wp\/v2\/users\/8"}],"replies":[{"embeddable":true,"href":"https:\/\/www.lwbv.de\/lwbv\/wp-json\/wp\/v2\/comments?post=2933"}],"version-history":[{"count":1,"href":"https:\/\/www.lwbv.de\/lwbv\/wp-json\/wp\/v2\/posts\/2933\/revisions"}],"predecessor-version":[{"id":2934,"href":"https:\/\/www.lwbv.de\/lwbv\/wp-json\/wp\/v2\/posts\/2933\/revisions\/2934"}],"wp:attachment":[{"href":"https:\/\/www.lwbv.de\/lwbv\/wp-json\/wp\/v2\/media?parent=2933"}],"wp:term":[{"taxonomy":"category","embeddable":true,"href":"https:\/\/www.lwbv.de\/lwbv\/wp-json\/wp\/v2\/categories?post=2933"},{"taxonomy":"post_tag","embeddable":true,"href":"https:\/\/www.lwbv.de\/lwbv\/wp-json\/wp\/v2\/tags?post=2933"}],"curies":[{"name":"wp","href":"https:\/\/api.w.org\/{rel}","templated":true}]}}