{"id":2942,"date":"2025-03-21T11:48:18","date_gmt":"2025-03-21T10:48:18","guid":{"rendered":"https:\/\/www.lwbv.de\/lwbv\/?p=2942"},"modified":"2025-03-21T11:48:20","modified_gmt":"2025-03-21T10:48:20","slug":"beleuchtung-des-kuestenkraftwerkes-vom-17-23-03-2025","status":"publish","type":"post","link":"https:\/\/www.lwbv.de\/lwbv\/2025\/03\/21\/beleuchtung-des-kuestenkraftwerkes-vom-17-23-03-2025\/","title":{"rendered":"Beleuchtung des K\u00fcstenkraftwerkes vom 17.-23.03.2025"},"content":{"rendered":"\n<p>Unter dem Slogan \u201eSchleswig-Holstein macht sich wasserstark\u201c informiert die Landesregierung seit April 2023 \u00fcber Wassergefahren, M\u00f6glichkeiten der Vorsorge und das richtige Verhalten im Ernstfall. Anl\u00e4sslich des Weltwassertags am Samstag (22. M\u00e4rz) wird das Kieler K\u00fcstenkraftwerk in dieser Woche mit verschiedenen Elementen der \u201ewasserstark.sh\u201c Kampagne beleuchtet. Die Beleuchtung findet in den Abendstunden statt und soll auf potentielle Wassergefahren durch Sturmflut, Binnenhochwasser und Starkregen aufmerksam machen und einen Ansto\u00df zur Eigenvorsorge liefern. Machen auch Sie sich wasserstark!<\/p>\n\n\n\n<figure class=\"wp-block-image size-large is-resized\"><img loading=\"lazy\" decoding=\"async\" width=\"682\" height=\"1024\" src=\"https:\/\/www.lwbv.de\/lwbv\/wp-content\/uploads\/2025\/03\/MEKUN-Wasserstark-Promotion-3-682x1024.jpg\" alt=\"\" class=\"wp-image-2941\" style=\"width:497px;height:auto\" srcset=\"https:\/\/www.lwbv.de\/lwbv\/wp-content\/uploads\/2025\/03\/MEKUN-Wasserstark-Promotion-3-682x1024.jpg 682w, https:\/\/www.lwbv.de\/lwbv\/wp-content\/uploads\/2025\/03\/MEKUN-Wasserstark-Promotion-3-200x300.jpg 200w, https:\/\/www.lwbv.de\/lwbv\/wp-content\/uploads\/2025\/03\/MEKUN-Wasserstark-Promotion-3-768x1152.jpg 768w, https:\/\/www.lwbv.de\/lwbv\/wp-content\/uploads\/2025\/03\/MEKUN-Wasserstark-Promotion-3-1024x1536.jpg 1024w, https:\/\/www.lwbv.de\/lwbv\/wp-content\/uploads\/2025\/03\/MEKUN-Wasserstark-Promotion-3-1365x2048.jpg 1365w, https:\/\/www.lwbv.de\/lwbv\/wp-content\/uploads\/2025\/03\/MEKUN-Wasserstark-Promotion-3-scaled.jpg 1706w\" sizes=\"(max-width: 682px) 100vw, 682px\" \/><\/figure>\n\n\n\n<figure class=\"wp-block-image size-large\"><img loading=\"lazy\" decoding=\"async\" width=\"1024\" height=\"683\" src=\"https:\/\/www.lwbv.de\/lwbv\/wp-content\/uploads\/2025\/03\/MEKUN-Wasserstark-Projektion-Kuestenkraftwerk-019-1024x683.jpg\" alt=\"\" class=\"wp-image-2940\" srcset=\"https:\/\/www.lwbv.de\/lwbv\/wp-content\/uploads\/2025\/03\/MEKUN-Wasserstark-Projektion-Kuestenkraftwerk-019-1024x683.jpg 1024w, https:\/\/www.lwbv.de\/lwbv\/wp-content\/uploads\/2025\/03\/MEKUN-Wasserstark-Projektion-Kuestenkraftwerk-019-300x200.jpg 300w, https:\/\/www.lwbv.de\/lwbv\/wp-content\/uploads\/2025\/03\/MEKUN-Wasserstark-Projektion-Kuestenkraftwerk-019-768x512.jpg 768w, https:\/\/www.lwbv.de\/lwbv\/wp-content\/uploads\/2025\/03\/MEKUN-Wasserstark-Projektion-Kuestenkraftwerk-019-1536x1024.jpg 1536w, https:\/\/www.lwbv.de\/lwbv\/wp-content\/uploads\/2025\/03\/MEKUN-Wasserstark-Projektion-Kuestenkraftwerk-019-2048x1365.jpg 2048w\" sizes=\"(max-width: 1024px) 100vw, 1024px\" \/><\/figure>\n","protected":false},"excerpt":{"rendered":"<p>Unter dem Slogan \u201eSchleswig-Holstein macht sich wasserstark\u201c informiert die Landesregierung seit April 2023 \u00fcber Wassergefahren, M\u00f6glichkeiten der Vorsorge und das richtige Verhalten im Ernstfall. Anl\u00e4sslich des Weltwassertags am Samstag (22. M\u00e4rz) wird das Kieler K\u00fcstenkraftwerk in dieser Woche mit verschiedenen Elementen der \u201ewasserstark.sh\u201c Kampagne beleuchtet. Die Beleuchtung findet in den Abendstunden statt und soll auf&hellip;<\/p>\n","protected":false},"author":8,"featured_media":0,"comment_status":"closed","ping_status":"closed","sticky":false,"template":"","format":"standard","meta":{"footnotes":""},"categories":[1],"tags":[],"yoast_head":"<!-- This site is optimized with the Yoast SEO plugin v22.8 - https:\/\/yoast.com\/wordpress\/plugins\/seo\/ -->\n<title>Beleuchtung des K\u00fcstenkraftwerkes vom 17.-23.03.2025 - Landesverband der Wasser- und Bodenverb\u00e4nde<\/title>\n<meta name=\"robots\" content=\"index, follow, max-snippet:-1, max-image-preview:large, max-video-preview:-1\" \/>\n<link rel=\"canonical\" href=\"https:\/\/www.lwbv.de\/lwbv\/2025\/03\/21\/beleuchtung-des-kuestenkraftwerkes-vom-17-23-03-2025\/\" \/>\n<meta property=\"og:locale\" content=\"de_DE\" \/>\n<meta property=\"og:type\" content=\"article\" \/>\n<meta property=\"og:title\" content=\"Beleuchtung des K\u00fcstenkraftwerkes vom 17.-23.03.2025 - Landesverband der Wasser- und Bodenverb\u00e4nde\" \/>\n<meta property=\"og:description\" content=\"Unter dem Slogan \u201eSchleswig-Holstein macht sich wasserstark\u201c informiert die Landesregierung seit April 2023 \u00fcber Wassergefahren, M\u00f6glichkeiten der Vorsorge und das richtige Verhalten im Ernstfall. Anl\u00e4sslich des Weltwassertags am Samstag (22. M\u00e4rz) wird das Kieler K\u00fcstenkraftwerk in dieser Woche mit verschiedenen Elementen der \u201ewasserstark.sh\u201c Kampagne beleuchtet. Die Beleuchtung findet in den Abendstunden statt und soll auf&hellip;\" \/>\n<meta property=\"og:url\" content=\"https:\/\/www.lwbv.de\/lwbv\/2025\/03\/21\/beleuchtung-des-kuestenkraftwerkes-vom-17-23-03-2025\/\" \/>\n<meta property=\"og:site_name\" content=\"Landesverband der Wasser- und Bodenverb\u00e4nde\" \/>\n<meta property=\"article:published_time\" content=\"2025-03-21T10:48:18+00:00\" \/>\n<meta property=\"article:modified_time\" content=\"2025-03-21T10:48:20+00:00\" \/>\n<meta property=\"og:image\" content=\"https:\/\/www.lwbv.de\/lwbv\/wp-content\/uploads\/2025\/03\/MEKUN-Wasserstark-Promotion-3-682x1024.jpg\" \/>\n<meta name=\"author\" content=\"Mathias Rohde\" \/>\n<meta name=\"twitter:card\" content=\"summary_large_image\" \/>\n<meta name=\"twitter:label1\" content=\"Verfasst von\" \/>\n\t<meta name=\"twitter:data1\" content=\"Mathias Rohde\" \/>\n\t<meta name=\"twitter:label2\" content=\"Gesch\u00e4tzte Lesezeit\" \/>\n\t<meta name=\"twitter:data2\" content=\"1\u00a0Minute\" \/>\n<script type=\"application\/ld+json\" class=\"yoast-schema-graph\">{\"@context\":\"https:\/\/schema.org\",\"@graph\":[{\"@type\":\"WebPage\",\"@id\":\"https:\/\/www.lwbv.de\/lwbv\/2025\/03\/21\/beleuchtung-des-kuestenkraftwerkes-vom-17-23-03-2025\/\",\"url\":\"https:\/\/www.lwbv.de\/lwbv\/2025\/03\/21\/beleuchtung-des-kuestenkraftwerkes-vom-17-23-03-2025\/\",\"name\":\"Beleuchtung des K\u00fcstenkraftwerkes vom 17.-23.03.2025 - Landesverband der Wasser- und Bodenverb\u00e4nde\",\"isPartOf\":{\"@id\":\"https:\/\/www.lwbv.de\/lwbv\/#website\"},\"primaryImageOfPage\":{\"@id\":\"https:\/\/www.lwbv.de\/lwbv\/2025\/03\/21\/beleuchtung-des-kuestenkraftwerkes-vom-17-23-03-2025\/#primaryimage\"},\"image\":{\"@id\":\"https:\/\/www.lwbv.de\/lwbv\/2025\/03\/21\/beleuchtung-des-kuestenkraftwerkes-vom-17-23-03-2025\/#primaryimage\"},\"thumbnailUrl\":\"https:\/\/www.lwbv.de\/lwbv\/wp-content\/uploads\/2025\/03\/MEKUN-Wasserstark-Promotion-3-682x1024.jpg\",\"datePublished\":\"2025-03-21T10:48:18+00:00\",\"dateModified\":\"2025-03-21T10:48:20+00:00\",\"author\":{\"@id\":\"https:\/\/www.lwbv.de\/lwbv\/#\/schema\/person\/c84b80400063ec44d5d032bfcc721479\"},\"breadcrumb\":{\"@id\":\"https:\/\/www.lwbv.de\/lwbv\/2025\/03\/21\/beleuchtung-des-kuestenkraftwerkes-vom-17-23-03-2025\/#breadcrumb\"},\"inLanguage\":\"de\",\"potentialAction\":[{\"@type\":\"ReadAction\",\"target\":[\"https:\/\/www.lwbv.de\/lwbv\/2025\/03\/21\/beleuchtung-des-kuestenkraftwerkes-vom-17-23-03-2025\/\"]}]},{\"@type\":\"ImageObject\",\"inLanguage\":\"de\",\"@id\":\"https:\/\/www.lwbv.de\/lwbv\/2025\/03\/21\/beleuchtung-des-kuestenkraftwerkes-vom-17-23-03-2025\/#primaryimage\",\"url\":\"https:\/\/www.lwbv.de\/lwbv\/wp-content\/uploads\/2025\/03\/MEKUN-Wasserstark-Promotion-3-scaled.jpg\",\"contentUrl\":\"https:\/\/www.lwbv.de\/lwbv\/wp-content\/uploads\/2025\/03\/MEKUN-Wasserstark-Promotion-3-scaled.jpg\",\"width\":1706,\"height\":2560},{\"@type\":\"BreadcrumbList\",\"@id\":\"https:\/\/www.lwbv.de\/lwbv\/2025\/03\/21\/beleuchtung-des-kuestenkraftwerkes-vom-17-23-03-2025\/#breadcrumb\",\"itemListElement\":[{\"@type\":\"ListItem\",\"position\":1,\"name\":\"Startseite\",\"item\":\"https:\/\/www.lwbv.de\/lwbv\/\"},{\"@type\":\"ListItem\",\"position\":2,\"name\":\"Beleuchtung des K\u00fcstenkraftwerkes vom 17.-23.03.2025\"}]},{\"@type\":\"WebSite\",\"@id\":\"https:\/\/www.lwbv.de\/lwbv\/#website\",\"url\":\"https:\/\/www.lwbv.de\/lwbv\/\",\"name\":\"Landesverband der Wasser- und Bodenverb\u00e4nde\",\"description\":\"\",\"potentialAction\":[{\"@type\":\"SearchAction\",\"target\":{\"@type\":\"EntryPoint\",\"urlTemplate\":\"https:\/\/www.lwbv.de\/lwbv\/?s={search_term_string}\"},\"query-input\":\"required name=search_term_string\"}],\"inLanguage\":\"de\"},{\"@type\":\"Person\",\"@id\":\"https:\/\/www.lwbv.de\/lwbv\/#\/schema\/person\/c84b80400063ec44d5d032bfcc721479\",\"name\":\"Mathias Rohde\",\"image\":{\"@type\":\"ImageObject\",\"inLanguage\":\"de\",\"@id\":\"https:\/\/www.lwbv.de\/lwbv\/#\/schema\/person\/image\/\",\"url\":\"https:\/\/secure.gravatar.com\/avatar\/4d4c1af21e80fc716c0998ed0a17f0e3?s=96&d=mm&r=g\",\"contentUrl\":\"https:\/\/secure.gravatar.com\/avatar\/4d4c1af21e80fc716c0998ed0a17f0e3?s=96&d=mm&r=g\",\"caption\":\"Mathias Rohde\"}}]}<\/script>\n<!-- \/ Yoast SEO plugin. -->","yoast_head_json":{"title":"Beleuchtung des K\u00fcstenkraftwerkes vom 17.-23.03.2025 - Landesverband der Wasser- und Bodenverb\u00e4nde","robots":{"index":"index","follow":"follow","max-snippet":"max-snippet:-1","max-image-preview":"max-image-preview:large","max-video-preview":"max-video-preview:-1"},"canonical":"https:\/\/www.lwbv.de\/lwbv\/2025\/03\/21\/beleuchtung-des-kuestenkraftwerkes-vom-17-23-03-2025\/","og_locale":"de_DE","og_type":"article","og_title":"Beleuchtung des K\u00fcstenkraftwerkes vom 17.-23.03.2025 - Landesverband der Wasser- und Bodenverb\u00e4nde","og_description":"Unter dem Slogan \u201eSchleswig-Holstein macht sich wasserstark\u201c informiert die Landesregierung seit April 2023 \u00fcber Wassergefahren, M\u00f6glichkeiten der Vorsorge und das richtige Verhalten im Ernstfall. Anl\u00e4sslich des Weltwassertags am Samstag (22. M\u00e4rz) wird das Kieler K\u00fcstenkraftwerk in dieser Woche mit verschiedenen Elementen der \u201ewasserstark.sh\u201c Kampagne beleuchtet. Die Beleuchtung findet in den Abendstunden statt und soll auf&hellip;","og_url":"https:\/\/www.lwbv.de\/lwbv\/2025\/03\/21\/beleuchtung-des-kuestenkraftwerkes-vom-17-23-03-2025\/","og_site_name":"Landesverband der Wasser- und Bodenverb\u00e4nde","article_published_time":"2025-03-21T10:48:18+00:00","article_modified_time":"2025-03-21T10:48:20+00:00","og_image":[{"url":"https:\/\/www.lwbv.de\/lwbv\/wp-content\/uploads\/2025\/03\/MEKUN-Wasserstark-Promotion-3-682x1024.jpg"}],"author":"Mathias Rohde","twitter_card":"summary_large_image","twitter_misc":{"Verfasst von":"Mathias Rohde","Gesch\u00e4tzte Lesezeit":"1\u00a0Minute"},"schema":{"@context":"https:\/\/schema.org","@graph":[{"@type":"WebPage","@id":"https:\/\/www.lwbv.de\/lwbv\/2025\/03\/21\/beleuchtung-des-kuestenkraftwerkes-vom-17-23-03-2025\/","url":"https:\/\/www.lwbv.de\/lwbv\/2025\/03\/21\/beleuchtung-des-kuestenkraftwerkes-vom-17-23-03-2025\/","name":"Beleuchtung des K\u00fcstenkraftwerkes vom 17.-23.03.2025 - Landesverband der Wasser- und Bodenverb\u00e4nde","isPartOf":{"@id":"https:\/\/www.lwbv.de\/lwbv\/#website"},"primaryImageOfPage":{"@id":"https:\/\/www.lwbv.de\/lwbv\/2025\/03\/21\/beleuchtung-des-kuestenkraftwerkes-vom-17-23-03-2025\/#primaryimage"},"image":{"@id":"https:\/\/www.lwbv.de\/lwbv\/2025\/03\/21\/beleuchtung-des-kuestenkraftwerkes-vom-17-23-03-2025\/#primaryimage"},"thumbnailUrl":"https:\/\/www.lwbv.de\/lwbv\/wp-content\/uploads\/2025\/03\/MEKUN-Wasserstark-Promotion-3-682x1024.jpg","datePublished":"2025-03-21T10:48:18+00:00","dateModified":"2025-03-21T10:48:20+00:00","author":{"@id":"https:\/\/www.lwbv.de\/lwbv\/#\/schema\/person\/c84b80400063ec44d5d032bfcc721479"},"breadcrumb":{"@id":"https:\/\/www.lwbv.de\/lwbv\/2025\/03\/21\/beleuchtung-des-kuestenkraftwerkes-vom-17-23-03-2025\/#breadcrumb"},"inLanguage":"de","potentialAction":[{"@type":"ReadAction","target":["https:\/\/www.lwbv.de\/lwbv\/2025\/03\/21\/beleuchtung-des-kuestenkraftwerkes-vom-17-23-03-2025\/"]}]},{"@type":"ImageObject","inLanguage":"de","@id":"https:\/\/www.lwbv.de\/lwbv\/2025\/03\/21\/beleuchtung-des-kuestenkraftwerkes-vom-17-23-03-2025\/#primaryimage","url":"https:\/\/www.lwbv.de\/lwbv\/wp-content\/uploads\/2025\/03\/MEKUN-Wasserstark-Promotion-3-scaled.jpg","contentUrl":"https:\/\/www.lwbv.de\/lwbv\/wp-content\/uploads\/2025\/03\/MEKUN-Wasserstark-Promotion-3-scaled.jpg","width":1706,"height":2560},{"@type":"BreadcrumbList","@id":"https:\/\/www.lwbv.de\/lwbv\/2025\/03\/21\/beleuchtung-des-kuestenkraftwerkes-vom-17-23-03-2025\/#breadcrumb","itemListElement":[{"@type":"ListItem","position":1,"name":"Startseite","item":"https:\/\/www.lwbv.de\/lwbv\/"},{"@type":"ListItem","position":2,"name":"Beleuchtung des K\u00fcstenkraftwerkes vom 17.-23.03.2025"}]},{"@type":"WebSite","@id":"https:\/\/www.lwbv.de\/lwbv\/#website","url":"https:\/\/www.lwbv.de\/lwbv\/","name":"Landesverband der Wasser- und Bodenverb\u00e4nde","description":"","potentialAction":[{"@type":"SearchAction","target":{"@type":"EntryPoint","urlTemplate":"https:\/\/www.lwbv.de\/lwbv\/?s={search_term_string}"},"query-input":"required name=search_term_string"}],"inLanguage":"de"},{"@type":"Person","@id":"https:\/\/www.lwbv.de\/lwbv\/#\/schema\/person\/c84b80400063ec44d5d032bfcc721479","name":"Mathias Rohde","image":{"@type":"ImageObject","inLanguage":"de","@id":"https:\/\/www.lwbv.de\/lwbv\/#\/schema\/person\/image\/","url":"https:\/\/secure.gravatar.com\/avatar\/4d4c1af21e80fc716c0998ed0a17f0e3?s=96&d=mm&r=g","contentUrl":"https:\/\/secure.gravatar.com\/avatar\/4d4c1af21e80fc716c0998ed0a17f0e3?s=96&d=mm&r=g","caption":"Mathias Rohde"}}]}},"_links":{"self":[{"href":"https:\/\/www.lwbv.de\/lwbv\/wp-json\/wp\/v2\/posts\/2942"}],"collection":[{"href":"https:\/\/www.lwbv.de\/lwbv\/wp-json\/wp\/v2\/posts"}],"about":[{"href":"https:\/\/www.lwbv.de\/lwbv\/wp-json\/wp\/v2\/types\/post"}],"author":[{"embeddable":true,"href":"https:\/\/www.lwbv.de\/lwbv\/wp-json\/wp\/v2\/users\/8"}],"replies":[{"embeddable":true,"href":"https:\/\/www.lwbv.de\/lwbv\/wp-json\/wp\/v2\/comments?post=2942"}],"version-history":[{"count":1,"href":"https:\/\/www.lwbv.de\/lwbv\/wp-json\/wp\/v2\/posts\/2942\/revisions"}],"predecessor-version":[{"id":2943,"href":"https:\/\/www.lwbv.de\/lwbv\/wp-json\/wp\/v2\/posts\/2942\/revisions\/2943"}],"wp:attachment":[{"href":"https:\/\/www.lwbv.de\/lwbv\/wp-json\/wp\/v2\/media?parent=2942"}],"wp:term":[{"taxonomy":"category","embeddable":true,"href":"https:\/\/www.lwbv.de\/lwbv\/wp-json\/wp\/v2\/categories?post=2942"},{"taxonomy":"post_tag","embeddable":true,"href":"https:\/\/www.lwbv.de\/lwbv\/wp-json\/wp\/v2\/tags?post=2942"}],"curies":[{"name":"wp","href":"https:\/\/api.w.org\/{rel}","templated":true}]}}