{"id":2948,"date":"2025-04-03T09:30:15","date_gmt":"2025-04-03T07:30:15","guid":{"rendered":"https:\/\/www.lwbv.de\/lwbv\/?p=2948"},"modified":"2025-04-03T09:30:17","modified_gmt":"2025-04-03T07:30:17","slug":"25-und-27-maerz-regionalversammlungen-schleswig-flensburg-und-nordfriesland","status":"publish","type":"post","link":"https:\/\/www.lwbv.de\/lwbv\/2025\/04\/03\/25-und-27-maerz-regionalversammlungen-schleswig-flensburg-und-nordfriesland\/","title":{"rendered":"25. und 27. M\u00e4rz &#8211; Regionalversammlungen Schleswig-Flensburg und Nordfriesland"},"content":{"rendered":"\n<p>Am 25. M\u00e4rz in Schleswig und am 27. M\u00e4rz in Husum war der Landesverband zusammen mit Herrn van Riesen, Abteilungsleiter der Obersten Wasserbeh\u00f6rde und Obersten K\u00fcstenschutzbeh\u00f6rde des MEKUN, in den Kreissitzungss\u00e4len, um dort den neuen Verbandsausschuss der Kreise Schleswig-Flensburg und Nordfriesland zu w\u00e4hlen. Folgende Herren wurden jeweils einstimmig oder mit eigener Enthaltung in den Ausschuss gew\u00e4hlt:<\/p>\n\n\n\n<p><strong>Schleswig-Flensbug:<\/strong><br>1. Claus Wilhelm Hansen<br>Wasser- und Bodenverband Angelner Auen<\/p>\n\n\n\n<p>2. Karl-Henning Diederichsen<br>Wasser- und Bodenverband Langballigau<\/p>\n\n\n\n<p>3. Peter Esperm\u00fcller<br>Wasser- und Bodenverband Obere Treene<\/p>\n\n\n\n<p>4. Klaus-Peter Dau<br>Sielverband Mittlere Sorge<\/p>\n\n\n\n<p>5. Carsten Jensen<br>Sielverband Treenemarsch<\/p>\n\n\n\n<p>6. Werner Dopatka<br>Wasser- und Bodenverband Jardelunder Wiesen<\/p>\n\n\n\n<p><strong>Nordfriesland:<\/strong><br>1. Uwe Hansen<br>Deich- und Hauptsielverband S\u00fcdwesth\u00f6rn-Bongsiel<\/p>\n\n\n\n<p>2. Johannes Clausen<br>Wasser- und Bodenverband Eckstockau<\/p>\n\n\n\n<p>3. Gerd-Matthias Albertsen<br>Wasser- und Bodenverband Obere Ostenau<\/p>\n\n\n\n<p>4. Dirk Albrecht<br>Deich- und Hauptsielverband Arlau<\/p>\n\n\n\n<figure class=\"wp-block-image size-large is-resized\"><img loading=\"lazy\" decoding=\"async\" width=\"1024\" height=\"577\" src=\"https:\/\/www.lwbv.de\/lwbv\/wp-content\/uploads\/2025\/04\/20250327_112326-1024x577.jpg\" alt=\"\" class=\"wp-image-2946\" style=\"width:767px;height:auto\" srcset=\"https:\/\/www.lwbv.de\/lwbv\/wp-content\/uploads\/2025\/04\/20250327_112326-1024x577.jpg 1024w, https:\/\/www.lwbv.de\/lwbv\/wp-content\/uploads\/2025\/04\/20250327_112326-300x169.jpg 300w, https:\/\/www.lwbv.de\/lwbv\/wp-content\/uploads\/2025\/04\/20250327_112326-768x432.jpg 768w, https:\/\/www.lwbv.de\/lwbv\/wp-content\/uploads\/2025\/04\/20250327_112326-1536x865.jpg 1536w, https:\/\/www.lwbv.de\/lwbv\/wp-content\/uploads\/2025\/04\/20250327_112326-2048x1153.jpg 2048w\" sizes=\"(max-width: 1024px) 100vw, 1024px\" \/><\/figure>\n\n\n\n<p>Am letzten Tag der Regionalversammlungen in Husum bedankte sich unser Verbandsvorsteher Herr Gloy bei Herrn van Riesen f\u00fcr seine Begleitung und Unterst\u00fctzung bei allen Regionalversammlungen.<\/p>\n\n\n\n<figure class=\"wp-block-image size-large is-resized\"><img loading=\"lazy\" decoding=\"async\" width=\"577\" height=\"1024\" src=\"https:\/\/www.lwbv.de\/lwbv\/wp-content\/uploads\/2025\/04\/20250327_110221-577x1024.jpg\" alt=\"\" class=\"wp-image-2945\" style=\"width:420px;height:auto\" srcset=\"https:\/\/www.lwbv.de\/lwbv\/wp-content\/uploads\/2025\/04\/20250327_110221-577x1024.jpg 577w, https:\/\/www.lwbv.de\/lwbv\/wp-content\/uploads\/2025\/04\/20250327_110221-169x300.jpg 169w, https:\/\/www.lwbv.de\/lwbv\/wp-content\/uploads\/2025\/04\/20250327_110221-768x1364.jpg 768w, https:\/\/www.lwbv.de\/lwbv\/wp-content\/uploads\/2025\/04\/20250327_110221-865x1536.jpg 865w, https:\/\/www.lwbv.de\/lwbv\/wp-content\/uploads\/2025\/04\/20250327_110221-1153x2048.jpg 1153w, https:\/\/www.lwbv.de\/lwbv\/wp-content\/uploads\/2025\/04\/20250327_110221-scaled.jpg 1441w\" sizes=\"(max-width: 577px) 100vw, 577px\" \/><\/figure>\n","protected":false},"excerpt":{"rendered":"<p>Am 25. M\u00e4rz in Schleswig und am 27. M\u00e4rz in Husum war der Landesverband zusammen mit Herrn van Riesen, Abteilungsleiter der Obersten Wasserbeh\u00f6rde und Obersten K\u00fcstenschutzbeh\u00f6rde des MEKUN, in den Kreissitzungss\u00e4len, um dort den neuen Verbandsausschuss der Kreise Schleswig-Flensburg und Nordfriesland zu w\u00e4hlen. Folgende Herren wurden jeweils einstimmig oder mit eigener Enthaltung in den Ausschuss&hellip;<\/p>\n","protected":false},"author":8,"featured_media":0,"comment_status":"closed","ping_status":"closed","sticky":false,"template":"","format":"standard","meta":{"footnotes":""},"categories":[1],"tags":[],"yoast_head":"<!-- This site is optimized with the Yoast SEO plugin v22.8 - https:\/\/yoast.com\/wordpress\/plugins\/seo\/ -->\n<title>25. und 27. M\u00e4rz - Regionalversammlungen Schleswig-Flensburg und Nordfriesland - Landesverband der Wasser- und Bodenverb\u00e4nde<\/title>\n<meta name=\"robots\" content=\"index, follow, max-snippet:-1, max-image-preview:large, max-video-preview:-1\" \/>\n<link rel=\"canonical\" href=\"https:\/\/www.lwbv.de\/lwbv\/2025\/04\/03\/25-und-27-maerz-regionalversammlungen-schleswig-flensburg-und-nordfriesland\/\" \/>\n<meta property=\"og:locale\" content=\"de_DE\" \/>\n<meta property=\"og:type\" content=\"article\" \/>\n<meta property=\"og:title\" content=\"25. und 27. M\u00e4rz - Regionalversammlungen Schleswig-Flensburg und Nordfriesland - Landesverband der Wasser- und Bodenverb\u00e4nde\" \/>\n<meta property=\"og:description\" content=\"Am 25. M\u00e4rz in Schleswig und am 27. M\u00e4rz in Husum war der Landesverband zusammen mit Herrn van Riesen, Abteilungsleiter der Obersten Wasserbeh\u00f6rde und Obersten K\u00fcstenschutzbeh\u00f6rde des MEKUN, in den Kreissitzungss\u00e4len, um dort den neuen Verbandsausschuss der Kreise Schleswig-Flensburg und Nordfriesland zu w\u00e4hlen. Folgende Herren wurden jeweils einstimmig oder mit eigener Enthaltung in den Ausschuss&hellip;\" \/>\n<meta property=\"og:url\" content=\"https:\/\/www.lwbv.de\/lwbv\/2025\/04\/03\/25-und-27-maerz-regionalversammlungen-schleswig-flensburg-und-nordfriesland\/\" \/>\n<meta property=\"og:site_name\" content=\"Landesverband der Wasser- und Bodenverb\u00e4nde\" \/>\n<meta property=\"article:published_time\" content=\"2025-04-03T07:30:15+00:00\" \/>\n<meta property=\"article:modified_time\" content=\"2025-04-03T07:30:17+00:00\" \/>\n<meta property=\"og:image\" content=\"https:\/\/www.lwbv.de\/lwbv\/wp-content\/uploads\/2025\/04\/20250327_112326-1024x577.jpg\" \/>\n<meta name=\"author\" content=\"Mathias Rohde\" \/>\n<meta name=\"twitter:card\" content=\"summary_large_image\" \/>\n<meta name=\"twitter:label1\" content=\"Verfasst von\" \/>\n\t<meta name=\"twitter:data1\" content=\"Mathias Rohde\" \/>\n\t<meta name=\"twitter:label2\" content=\"Gesch\u00e4tzte Lesezeit\" \/>\n\t<meta name=\"twitter:data2\" content=\"2\u00a0Minuten\" \/>\n<script type=\"application\/ld+json\" class=\"yoast-schema-graph\">{\"@context\":\"https:\/\/schema.org\",\"@graph\":[{\"@type\":\"WebPage\",\"@id\":\"https:\/\/www.lwbv.de\/lwbv\/2025\/04\/03\/25-und-27-maerz-regionalversammlungen-schleswig-flensburg-und-nordfriesland\/\",\"url\":\"https:\/\/www.lwbv.de\/lwbv\/2025\/04\/03\/25-und-27-maerz-regionalversammlungen-schleswig-flensburg-und-nordfriesland\/\",\"name\":\"25. und 27. M\u00e4rz - Regionalversammlungen Schleswig-Flensburg und Nordfriesland - Landesverband der Wasser- und Bodenverb\u00e4nde\",\"isPartOf\":{\"@id\":\"https:\/\/www.lwbv.de\/lwbv\/#website\"},\"primaryImageOfPage\":{\"@id\":\"https:\/\/www.lwbv.de\/lwbv\/2025\/04\/03\/25-und-27-maerz-regionalversammlungen-schleswig-flensburg-und-nordfriesland\/#primaryimage\"},\"image\":{\"@id\":\"https:\/\/www.lwbv.de\/lwbv\/2025\/04\/03\/25-und-27-maerz-regionalversammlungen-schleswig-flensburg-und-nordfriesland\/#primaryimage\"},\"thumbnailUrl\":\"https:\/\/www.lwbv.de\/lwbv\/wp-content\/uploads\/2025\/04\/20250327_112326-1024x577.jpg\",\"datePublished\":\"2025-04-03T07:30:15+00:00\",\"dateModified\":\"2025-04-03T07:30:17+00:00\",\"author\":{\"@id\":\"https:\/\/www.lwbv.de\/lwbv\/#\/schema\/person\/c84b80400063ec44d5d032bfcc721479\"},\"breadcrumb\":{\"@id\":\"https:\/\/www.lwbv.de\/lwbv\/2025\/04\/03\/25-und-27-maerz-regionalversammlungen-schleswig-flensburg-und-nordfriesland\/#breadcrumb\"},\"inLanguage\":\"de\",\"potentialAction\":[{\"@type\":\"ReadAction\",\"target\":[\"https:\/\/www.lwbv.de\/lwbv\/2025\/04\/03\/25-und-27-maerz-regionalversammlungen-schleswig-flensburg-und-nordfriesland\/\"]}]},{\"@type\":\"ImageObject\",\"inLanguage\":\"de\",\"@id\":\"https:\/\/www.lwbv.de\/lwbv\/2025\/04\/03\/25-und-27-maerz-regionalversammlungen-schleswig-flensburg-und-nordfriesland\/#primaryimage\",\"url\":\"https:\/\/www.lwbv.de\/lwbv\/wp-content\/uploads\/2025\/04\/20250327_112326-scaled.jpg\",\"contentUrl\":\"https:\/\/www.lwbv.de\/lwbv\/wp-content\/uploads\/2025\/04\/20250327_112326-scaled.jpg\",\"width\":2560,\"height\":1441},{\"@type\":\"BreadcrumbList\",\"@id\":\"https:\/\/www.lwbv.de\/lwbv\/2025\/04\/03\/25-und-27-maerz-regionalversammlungen-schleswig-flensburg-und-nordfriesland\/#breadcrumb\",\"itemListElement\":[{\"@type\":\"ListItem\",\"position\":1,\"name\":\"Startseite\",\"item\":\"https:\/\/www.lwbv.de\/lwbv\/\"},{\"@type\":\"ListItem\",\"position\":2,\"name\":\"25. und 27. M\u00e4rz &#8211; Regionalversammlungen Schleswig-Flensburg und Nordfriesland\"}]},{\"@type\":\"WebSite\",\"@id\":\"https:\/\/www.lwbv.de\/lwbv\/#website\",\"url\":\"https:\/\/www.lwbv.de\/lwbv\/\",\"name\":\"Landesverband der Wasser- und Bodenverb\u00e4nde\",\"description\":\"\",\"potentialAction\":[{\"@type\":\"SearchAction\",\"target\":{\"@type\":\"EntryPoint\",\"urlTemplate\":\"https:\/\/www.lwbv.de\/lwbv\/?s={search_term_string}\"},\"query-input\":\"required name=search_term_string\"}],\"inLanguage\":\"de\"},{\"@type\":\"Person\",\"@id\":\"https:\/\/www.lwbv.de\/lwbv\/#\/schema\/person\/c84b80400063ec44d5d032bfcc721479\",\"name\":\"Mathias Rohde\",\"image\":{\"@type\":\"ImageObject\",\"inLanguage\":\"de\",\"@id\":\"https:\/\/www.lwbv.de\/lwbv\/#\/schema\/person\/image\/\",\"url\":\"https:\/\/secure.gravatar.com\/avatar\/4d4c1af21e80fc716c0998ed0a17f0e3?s=96&d=mm&r=g\",\"contentUrl\":\"https:\/\/secure.gravatar.com\/avatar\/4d4c1af21e80fc716c0998ed0a17f0e3?s=96&d=mm&r=g\",\"caption\":\"Mathias Rohde\"}}]}<\/script>\n<!-- \/ Yoast SEO plugin. -->","yoast_head_json":{"title":"25. und 27. M\u00e4rz - Regionalversammlungen Schleswig-Flensburg und Nordfriesland - Landesverband der Wasser- und Bodenverb\u00e4nde","robots":{"index":"index","follow":"follow","max-snippet":"max-snippet:-1","max-image-preview":"max-image-preview:large","max-video-preview":"max-video-preview:-1"},"canonical":"https:\/\/www.lwbv.de\/lwbv\/2025\/04\/03\/25-und-27-maerz-regionalversammlungen-schleswig-flensburg-und-nordfriesland\/","og_locale":"de_DE","og_type":"article","og_title":"25. und 27. M\u00e4rz - Regionalversammlungen Schleswig-Flensburg und Nordfriesland - Landesverband der Wasser- und Bodenverb\u00e4nde","og_description":"Am 25. M\u00e4rz in Schleswig und am 27. M\u00e4rz in Husum war der Landesverband zusammen mit Herrn van Riesen, Abteilungsleiter der Obersten Wasserbeh\u00f6rde und Obersten K\u00fcstenschutzbeh\u00f6rde des MEKUN, in den Kreissitzungss\u00e4len, um dort den neuen Verbandsausschuss der Kreise Schleswig-Flensburg und Nordfriesland zu w\u00e4hlen. Folgende Herren wurden jeweils einstimmig oder mit eigener Enthaltung in den Ausschuss&hellip;","og_url":"https:\/\/www.lwbv.de\/lwbv\/2025\/04\/03\/25-und-27-maerz-regionalversammlungen-schleswig-flensburg-und-nordfriesland\/","og_site_name":"Landesverband der Wasser- und Bodenverb\u00e4nde","article_published_time":"2025-04-03T07:30:15+00:00","article_modified_time":"2025-04-03T07:30:17+00:00","og_image":[{"url":"https:\/\/www.lwbv.de\/lwbv\/wp-content\/uploads\/2025\/04\/20250327_112326-1024x577.jpg"}],"author":"Mathias Rohde","twitter_card":"summary_large_image","twitter_misc":{"Verfasst von":"Mathias Rohde","Gesch\u00e4tzte Lesezeit":"2\u00a0Minuten"},"schema":{"@context":"https:\/\/schema.org","@graph":[{"@type":"WebPage","@id":"https:\/\/www.lwbv.de\/lwbv\/2025\/04\/03\/25-und-27-maerz-regionalversammlungen-schleswig-flensburg-und-nordfriesland\/","url":"https:\/\/www.lwbv.de\/lwbv\/2025\/04\/03\/25-und-27-maerz-regionalversammlungen-schleswig-flensburg-und-nordfriesland\/","name":"25. und 27. M\u00e4rz - Regionalversammlungen Schleswig-Flensburg und Nordfriesland - Landesverband der Wasser- und Bodenverb\u00e4nde","isPartOf":{"@id":"https:\/\/www.lwbv.de\/lwbv\/#website"},"primaryImageOfPage":{"@id":"https:\/\/www.lwbv.de\/lwbv\/2025\/04\/03\/25-und-27-maerz-regionalversammlungen-schleswig-flensburg-und-nordfriesland\/#primaryimage"},"image":{"@id":"https:\/\/www.lwbv.de\/lwbv\/2025\/04\/03\/25-und-27-maerz-regionalversammlungen-schleswig-flensburg-und-nordfriesland\/#primaryimage"},"thumbnailUrl":"https:\/\/www.lwbv.de\/lwbv\/wp-content\/uploads\/2025\/04\/20250327_112326-1024x577.jpg","datePublished":"2025-04-03T07:30:15+00:00","dateModified":"2025-04-03T07:30:17+00:00","author":{"@id":"https:\/\/www.lwbv.de\/lwbv\/#\/schema\/person\/c84b80400063ec44d5d032bfcc721479"},"breadcrumb":{"@id":"https:\/\/www.lwbv.de\/lwbv\/2025\/04\/03\/25-und-27-maerz-regionalversammlungen-schleswig-flensburg-und-nordfriesland\/#breadcrumb"},"inLanguage":"de","potentialAction":[{"@type":"ReadAction","target":["https:\/\/www.lwbv.de\/lwbv\/2025\/04\/03\/25-und-27-maerz-regionalversammlungen-schleswig-flensburg-und-nordfriesland\/"]}]},{"@type":"ImageObject","inLanguage":"de","@id":"https:\/\/www.lwbv.de\/lwbv\/2025\/04\/03\/25-und-27-maerz-regionalversammlungen-schleswig-flensburg-und-nordfriesland\/#primaryimage","url":"https:\/\/www.lwbv.de\/lwbv\/wp-content\/uploads\/2025\/04\/20250327_112326-scaled.jpg","contentUrl":"https:\/\/www.lwbv.de\/lwbv\/wp-content\/uploads\/2025\/04\/20250327_112326-scaled.jpg","width":2560,"height":1441},{"@type":"BreadcrumbList","@id":"https:\/\/www.lwbv.de\/lwbv\/2025\/04\/03\/25-und-27-maerz-regionalversammlungen-schleswig-flensburg-und-nordfriesland\/#breadcrumb","itemListElement":[{"@type":"ListItem","position":1,"name":"Startseite","item":"https:\/\/www.lwbv.de\/lwbv\/"},{"@type":"ListItem","position":2,"name":"25. und 27. M\u00e4rz &#8211; Regionalversammlungen Schleswig-Flensburg und Nordfriesland"}]},{"@type":"WebSite","@id":"https:\/\/www.lwbv.de\/lwbv\/#website","url":"https:\/\/www.lwbv.de\/lwbv\/","name":"Landesverband der Wasser- und Bodenverb\u00e4nde","description":"","potentialAction":[{"@type":"SearchAction","target":{"@type":"EntryPoint","urlTemplate":"https:\/\/www.lwbv.de\/lwbv\/?s={search_term_string}"},"query-input":"required name=search_term_string"}],"inLanguage":"de"},{"@type":"Person","@id":"https:\/\/www.lwbv.de\/lwbv\/#\/schema\/person\/c84b80400063ec44d5d032bfcc721479","name":"Mathias Rohde","image":{"@type":"ImageObject","inLanguage":"de","@id":"https:\/\/www.lwbv.de\/lwbv\/#\/schema\/person\/image\/","url":"https:\/\/secure.gravatar.com\/avatar\/4d4c1af21e80fc716c0998ed0a17f0e3?s=96&d=mm&r=g","contentUrl":"https:\/\/secure.gravatar.com\/avatar\/4d4c1af21e80fc716c0998ed0a17f0e3?s=96&d=mm&r=g","caption":"Mathias Rohde"}}]}},"_links":{"self":[{"href":"https:\/\/www.lwbv.de\/lwbv\/wp-json\/wp\/v2\/posts\/2948"}],"collection":[{"href":"https:\/\/www.lwbv.de\/lwbv\/wp-json\/wp\/v2\/posts"}],"about":[{"href":"https:\/\/www.lwbv.de\/lwbv\/wp-json\/wp\/v2\/types\/post"}],"author":[{"embeddable":true,"href":"https:\/\/www.lwbv.de\/lwbv\/wp-json\/wp\/v2\/users\/8"}],"replies":[{"embeddable":true,"href":"https:\/\/www.lwbv.de\/lwbv\/wp-json\/wp\/v2\/comments?post=2948"}],"version-history":[{"count":1,"href":"https:\/\/www.lwbv.de\/lwbv\/wp-json\/wp\/v2\/posts\/2948\/revisions"}],"predecessor-version":[{"id":2949,"href":"https:\/\/www.lwbv.de\/lwbv\/wp-json\/wp\/v2\/posts\/2948\/revisions\/2949"}],"wp:attachment":[{"href":"https:\/\/www.lwbv.de\/lwbv\/wp-json\/wp\/v2\/media?parent=2948"}],"wp:term":[{"taxonomy":"category","embeddable":true,"href":"https:\/\/www.lwbv.de\/lwbv\/wp-json\/wp\/v2\/categories?post=2948"},{"taxonomy":"post_tag","embeddable":true,"href":"https:\/\/www.lwbv.de\/lwbv\/wp-json\/wp\/v2\/tags?post=2948"}],"curies":[{"name":"wp","href":"https:\/\/api.w.org\/{rel}","templated":true}]}}