{"id":2954,"date":"2025-04-07T11:04:42","date_gmt":"2025-04-07T09:04:42","guid":{"rendered":"https:\/\/www.lwbv.de\/lwbv\/?p=2954"},"modified":"2025-04-07T11:04:45","modified_gmt":"2025-04-07T09:04:45","slug":"mathias-rohde-feierte-25-jaehriges-jubilaeum-als-geschaeftsfuehrer-beim-lwbv","status":"publish","type":"post","link":"https:\/\/www.lwbv.de\/lwbv\/2025\/04\/07\/mathias-rohde-feierte-25-jaehriges-jubilaeum-als-geschaeftsfuehrer-beim-lwbv\/","title":{"rendered":"Mathias Rohde feierte 25-j\u00e4hriges Jubil\u00e4um als Gesch\u00e4ftsf\u00fchrer beim LWBV"},"content":{"rendered":"\n<p>Der Landesverband und der Vorstand gratulierten Mathias Rohde, der am 01. April 2025 sein 25-j\u00e4hriges Jubil\u00e4um als Gesch\u00e4ftsf\u00fchrer beim Landesverband der Wasser- und Bodenverb\u00e4nde feierte! Seine engagierte Arbeit und unerm\u00fcdlicher Einsatz haben von Beginn an die Verbandswelt nachhaltig gepr\u00e4gt. Vielen Dank f\u00fcr Ihre inspirierende F\u00fchrung und die wertvolle Unterst\u00fctzung, die Sie uns allen bieten. Auf viele weitere erfolgreiche Jahre!<\/p>\n\n\n\n<figure class=\"wp-block-image size-large is-resized\"><img loading=\"lazy\" decoding=\"async\" width=\"613\" height=\"1024\" src=\"https:\/\/www.lwbv.de\/lwbv\/wp-content\/uploads\/2025\/04\/20250407_100401-scaled-e1744016512177-613x1024.jpg\" alt=\"\" class=\"wp-image-2953\" style=\"width:381px;height:auto\" srcset=\"https:\/\/www.lwbv.de\/lwbv\/wp-content\/uploads\/2025\/04\/20250407_100401-scaled-e1744016512177-613x1024.jpg 613w, https:\/\/www.lwbv.de\/lwbv\/wp-content\/uploads\/2025\/04\/20250407_100401-scaled-e1744016512177-180x300.jpg 180w, https:\/\/www.lwbv.de\/lwbv\/wp-content\/uploads\/2025\/04\/20250407_100401-scaled-e1744016512177-768x1283.jpg 768w, https:\/\/www.lwbv.de\/lwbv\/wp-content\/uploads\/2025\/04\/20250407_100401-scaled-e1744016512177-920x1536.jpg 920w, https:\/\/www.lwbv.de\/lwbv\/wp-content\/uploads\/2025\/04\/20250407_100401-scaled-e1744016512177-1226x2048.jpg 1226w, https:\/\/www.lwbv.de\/lwbv\/wp-content\/uploads\/2025\/04\/20250407_100401-scaled-e1744016512177.jpg 1292w\" sizes=\"(max-width: 613px) 100vw, 613px\" \/><\/figure>\n","protected":false},"excerpt":{"rendered":"<p>Der Landesverband und der Vorstand gratulierten Mathias Rohde, der am 01. April 2025 sein 25-j\u00e4hriges Jubil\u00e4um als Gesch\u00e4ftsf\u00fchrer beim Landesverband der Wasser- und Bodenverb\u00e4nde feierte! Seine engagierte Arbeit und unerm\u00fcdlicher Einsatz haben von Beginn an die Verbandswelt nachhaltig gepr\u00e4gt. Vielen Dank f\u00fcr Ihre inspirierende F\u00fchrung und die wertvolle Unterst\u00fctzung, die Sie uns allen bieten. Auf&hellip;<\/p>\n","protected":false},"author":8,"featured_media":0,"comment_status":"closed","ping_status":"closed","sticky":false,"template":"","format":"standard","meta":{"footnotes":""},"categories":[1],"tags":[],"yoast_head":"<!-- This site is optimized with the Yoast SEO plugin v22.8 - https:\/\/yoast.com\/wordpress\/plugins\/seo\/ -->\n<title>Mathias Rohde feierte 25-j\u00e4hriges Jubil\u00e4um als Gesch\u00e4ftsf\u00fchrer beim LWBV - Landesverband der Wasser- und Bodenverb\u00e4nde<\/title>\n<meta name=\"robots\" content=\"index, follow, max-snippet:-1, max-image-preview:large, max-video-preview:-1\" \/>\n<link rel=\"canonical\" href=\"https:\/\/www.lwbv.de\/lwbv\/2025\/04\/07\/mathias-rohde-feierte-25-jaehriges-jubilaeum-als-geschaeftsfuehrer-beim-lwbv\/\" \/>\n<meta property=\"og:locale\" content=\"de_DE\" \/>\n<meta property=\"og:type\" content=\"article\" \/>\n<meta property=\"og:title\" content=\"Mathias Rohde feierte 25-j\u00e4hriges Jubil\u00e4um als Gesch\u00e4ftsf\u00fchrer beim LWBV - Landesverband der Wasser- und Bodenverb\u00e4nde\" \/>\n<meta property=\"og:description\" content=\"Der Landesverband und der Vorstand gratulierten Mathias Rohde, der am 01. April 2025 sein 25-j\u00e4hriges Jubil\u00e4um als Gesch\u00e4ftsf\u00fchrer beim Landesverband der Wasser- und Bodenverb\u00e4nde feierte! Seine engagierte Arbeit und unerm\u00fcdlicher Einsatz haben von Beginn an die Verbandswelt nachhaltig gepr\u00e4gt. Vielen Dank f\u00fcr Ihre inspirierende F\u00fchrung und die wertvolle Unterst\u00fctzung, die Sie uns allen bieten. Auf&hellip;\" \/>\n<meta property=\"og:url\" content=\"https:\/\/www.lwbv.de\/lwbv\/2025\/04\/07\/mathias-rohde-feierte-25-jaehriges-jubilaeum-als-geschaeftsfuehrer-beim-lwbv\/\" \/>\n<meta property=\"og:site_name\" content=\"Landesverband der Wasser- und Bodenverb\u00e4nde\" \/>\n<meta property=\"article:published_time\" content=\"2025-04-07T09:04:42+00:00\" \/>\n<meta property=\"article:modified_time\" content=\"2025-04-07T09:04:45+00:00\" \/>\n<meta property=\"og:image\" content=\"https:\/\/www.lwbv.de\/lwbv\/wp-content\/uploads\/2025\/04\/20250407_100401-scaled-e1744016512177-613x1024.jpg\" \/>\n<meta name=\"author\" content=\"Mathias Rohde\" \/>\n<meta name=\"twitter:card\" content=\"summary_large_image\" \/>\n<meta name=\"twitter:label1\" content=\"Verfasst von\" \/>\n\t<meta name=\"twitter:data1\" content=\"Mathias Rohde\" \/>\n\t<meta name=\"twitter:label2\" content=\"Gesch\u00e4tzte Lesezeit\" \/>\n\t<meta name=\"twitter:data2\" content=\"1\u00a0Minute\" \/>\n<script type=\"application\/ld+json\" class=\"yoast-schema-graph\">{\"@context\":\"https:\/\/schema.org\",\"@graph\":[{\"@type\":\"WebPage\",\"@id\":\"https:\/\/www.lwbv.de\/lwbv\/2025\/04\/07\/mathias-rohde-feierte-25-jaehriges-jubilaeum-als-geschaeftsfuehrer-beim-lwbv\/\",\"url\":\"https:\/\/www.lwbv.de\/lwbv\/2025\/04\/07\/mathias-rohde-feierte-25-jaehriges-jubilaeum-als-geschaeftsfuehrer-beim-lwbv\/\",\"name\":\"Mathias Rohde feierte 25-j\u00e4hriges Jubil\u00e4um als Gesch\u00e4ftsf\u00fchrer beim LWBV - Landesverband der Wasser- und Bodenverb\u00e4nde\",\"isPartOf\":{\"@id\":\"https:\/\/www.lwbv.de\/lwbv\/#website\"},\"primaryImageOfPage\":{\"@id\":\"https:\/\/www.lwbv.de\/lwbv\/2025\/04\/07\/mathias-rohde-feierte-25-jaehriges-jubilaeum-als-geschaeftsfuehrer-beim-lwbv\/#primaryimage\"},\"image\":{\"@id\":\"https:\/\/www.lwbv.de\/lwbv\/2025\/04\/07\/mathias-rohde-feierte-25-jaehriges-jubilaeum-als-geschaeftsfuehrer-beim-lwbv\/#primaryimage\"},\"thumbnailUrl\":\"https:\/\/www.lwbv.de\/lwbv\/wp-content\/uploads\/2025\/04\/20250407_100401-scaled-e1744016512177-613x1024.jpg\",\"datePublished\":\"2025-04-07T09:04:42+00:00\",\"dateModified\":\"2025-04-07T09:04:45+00:00\",\"author\":{\"@id\":\"https:\/\/www.lwbv.de\/lwbv\/#\/schema\/person\/c84b80400063ec44d5d032bfcc721479\"},\"breadcrumb\":{\"@id\":\"https:\/\/www.lwbv.de\/lwbv\/2025\/04\/07\/mathias-rohde-feierte-25-jaehriges-jubilaeum-als-geschaeftsfuehrer-beim-lwbv\/#breadcrumb\"},\"inLanguage\":\"de\",\"potentialAction\":[{\"@type\":\"ReadAction\",\"target\":[\"https:\/\/www.lwbv.de\/lwbv\/2025\/04\/07\/mathias-rohde-feierte-25-jaehriges-jubilaeum-als-geschaeftsfuehrer-beim-lwbv\/\"]}]},{\"@type\":\"ImageObject\",\"inLanguage\":\"de\",\"@id\":\"https:\/\/www.lwbv.de\/lwbv\/2025\/04\/07\/mathias-rohde-feierte-25-jaehriges-jubilaeum-als-geschaeftsfuehrer-beim-lwbv\/#primaryimage\",\"url\":\"https:\/\/www.lwbv.de\/lwbv\/wp-content\/uploads\/2025\/04\/20250407_100401-scaled-e1744016512177.jpg\",\"contentUrl\":\"https:\/\/www.lwbv.de\/lwbv\/wp-content\/uploads\/2025\/04\/20250407_100401-scaled-e1744016512177.jpg\",\"width\":1292,\"height\":2158},{\"@type\":\"BreadcrumbList\",\"@id\":\"https:\/\/www.lwbv.de\/lwbv\/2025\/04\/07\/mathias-rohde-feierte-25-jaehriges-jubilaeum-als-geschaeftsfuehrer-beim-lwbv\/#breadcrumb\",\"itemListElement\":[{\"@type\":\"ListItem\",\"position\":1,\"name\":\"Startseite\",\"item\":\"https:\/\/www.lwbv.de\/lwbv\/\"},{\"@type\":\"ListItem\",\"position\":2,\"name\":\"Mathias Rohde feierte 25-j\u00e4hriges Jubil\u00e4um als Gesch\u00e4ftsf\u00fchrer beim LWBV\"}]},{\"@type\":\"WebSite\",\"@id\":\"https:\/\/www.lwbv.de\/lwbv\/#website\",\"url\":\"https:\/\/www.lwbv.de\/lwbv\/\",\"name\":\"Landesverband der Wasser- und Bodenverb\u00e4nde\",\"description\":\"\",\"potentialAction\":[{\"@type\":\"SearchAction\",\"target\":{\"@type\":\"EntryPoint\",\"urlTemplate\":\"https:\/\/www.lwbv.de\/lwbv\/?s={search_term_string}\"},\"query-input\":\"required name=search_term_string\"}],\"inLanguage\":\"de\"},{\"@type\":\"Person\",\"@id\":\"https:\/\/www.lwbv.de\/lwbv\/#\/schema\/person\/c84b80400063ec44d5d032bfcc721479\",\"name\":\"Mathias Rohde\",\"image\":{\"@type\":\"ImageObject\",\"inLanguage\":\"de\",\"@id\":\"https:\/\/www.lwbv.de\/lwbv\/#\/schema\/person\/image\/\",\"url\":\"https:\/\/secure.gravatar.com\/avatar\/4d4c1af21e80fc716c0998ed0a17f0e3?s=96&d=mm&r=g\",\"contentUrl\":\"https:\/\/secure.gravatar.com\/avatar\/4d4c1af21e80fc716c0998ed0a17f0e3?s=96&d=mm&r=g\",\"caption\":\"Mathias Rohde\"}}]}<\/script>\n<!-- \/ Yoast SEO plugin. -->","yoast_head_json":{"title":"Mathias Rohde feierte 25-j\u00e4hriges Jubil\u00e4um als Gesch\u00e4ftsf\u00fchrer beim LWBV - Landesverband der Wasser- und Bodenverb\u00e4nde","robots":{"index":"index","follow":"follow","max-snippet":"max-snippet:-1","max-image-preview":"max-image-preview:large","max-video-preview":"max-video-preview:-1"},"canonical":"https:\/\/www.lwbv.de\/lwbv\/2025\/04\/07\/mathias-rohde-feierte-25-jaehriges-jubilaeum-als-geschaeftsfuehrer-beim-lwbv\/","og_locale":"de_DE","og_type":"article","og_title":"Mathias Rohde feierte 25-j\u00e4hriges Jubil\u00e4um als Gesch\u00e4ftsf\u00fchrer beim LWBV - Landesverband der Wasser- und Bodenverb\u00e4nde","og_description":"Der Landesverband und der Vorstand gratulierten Mathias Rohde, der am 01. April 2025 sein 25-j\u00e4hriges Jubil\u00e4um als Gesch\u00e4ftsf\u00fchrer beim Landesverband der Wasser- und Bodenverb\u00e4nde feierte! Seine engagierte Arbeit und unerm\u00fcdlicher Einsatz haben von Beginn an die Verbandswelt nachhaltig gepr\u00e4gt. Vielen Dank f\u00fcr Ihre inspirierende F\u00fchrung und die wertvolle Unterst\u00fctzung, die Sie uns allen bieten. Auf&hellip;","og_url":"https:\/\/www.lwbv.de\/lwbv\/2025\/04\/07\/mathias-rohde-feierte-25-jaehriges-jubilaeum-als-geschaeftsfuehrer-beim-lwbv\/","og_site_name":"Landesverband der Wasser- und Bodenverb\u00e4nde","article_published_time":"2025-04-07T09:04:42+00:00","article_modified_time":"2025-04-07T09:04:45+00:00","og_image":[{"url":"https:\/\/www.lwbv.de\/lwbv\/wp-content\/uploads\/2025\/04\/20250407_100401-scaled-e1744016512177-613x1024.jpg"}],"author":"Mathias Rohde","twitter_card":"summary_large_image","twitter_misc":{"Verfasst von":"Mathias Rohde","Gesch\u00e4tzte Lesezeit":"1\u00a0Minute"},"schema":{"@context":"https:\/\/schema.org","@graph":[{"@type":"WebPage","@id":"https:\/\/www.lwbv.de\/lwbv\/2025\/04\/07\/mathias-rohde-feierte-25-jaehriges-jubilaeum-als-geschaeftsfuehrer-beim-lwbv\/","url":"https:\/\/www.lwbv.de\/lwbv\/2025\/04\/07\/mathias-rohde-feierte-25-jaehriges-jubilaeum-als-geschaeftsfuehrer-beim-lwbv\/","name":"Mathias Rohde feierte 25-j\u00e4hriges Jubil\u00e4um als Gesch\u00e4ftsf\u00fchrer beim LWBV - Landesverband der Wasser- und Bodenverb\u00e4nde","isPartOf":{"@id":"https:\/\/www.lwbv.de\/lwbv\/#website"},"primaryImageOfPage":{"@id":"https:\/\/www.lwbv.de\/lwbv\/2025\/04\/07\/mathias-rohde-feierte-25-jaehriges-jubilaeum-als-geschaeftsfuehrer-beim-lwbv\/#primaryimage"},"image":{"@id":"https:\/\/www.lwbv.de\/lwbv\/2025\/04\/07\/mathias-rohde-feierte-25-jaehriges-jubilaeum-als-geschaeftsfuehrer-beim-lwbv\/#primaryimage"},"thumbnailUrl":"https:\/\/www.lwbv.de\/lwbv\/wp-content\/uploads\/2025\/04\/20250407_100401-scaled-e1744016512177-613x1024.jpg","datePublished":"2025-04-07T09:04:42+00:00","dateModified":"2025-04-07T09:04:45+00:00","author":{"@id":"https:\/\/www.lwbv.de\/lwbv\/#\/schema\/person\/c84b80400063ec44d5d032bfcc721479"},"breadcrumb":{"@id":"https:\/\/www.lwbv.de\/lwbv\/2025\/04\/07\/mathias-rohde-feierte-25-jaehriges-jubilaeum-als-geschaeftsfuehrer-beim-lwbv\/#breadcrumb"},"inLanguage":"de","potentialAction":[{"@type":"ReadAction","target":["https:\/\/www.lwbv.de\/lwbv\/2025\/04\/07\/mathias-rohde-feierte-25-jaehriges-jubilaeum-als-geschaeftsfuehrer-beim-lwbv\/"]}]},{"@type":"ImageObject","inLanguage":"de","@id":"https:\/\/www.lwbv.de\/lwbv\/2025\/04\/07\/mathias-rohde-feierte-25-jaehriges-jubilaeum-als-geschaeftsfuehrer-beim-lwbv\/#primaryimage","url":"https:\/\/www.lwbv.de\/lwbv\/wp-content\/uploads\/2025\/04\/20250407_100401-scaled-e1744016512177.jpg","contentUrl":"https:\/\/www.lwbv.de\/lwbv\/wp-content\/uploads\/2025\/04\/20250407_100401-scaled-e1744016512177.jpg","width":1292,"height":2158},{"@type":"BreadcrumbList","@id":"https:\/\/www.lwbv.de\/lwbv\/2025\/04\/07\/mathias-rohde-feierte-25-jaehriges-jubilaeum-als-geschaeftsfuehrer-beim-lwbv\/#breadcrumb","itemListElement":[{"@type":"ListItem","position":1,"name":"Startseite","item":"https:\/\/www.lwbv.de\/lwbv\/"},{"@type":"ListItem","position":2,"name":"Mathias Rohde feierte 25-j\u00e4hriges Jubil\u00e4um als Gesch\u00e4ftsf\u00fchrer beim LWBV"}]},{"@type":"WebSite","@id":"https:\/\/www.lwbv.de\/lwbv\/#website","url":"https:\/\/www.lwbv.de\/lwbv\/","name":"Landesverband der Wasser- und Bodenverb\u00e4nde","description":"","potentialAction":[{"@type":"SearchAction","target":{"@type":"EntryPoint","urlTemplate":"https:\/\/www.lwbv.de\/lwbv\/?s={search_term_string}"},"query-input":"required name=search_term_string"}],"inLanguage":"de"},{"@type":"Person","@id":"https:\/\/www.lwbv.de\/lwbv\/#\/schema\/person\/c84b80400063ec44d5d032bfcc721479","name":"Mathias Rohde","image":{"@type":"ImageObject","inLanguage":"de","@id":"https:\/\/www.lwbv.de\/lwbv\/#\/schema\/person\/image\/","url":"https:\/\/secure.gravatar.com\/avatar\/4d4c1af21e80fc716c0998ed0a17f0e3?s=96&d=mm&r=g","contentUrl":"https:\/\/secure.gravatar.com\/avatar\/4d4c1af21e80fc716c0998ed0a17f0e3?s=96&d=mm&r=g","caption":"Mathias Rohde"}}]}},"_links":{"self":[{"href":"https:\/\/www.lwbv.de\/lwbv\/wp-json\/wp\/v2\/posts\/2954"}],"collection":[{"href":"https:\/\/www.lwbv.de\/lwbv\/wp-json\/wp\/v2\/posts"}],"about":[{"href":"https:\/\/www.lwbv.de\/lwbv\/wp-json\/wp\/v2\/types\/post"}],"author":[{"embeddable":true,"href":"https:\/\/www.lwbv.de\/lwbv\/wp-json\/wp\/v2\/users\/8"}],"replies":[{"embeddable":true,"href":"https:\/\/www.lwbv.de\/lwbv\/wp-json\/wp\/v2\/comments?post=2954"}],"version-history":[{"count":1,"href":"https:\/\/www.lwbv.de\/lwbv\/wp-json\/wp\/v2\/posts\/2954\/revisions"}],"predecessor-version":[{"id":2955,"href":"https:\/\/www.lwbv.de\/lwbv\/wp-json\/wp\/v2\/posts\/2954\/revisions\/2955"}],"wp:attachment":[{"href":"https:\/\/www.lwbv.de\/lwbv\/wp-json\/wp\/v2\/media?parent=2954"}],"wp:term":[{"taxonomy":"category","embeddable":true,"href":"https:\/\/www.lwbv.de\/lwbv\/wp-json\/wp\/v2\/categories?post=2954"},{"taxonomy":"post_tag","embeddable":true,"href":"https:\/\/www.lwbv.de\/lwbv\/wp-json\/wp\/v2\/tags?post=2954"}],"curies":[{"name":"wp","href":"https:\/\/api.w.org\/{rel}","templated":true}]}}