{"id":3052,"date":"2025-10-02T08:44:51","date_gmt":"2025-10-02T06:44:51","guid":{"rendered":"https:\/\/www.lwbv.de\/lwbv\/?p=3052"},"modified":"2025-10-02T08:44:54","modified_gmt":"2025-10-02T06:44:54","slug":"24-26-september-2025-dbvw-bundestagung-in-nuernberg","status":"publish","type":"post","link":"https:\/\/www.lwbv.de\/lwbv\/2025\/10\/02\/24-26-september-2025-dbvw-bundestagung-in-nuernberg\/","title":{"rendered":"24.-26. September 2025: DBVW-Bundestagung in N\u00fcrnberg"},"content":{"rendered":"\n<div class=\"wp-block-group\"><div class=\"wp-block-group__inner-container is-layout-constrained wp-block-group-is-layout-constrained\">\n<div class=\"wp-block-group\"><div class=\"wp-block-group__inner-container is-layout-constrained wp-block-group-is-layout-constrained\">\n<p>Vom 24. bis 26. September 2025 fand die diesj\u00e4hrige Jahrestagung des Deutschen Bundes der verbandlichen Wasserwirtschaft e.\u202fV. (DBVW) in N\u00fcrnberg statt.<\/p>\n\n\n\n<p>Vertreterinnen und Vertreter der verbandlichen Wasserwirtschaft aus ganz Deutschland kamen zusammen, um aktuelle Herausforderungen und Zukunftsperspektiven zu diskutieren.<\/p>\n\n\n\n<p>Der Landesverband der Wasser- und Bodenverb\u00e4nde Schleswig-Holstein wurde durch Verbandsvorsteher Hans-Heinrich Gloy, Gesch\u00e4ftsf\u00fchrer Mathias Rohde sowie dessen Stellvertreterin Stefanie Stock vertreten.<\/p>\n\n\n\n<p>Neben hochkar\u00e4tigen Fachvortr\u00e4gen aus Politik und Verwaltung des Freistaates Bayern bot die Mitgliederversammlung Raum f\u00fcr Berichte aus den Landesverb\u00e4nden, darunter Schleswig-Holstein, Mecklenburg-Vorpommern, Th\u00fcringen, Hamburg, Brandenburg, Rheinland-Pfalz, Hessen, Bayern sowie Bremen, Niedersachsen und Sachsen-Anhalt.<\/p>\n\n\n\n<p>Der Donnerstag stand im Zeichen der internen Verbandsarbeit. Der amtierende Pr\u00e4sident Franz-Xaver Kunert wurde f\u00fcr weitere vier Jahre von den Mitgliedsverb\u00e4nden zum Pr\u00e4sidenten des Deutschen Bundes der verbandlichen Wasserwirtschaft im Amt best\u00e4tigt. Ronny Schult, Verbandsvorsteher des Landesverbands der Wasser- und Bodenverb\u00e4nde Mecklenburg-Vorpommern, wurde zum neuen Vizepr\u00e4sidenten gew\u00e4hlt.<\/p>\n<\/div><\/div>\n<\/div><\/div>\n\n\n<div class=\"wp-block-image\">\n<figure class=\"aligncenter size-large is-resized\"><img loading=\"lazy\" decoding=\"async\" width=\"1024\" height=\"768\" src=\"https:\/\/www.lwbv.de\/lwbv\/wp-content\/uploads\/2025\/10\/Gruppenbild-3-1030x773-1-1024x768.jpg\" alt=\"\" class=\"wp-image-3053\" style=\"width:824px;height:auto\" srcset=\"https:\/\/www.lwbv.de\/lwbv\/wp-content\/uploads\/2025\/10\/Gruppenbild-3-1030x773-1-1024x768.jpg 1024w, https:\/\/www.lwbv.de\/lwbv\/wp-content\/uploads\/2025\/10\/Gruppenbild-3-1030x773-1-300x225.jpg 300w, https:\/\/www.lwbv.de\/lwbv\/wp-content\/uploads\/2025\/10\/Gruppenbild-3-1030x773-1-768x576.jpg 768w, https:\/\/www.lwbv.de\/lwbv\/wp-content\/uploads\/2025\/10\/Gruppenbild-3-1030x773-1.jpg 1030w\" sizes=\"(max-width: 1024px) 100vw, 1024px\" \/><\/figure><\/div>","protected":false},"excerpt":{"rendered":"<p>Vom 24. bis 26. September 2025 fand die diesj\u00e4hrige Jahrestagung des Deutschen Bundes der verbandlichen Wasserwirtschaft e.\u202fV. (DBVW) in N\u00fcrnberg statt. Vertreterinnen und Vertreter der verbandlichen Wasserwirtschaft aus ganz Deutschland kamen zusammen, um aktuelle Herausforderungen und Zukunftsperspektiven zu diskutieren. Der Landesverband der Wasser- und Bodenverb\u00e4nde Schleswig-Holstein wurde durch Verbandsvorsteher Hans-Heinrich Gloy, Gesch\u00e4ftsf\u00fchrer Mathias Rohde sowie&hellip;<\/p>\n","protected":false},"author":8,"featured_media":0,"comment_status":"closed","ping_status":"closed","sticky":false,"template":"","format":"standard","meta":{"footnotes":""},"categories":[1],"tags":[],"yoast_head":"<!-- This site is optimized with the Yoast SEO plugin v22.8 - https:\/\/yoast.com\/wordpress\/plugins\/seo\/ -->\n<title>24.-26. September 2025: DBVW-Bundestagung in N\u00fcrnberg - Landesverband der Wasser- und Bodenverb\u00e4nde<\/title>\n<meta name=\"robots\" content=\"index, follow, max-snippet:-1, max-image-preview:large, max-video-preview:-1\" \/>\n<link rel=\"canonical\" href=\"https:\/\/www.lwbv.de\/lwbv\/2025\/10\/02\/24-26-september-2025-dbvw-bundestagung-in-nuernberg\/\" \/>\n<meta property=\"og:locale\" content=\"de_DE\" \/>\n<meta property=\"og:type\" content=\"article\" \/>\n<meta property=\"og:title\" content=\"24.-26. September 2025: DBVW-Bundestagung in N\u00fcrnberg - Landesverband der Wasser- und Bodenverb\u00e4nde\" \/>\n<meta property=\"og:description\" content=\"Vom 24. bis 26. September 2025 fand die diesj\u00e4hrige Jahrestagung des Deutschen Bundes der verbandlichen Wasserwirtschaft e.\u202fV. (DBVW) in N\u00fcrnberg statt. Vertreterinnen und Vertreter der verbandlichen Wasserwirtschaft aus ganz Deutschland kamen zusammen, um aktuelle Herausforderungen und Zukunftsperspektiven zu diskutieren. Der Landesverband der Wasser- und Bodenverb\u00e4nde Schleswig-Holstein wurde durch Verbandsvorsteher Hans-Heinrich Gloy, Gesch\u00e4ftsf\u00fchrer Mathias Rohde sowie&hellip;\" \/>\n<meta property=\"og:url\" content=\"https:\/\/www.lwbv.de\/lwbv\/2025\/10\/02\/24-26-september-2025-dbvw-bundestagung-in-nuernberg\/\" \/>\n<meta property=\"og:site_name\" content=\"Landesverband der Wasser- und Bodenverb\u00e4nde\" \/>\n<meta property=\"article:published_time\" content=\"2025-10-02T06:44:51+00:00\" \/>\n<meta property=\"article:modified_time\" content=\"2025-10-02T06:44:54+00:00\" \/>\n<meta property=\"og:image\" content=\"https:\/\/www.lwbv.de\/lwbv\/wp-content\/uploads\/2025\/10\/Gruppenbild-3-1030x773-1-1024x768.jpg\" \/>\n<meta name=\"author\" content=\"Mathias Rohde\" \/>\n<meta name=\"twitter:card\" content=\"summary_large_image\" \/>\n<meta name=\"twitter:label1\" content=\"Verfasst von\" \/>\n\t<meta name=\"twitter:data1\" content=\"Mathias Rohde\" \/>\n\t<meta name=\"twitter:label2\" content=\"Gesch\u00e4tzte Lesezeit\" \/>\n\t<meta name=\"twitter:data2\" content=\"1\u00a0Minute\" \/>\n<script type=\"application\/ld+json\" class=\"yoast-schema-graph\">{\"@context\":\"https:\/\/schema.org\",\"@graph\":[{\"@type\":\"WebPage\",\"@id\":\"https:\/\/www.lwbv.de\/lwbv\/2025\/10\/02\/24-26-september-2025-dbvw-bundestagung-in-nuernberg\/\",\"url\":\"https:\/\/www.lwbv.de\/lwbv\/2025\/10\/02\/24-26-september-2025-dbvw-bundestagung-in-nuernberg\/\",\"name\":\"24.-26. September 2025: DBVW-Bundestagung in N\u00fcrnberg - Landesverband der Wasser- und Bodenverb\u00e4nde\",\"isPartOf\":{\"@id\":\"https:\/\/www.lwbv.de\/lwbv\/#website\"},\"primaryImageOfPage\":{\"@id\":\"https:\/\/www.lwbv.de\/lwbv\/2025\/10\/02\/24-26-september-2025-dbvw-bundestagung-in-nuernberg\/#primaryimage\"},\"image\":{\"@id\":\"https:\/\/www.lwbv.de\/lwbv\/2025\/10\/02\/24-26-september-2025-dbvw-bundestagung-in-nuernberg\/#primaryimage\"},\"thumbnailUrl\":\"https:\/\/www.lwbv.de\/lwbv\/wp-content\/uploads\/2025\/10\/Gruppenbild-3-1030x773-1-1024x768.jpg\",\"datePublished\":\"2025-10-02T06:44:51+00:00\",\"dateModified\":\"2025-10-02T06:44:54+00:00\",\"author\":{\"@id\":\"https:\/\/www.lwbv.de\/lwbv\/#\/schema\/person\/c84b80400063ec44d5d032bfcc721479\"},\"breadcrumb\":{\"@id\":\"https:\/\/www.lwbv.de\/lwbv\/2025\/10\/02\/24-26-september-2025-dbvw-bundestagung-in-nuernberg\/#breadcrumb\"},\"inLanguage\":\"de\",\"potentialAction\":[{\"@type\":\"ReadAction\",\"target\":[\"https:\/\/www.lwbv.de\/lwbv\/2025\/10\/02\/24-26-september-2025-dbvw-bundestagung-in-nuernberg\/\"]}]},{\"@type\":\"ImageObject\",\"inLanguage\":\"de\",\"@id\":\"https:\/\/www.lwbv.de\/lwbv\/2025\/10\/02\/24-26-september-2025-dbvw-bundestagung-in-nuernberg\/#primaryimage\",\"url\":\"https:\/\/www.lwbv.de\/lwbv\/wp-content\/uploads\/2025\/10\/Gruppenbild-3-1030x773-1.jpg\",\"contentUrl\":\"https:\/\/www.lwbv.de\/lwbv\/wp-content\/uploads\/2025\/10\/Gruppenbild-3-1030x773-1.jpg\",\"width\":1030,\"height\":773},{\"@type\":\"BreadcrumbList\",\"@id\":\"https:\/\/www.lwbv.de\/lwbv\/2025\/10\/02\/24-26-september-2025-dbvw-bundestagung-in-nuernberg\/#breadcrumb\",\"itemListElement\":[{\"@type\":\"ListItem\",\"position\":1,\"name\":\"Startseite\",\"item\":\"https:\/\/www.lwbv.de\/lwbv\/\"},{\"@type\":\"ListItem\",\"position\":2,\"name\":\"24.-26. September 2025: DBVW-Bundestagung in N\u00fcrnberg\"}]},{\"@type\":\"WebSite\",\"@id\":\"https:\/\/www.lwbv.de\/lwbv\/#website\",\"url\":\"https:\/\/www.lwbv.de\/lwbv\/\",\"name\":\"Landesverband der Wasser- und Bodenverb\u00e4nde\",\"description\":\"\",\"potentialAction\":[{\"@type\":\"SearchAction\",\"target\":{\"@type\":\"EntryPoint\",\"urlTemplate\":\"https:\/\/www.lwbv.de\/lwbv\/?s={search_term_string}\"},\"query-input\":\"required name=search_term_string\"}],\"inLanguage\":\"de\"},{\"@type\":\"Person\",\"@id\":\"https:\/\/www.lwbv.de\/lwbv\/#\/schema\/person\/c84b80400063ec44d5d032bfcc721479\",\"name\":\"Mathias Rohde\",\"image\":{\"@type\":\"ImageObject\",\"inLanguage\":\"de\",\"@id\":\"https:\/\/www.lwbv.de\/lwbv\/#\/schema\/person\/image\/\",\"url\":\"https:\/\/secure.gravatar.com\/avatar\/4d4c1af21e80fc716c0998ed0a17f0e3?s=96&d=mm&r=g\",\"contentUrl\":\"https:\/\/secure.gravatar.com\/avatar\/4d4c1af21e80fc716c0998ed0a17f0e3?s=96&d=mm&r=g\",\"caption\":\"Mathias Rohde\"}}]}<\/script>\n<!-- \/ Yoast SEO plugin. -->","yoast_head_json":{"title":"24.-26. September 2025: DBVW-Bundestagung in N\u00fcrnberg - Landesverband der Wasser- und Bodenverb\u00e4nde","robots":{"index":"index","follow":"follow","max-snippet":"max-snippet:-1","max-image-preview":"max-image-preview:large","max-video-preview":"max-video-preview:-1"},"canonical":"https:\/\/www.lwbv.de\/lwbv\/2025\/10\/02\/24-26-september-2025-dbvw-bundestagung-in-nuernberg\/","og_locale":"de_DE","og_type":"article","og_title":"24.-26. September 2025: DBVW-Bundestagung in N\u00fcrnberg - Landesverband der Wasser- und Bodenverb\u00e4nde","og_description":"Vom 24. bis 26. September 2025 fand die diesj\u00e4hrige Jahrestagung des Deutschen Bundes der verbandlichen Wasserwirtschaft e.\u202fV. (DBVW) in N\u00fcrnberg statt. Vertreterinnen und Vertreter der verbandlichen Wasserwirtschaft aus ganz Deutschland kamen zusammen, um aktuelle Herausforderungen und Zukunftsperspektiven zu diskutieren. Der Landesverband der Wasser- und Bodenverb\u00e4nde Schleswig-Holstein wurde durch Verbandsvorsteher Hans-Heinrich Gloy, Gesch\u00e4ftsf\u00fchrer Mathias Rohde sowie&hellip;","og_url":"https:\/\/www.lwbv.de\/lwbv\/2025\/10\/02\/24-26-september-2025-dbvw-bundestagung-in-nuernberg\/","og_site_name":"Landesverband der Wasser- und Bodenverb\u00e4nde","article_published_time":"2025-10-02T06:44:51+00:00","article_modified_time":"2025-10-02T06:44:54+00:00","og_image":[{"url":"https:\/\/www.lwbv.de\/lwbv\/wp-content\/uploads\/2025\/10\/Gruppenbild-3-1030x773-1-1024x768.jpg"}],"author":"Mathias Rohde","twitter_card":"summary_large_image","twitter_misc":{"Verfasst von":"Mathias Rohde","Gesch\u00e4tzte Lesezeit":"1\u00a0Minute"},"schema":{"@context":"https:\/\/schema.org","@graph":[{"@type":"WebPage","@id":"https:\/\/www.lwbv.de\/lwbv\/2025\/10\/02\/24-26-september-2025-dbvw-bundestagung-in-nuernberg\/","url":"https:\/\/www.lwbv.de\/lwbv\/2025\/10\/02\/24-26-september-2025-dbvw-bundestagung-in-nuernberg\/","name":"24.-26. September 2025: DBVW-Bundestagung in N\u00fcrnberg - Landesverband der Wasser- und Bodenverb\u00e4nde","isPartOf":{"@id":"https:\/\/www.lwbv.de\/lwbv\/#website"},"primaryImageOfPage":{"@id":"https:\/\/www.lwbv.de\/lwbv\/2025\/10\/02\/24-26-september-2025-dbvw-bundestagung-in-nuernberg\/#primaryimage"},"image":{"@id":"https:\/\/www.lwbv.de\/lwbv\/2025\/10\/02\/24-26-september-2025-dbvw-bundestagung-in-nuernberg\/#primaryimage"},"thumbnailUrl":"https:\/\/www.lwbv.de\/lwbv\/wp-content\/uploads\/2025\/10\/Gruppenbild-3-1030x773-1-1024x768.jpg","datePublished":"2025-10-02T06:44:51+00:00","dateModified":"2025-10-02T06:44:54+00:00","author":{"@id":"https:\/\/www.lwbv.de\/lwbv\/#\/schema\/person\/c84b80400063ec44d5d032bfcc721479"},"breadcrumb":{"@id":"https:\/\/www.lwbv.de\/lwbv\/2025\/10\/02\/24-26-september-2025-dbvw-bundestagung-in-nuernberg\/#breadcrumb"},"inLanguage":"de","potentialAction":[{"@type":"ReadAction","target":["https:\/\/www.lwbv.de\/lwbv\/2025\/10\/02\/24-26-september-2025-dbvw-bundestagung-in-nuernberg\/"]}]},{"@type":"ImageObject","inLanguage":"de","@id":"https:\/\/www.lwbv.de\/lwbv\/2025\/10\/02\/24-26-september-2025-dbvw-bundestagung-in-nuernberg\/#primaryimage","url":"https:\/\/www.lwbv.de\/lwbv\/wp-content\/uploads\/2025\/10\/Gruppenbild-3-1030x773-1.jpg","contentUrl":"https:\/\/www.lwbv.de\/lwbv\/wp-content\/uploads\/2025\/10\/Gruppenbild-3-1030x773-1.jpg","width":1030,"height":773},{"@type":"BreadcrumbList","@id":"https:\/\/www.lwbv.de\/lwbv\/2025\/10\/02\/24-26-september-2025-dbvw-bundestagung-in-nuernberg\/#breadcrumb","itemListElement":[{"@type":"ListItem","position":1,"name":"Startseite","item":"https:\/\/www.lwbv.de\/lwbv\/"},{"@type":"ListItem","position":2,"name":"24.-26. September 2025: DBVW-Bundestagung in N\u00fcrnberg"}]},{"@type":"WebSite","@id":"https:\/\/www.lwbv.de\/lwbv\/#website","url":"https:\/\/www.lwbv.de\/lwbv\/","name":"Landesverband der Wasser- und Bodenverb\u00e4nde","description":"","potentialAction":[{"@type":"SearchAction","target":{"@type":"EntryPoint","urlTemplate":"https:\/\/www.lwbv.de\/lwbv\/?s={search_term_string}"},"query-input":"required name=search_term_string"}],"inLanguage":"de"},{"@type":"Person","@id":"https:\/\/www.lwbv.de\/lwbv\/#\/schema\/person\/c84b80400063ec44d5d032bfcc721479","name":"Mathias Rohde","image":{"@type":"ImageObject","inLanguage":"de","@id":"https:\/\/www.lwbv.de\/lwbv\/#\/schema\/person\/image\/","url":"https:\/\/secure.gravatar.com\/avatar\/4d4c1af21e80fc716c0998ed0a17f0e3?s=96&d=mm&r=g","contentUrl":"https:\/\/secure.gravatar.com\/avatar\/4d4c1af21e80fc716c0998ed0a17f0e3?s=96&d=mm&r=g","caption":"Mathias Rohde"}}]}},"_links":{"self":[{"href":"https:\/\/www.lwbv.de\/lwbv\/wp-json\/wp\/v2\/posts\/3052"}],"collection":[{"href":"https:\/\/www.lwbv.de\/lwbv\/wp-json\/wp\/v2\/posts"}],"about":[{"href":"https:\/\/www.lwbv.de\/lwbv\/wp-json\/wp\/v2\/types\/post"}],"author":[{"embeddable":true,"href":"https:\/\/www.lwbv.de\/lwbv\/wp-json\/wp\/v2\/users\/8"}],"replies":[{"embeddable":true,"href":"https:\/\/www.lwbv.de\/lwbv\/wp-json\/wp\/v2\/comments?post=3052"}],"version-history":[{"count":1,"href":"https:\/\/www.lwbv.de\/lwbv\/wp-json\/wp\/v2\/posts\/3052\/revisions"}],"predecessor-version":[{"id":3054,"href":"https:\/\/www.lwbv.de\/lwbv\/wp-json\/wp\/v2\/posts\/3052\/revisions\/3054"}],"wp:attachment":[{"href":"https:\/\/www.lwbv.de\/lwbv\/wp-json\/wp\/v2\/media?parent=3052"}],"wp:term":[{"taxonomy":"category","embeddable":true,"href":"https:\/\/www.lwbv.de\/lwbv\/wp-json\/wp\/v2\/categories?post=3052"},{"taxonomy":"post_tag","embeddable":true,"href":"https:\/\/www.lwbv.de\/lwbv\/wp-json\/wp\/v2\/tags?post=3052"}],"curies":[{"name":"wp","href":"https:\/\/api.w.org\/{rel}","templated":true}]}}