{"id":3062,"date":"2025-11-18T11:54:37","date_gmt":"2025-11-18T10:54:37","guid":{"rendered":"https:\/\/www.lwbv.de\/lwbv\/?p=3062"},"modified":"2025-11-18T11:54:40","modified_gmt":"2025-11-18T10:54:40","slug":"aenderung-der-entschaedigungsvo","status":"publish","type":"post","link":"https:\/\/www.lwbv.de\/lwbv\/2025\/11\/18\/aenderung-der-entschaedigungsvo\/","title":{"rendered":"\u00c4nderung der Entsch\u00e4digungsVO"},"content":{"rendered":"\n<p><strong>Entsch\u00e4digung kann angehoben werden<\/strong><\/p>\n\n\n\n<p>Mit der \u00c4nderung der Entsch\u00e4digungsverordnung k\u00f6nnen die Kommunen sowie Verb\u00e4nde, die darauf Bezug nehmen, die H\u00f6chstbetr\u00e4ge der Entsch\u00e4digungen k\u00fcnftig um bis zu 75 Prozent anheben. Diese Regelung wird zum Jahresanfang 2026 in Kraft treten. Die mehr als 1.100 Kommunen in Schleswig-Holstein k\u00f6nnen dabei durch eine Satzung selbst entscheiden, in welcher H\u00f6he die Aufwandsentsch\u00e4digungen tats\u00e4chlich angehoben werden.<\/p>\n\n\n\n<p><strong>Ehrenamt st\u00e4rken<\/strong><\/p>\n\n\n\n<p>&#8222;Damit geben wir den Kreisen, St\u00e4dten und Gemeinden mehr Handlungsspielraum, um das kommunale Ehrenamt zu st\u00e4rken&#8220;, sagte Innenministerin Magdalena Finke. &#8222;Die Anhebung um 75 Prozent muss dabei nicht ausgereizt werden. Nat\u00fcrlich muss vor Ort die aktuelle Haushaltslage ber\u00fccksichtigt werden. Aber wir wollen mit dieser deutlichen Anhebung ein Signal setzen und die m\u00f6gliche H\u00f6he der Entsch\u00e4digungsleistungen anpassen, da Schleswig-Holstein im bundesweiten Vergleich bislang unter dem Durchschnitt lag. Ich bin den regierungstragenden Fraktionen dankbar, dass sie einen entsprechenden Vorsto\u00df unternommen hatten.&#8220;<\/p>\n\n\n\n<p><strong>Weniger Aufwand<\/strong><\/p>\n\n\n\n<p>Eine regelm\u00e4\u00dfige Erh\u00f6hung der H\u00f6chsts\u00e4tze w\u00e4re eigentlich zum 1. Dezember 2025 erfolgt. Diese h\u00e4tte sich am sogenannten Verbraucherpreisindex orientiert und bei knapp 20 Prozent gelegen. Um nicht innerhalb kurzer Zeit zweimal die Verordnung zu \u00e4ndern und f\u00fcr unn\u00f6tigen Verwaltungsaufwand zu sorgen, werden die turnusm\u00e4\u00dfige Erh\u00f6hung die au\u00dferplanm\u00e4\u00dfige Anhebung gleichzeitig vollzogen, sodass die Erh\u00f6hung insgesamt bei 75 Prozent liegt.<\/p>\n\n\n\n<p>(Quelle: Innenministerium SH)<\/p>\n\n\n\n<p>Eine aktuelle Fassung der Entsch\u00e4digungsVO finden Sie hier:<\/p>\n\n\n\n<p><a href=\"https:\/\/www.gesetze-rechtsprechung.sh.juris.de\/bssh\/document\/jlr-EntschVSH2023rahmen\" target=\"_blank\" rel=\"noreferrer noopener\">https:\/\/www.gesetze-rechtsprechung.sh.juris.de\/bssh\/document\/jlr-EntschVSH2023rahmen<\/a><\/p>\n","protected":false},"excerpt":{"rendered":"<p>Entsch\u00e4digung kann angehoben werden Mit der \u00c4nderung der Entsch\u00e4digungsverordnung k\u00f6nnen die Kommunen sowie Verb\u00e4nde, die darauf Bezug nehmen, die H\u00f6chstbetr\u00e4ge der Entsch\u00e4digungen k\u00fcnftig um bis zu 75 Prozent anheben. Diese Regelung wird zum Jahresanfang 2026 in Kraft treten. Die mehr als 1.100 Kommunen in Schleswig-Holstein k\u00f6nnen dabei durch eine Satzung selbst entscheiden, in welcher H\u00f6he&hellip;<\/p>\n","protected":false},"author":8,"featured_media":0,"comment_status":"closed","ping_status":"closed","sticky":false,"template":"","format":"standard","meta":{"footnotes":""},"categories":[1],"tags":[],"yoast_head":"<!-- This site is optimized with the Yoast SEO plugin v22.8 - https:\/\/yoast.com\/wordpress\/plugins\/seo\/ -->\n<title>\u00c4nderung der Entsch\u00e4digungsVO - Landesverband der Wasser- und Bodenverb\u00e4nde<\/title>\n<meta name=\"robots\" content=\"index, follow, max-snippet:-1, max-image-preview:large, max-video-preview:-1\" \/>\n<link rel=\"canonical\" href=\"https:\/\/www.lwbv.de\/lwbv\/2025\/11\/18\/aenderung-der-entschaedigungsvo\/\" \/>\n<meta property=\"og:locale\" content=\"de_DE\" \/>\n<meta property=\"og:type\" content=\"article\" \/>\n<meta property=\"og:title\" content=\"\u00c4nderung der Entsch\u00e4digungsVO - Landesverband der Wasser- und Bodenverb\u00e4nde\" \/>\n<meta property=\"og:description\" content=\"Entsch\u00e4digung kann angehoben werden Mit der \u00c4nderung der Entsch\u00e4digungsverordnung k\u00f6nnen die Kommunen sowie Verb\u00e4nde, die darauf Bezug nehmen, die H\u00f6chstbetr\u00e4ge der Entsch\u00e4digungen k\u00fcnftig um bis zu 75 Prozent anheben. Diese Regelung wird zum Jahresanfang 2026 in Kraft treten. Die mehr als 1.100 Kommunen in Schleswig-Holstein k\u00f6nnen dabei durch eine Satzung selbst entscheiden, in welcher H\u00f6he&hellip;\" \/>\n<meta property=\"og:url\" content=\"https:\/\/www.lwbv.de\/lwbv\/2025\/11\/18\/aenderung-der-entschaedigungsvo\/\" \/>\n<meta property=\"og:site_name\" content=\"Landesverband der Wasser- und Bodenverb\u00e4nde\" \/>\n<meta property=\"article:published_time\" content=\"2025-11-18T10:54:37+00:00\" \/>\n<meta property=\"article:modified_time\" content=\"2025-11-18T10:54:40+00:00\" \/>\n<meta name=\"author\" content=\"Mathias Rohde\" \/>\n<meta name=\"twitter:card\" content=\"summary_large_image\" \/>\n<meta name=\"twitter:label1\" content=\"Verfasst von\" \/>\n\t<meta name=\"twitter:data1\" content=\"Mathias Rohde\" \/>\n\t<meta name=\"twitter:label2\" content=\"Gesch\u00e4tzte Lesezeit\" \/>\n\t<meta name=\"twitter:data2\" content=\"2\u00a0Minuten\" \/>\n<script type=\"application\/ld+json\" class=\"yoast-schema-graph\">{\"@context\":\"https:\/\/schema.org\",\"@graph\":[{\"@type\":\"WebPage\",\"@id\":\"https:\/\/www.lwbv.de\/lwbv\/2025\/11\/18\/aenderung-der-entschaedigungsvo\/\",\"url\":\"https:\/\/www.lwbv.de\/lwbv\/2025\/11\/18\/aenderung-der-entschaedigungsvo\/\",\"name\":\"\u00c4nderung der Entsch\u00e4digungsVO - Landesverband der Wasser- und Bodenverb\u00e4nde\",\"isPartOf\":{\"@id\":\"https:\/\/www.lwbv.de\/lwbv\/#website\"},\"datePublished\":\"2025-11-18T10:54:37+00:00\",\"dateModified\":\"2025-11-18T10:54:40+00:00\",\"author\":{\"@id\":\"https:\/\/www.lwbv.de\/lwbv\/#\/schema\/person\/c84b80400063ec44d5d032bfcc721479\"},\"breadcrumb\":{\"@id\":\"https:\/\/www.lwbv.de\/lwbv\/2025\/11\/18\/aenderung-der-entschaedigungsvo\/#breadcrumb\"},\"inLanguage\":\"de\",\"potentialAction\":[{\"@type\":\"ReadAction\",\"target\":[\"https:\/\/www.lwbv.de\/lwbv\/2025\/11\/18\/aenderung-der-entschaedigungsvo\/\"]}]},{\"@type\":\"BreadcrumbList\",\"@id\":\"https:\/\/www.lwbv.de\/lwbv\/2025\/11\/18\/aenderung-der-entschaedigungsvo\/#breadcrumb\",\"itemListElement\":[{\"@type\":\"ListItem\",\"position\":1,\"name\":\"Startseite\",\"item\":\"https:\/\/www.lwbv.de\/lwbv\/\"},{\"@type\":\"ListItem\",\"position\":2,\"name\":\"\u00c4nderung der Entsch\u00e4digungsVO\"}]},{\"@type\":\"WebSite\",\"@id\":\"https:\/\/www.lwbv.de\/lwbv\/#website\",\"url\":\"https:\/\/www.lwbv.de\/lwbv\/\",\"name\":\"Landesverband der Wasser- und Bodenverb\u00e4nde\",\"description\":\"\",\"potentialAction\":[{\"@type\":\"SearchAction\",\"target\":{\"@type\":\"EntryPoint\",\"urlTemplate\":\"https:\/\/www.lwbv.de\/lwbv\/?s={search_term_string}\"},\"query-input\":\"required name=search_term_string\"}],\"inLanguage\":\"de\"},{\"@type\":\"Person\",\"@id\":\"https:\/\/www.lwbv.de\/lwbv\/#\/schema\/person\/c84b80400063ec44d5d032bfcc721479\",\"name\":\"Mathias Rohde\",\"image\":{\"@type\":\"ImageObject\",\"inLanguage\":\"de\",\"@id\":\"https:\/\/www.lwbv.de\/lwbv\/#\/schema\/person\/image\/\",\"url\":\"https:\/\/secure.gravatar.com\/avatar\/4d4c1af21e80fc716c0998ed0a17f0e3?s=96&d=mm&r=g\",\"contentUrl\":\"https:\/\/secure.gravatar.com\/avatar\/4d4c1af21e80fc716c0998ed0a17f0e3?s=96&d=mm&r=g\",\"caption\":\"Mathias Rohde\"}}]}<\/script>\n<!-- \/ Yoast SEO plugin. -->","yoast_head_json":{"title":"\u00c4nderung der Entsch\u00e4digungsVO - Landesverband der Wasser- und Bodenverb\u00e4nde","robots":{"index":"index","follow":"follow","max-snippet":"max-snippet:-1","max-image-preview":"max-image-preview:large","max-video-preview":"max-video-preview:-1"},"canonical":"https:\/\/www.lwbv.de\/lwbv\/2025\/11\/18\/aenderung-der-entschaedigungsvo\/","og_locale":"de_DE","og_type":"article","og_title":"\u00c4nderung der Entsch\u00e4digungsVO - Landesverband der Wasser- und Bodenverb\u00e4nde","og_description":"Entsch\u00e4digung kann angehoben werden Mit der \u00c4nderung der Entsch\u00e4digungsverordnung k\u00f6nnen die Kommunen sowie Verb\u00e4nde, die darauf Bezug nehmen, die H\u00f6chstbetr\u00e4ge der Entsch\u00e4digungen k\u00fcnftig um bis zu 75 Prozent anheben. Diese Regelung wird zum Jahresanfang 2026 in Kraft treten. Die mehr als 1.100 Kommunen in Schleswig-Holstein k\u00f6nnen dabei durch eine Satzung selbst entscheiden, in welcher H\u00f6he&hellip;","og_url":"https:\/\/www.lwbv.de\/lwbv\/2025\/11\/18\/aenderung-der-entschaedigungsvo\/","og_site_name":"Landesverband der Wasser- und Bodenverb\u00e4nde","article_published_time":"2025-11-18T10:54:37+00:00","article_modified_time":"2025-11-18T10:54:40+00:00","author":"Mathias Rohde","twitter_card":"summary_large_image","twitter_misc":{"Verfasst von":"Mathias Rohde","Gesch\u00e4tzte Lesezeit":"2\u00a0Minuten"},"schema":{"@context":"https:\/\/schema.org","@graph":[{"@type":"WebPage","@id":"https:\/\/www.lwbv.de\/lwbv\/2025\/11\/18\/aenderung-der-entschaedigungsvo\/","url":"https:\/\/www.lwbv.de\/lwbv\/2025\/11\/18\/aenderung-der-entschaedigungsvo\/","name":"\u00c4nderung der Entsch\u00e4digungsVO - Landesverband der Wasser- und Bodenverb\u00e4nde","isPartOf":{"@id":"https:\/\/www.lwbv.de\/lwbv\/#website"},"datePublished":"2025-11-18T10:54:37+00:00","dateModified":"2025-11-18T10:54:40+00:00","author":{"@id":"https:\/\/www.lwbv.de\/lwbv\/#\/schema\/person\/c84b80400063ec44d5d032bfcc721479"},"breadcrumb":{"@id":"https:\/\/www.lwbv.de\/lwbv\/2025\/11\/18\/aenderung-der-entschaedigungsvo\/#breadcrumb"},"inLanguage":"de","potentialAction":[{"@type":"ReadAction","target":["https:\/\/www.lwbv.de\/lwbv\/2025\/11\/18\/aenderung-der-entschaedigungsvo\/"]}]},{"@type":"BreadcrumbList","@id":"https:\/\/www.lwbv.de\/lwbv\/2025\/11\/18\/aenderung-der-entschaedigungsvo\/#breadcrumb","itemListElement":[{"@type":"ListItem","position":1,"name":"Startseite","item":"https:\/\/www.lwbv.de\/lwbv\/"},{"@type":"ListItem","position":2,"name":"\u00c4nderung der Entsch\u00e4digungsVO"}]},{"@type":"WebSite","@id":"https:\/\/www.lwbv.de\/lwbv\/#website","url":"https:\/\/www.lwbv.de\/lwbv\/","name":"Landesverband der Wasser- und Bodenverb\u00e4nde","description":"","potentialAction":[{"@type":"SearchAction","target":{"@type":"EntryPoint","urlTemplate":"https:\/\/www.lwbv.de\/lwbv\/?s={search_term_string}"},"query-input":"required name=search_term_string"}],"inLanguage":"de"},{"@type":"Person","@id":"https:\/\/www.lwbv.de\/lwbv\/#\/schema\/person\/c84b80400063ec44d5d032bfcc721479","name":"Mathias Rohde","image":{"@type":"ImageObject","inLanguage":"de","@id":"https:\/\/www.lwbv.de\/lwbv\/#\/schema\/person\/image\/","url":"https:\/\/secure.gravatar.com\/avatar\/4d4c1af21e80fc716c0998ed0a17f0e3?s=96&d=mm&r=g","contentUrl":"https:\/\/secure.gravatar.com\/avatar\/4d4c1af21e80fc716c0998ed0a17f0e3?s=96&d=mm&r=g","caption":"Mathias Rohde"}}]}},"_links":{"self":[{"href":"https:\/\/www.lwbv.de\/lwbv\/wp-json\/wp\/v2\/posts\/3062"}],"collection":[{"href":"https:\/\/www.lwbv.de\/lwbv\/wp-json\/wp\/v2\/posts"}],"about":[{"href":"https:\/\/www.lwbv.de\/lwbv\/wp-json\/wp\/v2\/types\/post"}],"author":[{"embeddable":true,"href":"https:\/\/www.lwbv.de\/lwbv\/wp-json\/wp\/v2\/users\/8"}],"replies":[{"embeddable":true,"href":"https:\/\/www.lwbv.de\/lwbv\/wp-json\/wp\/v2\/comments?post=3062"}],"version-history":[{"count":1,"href":"https:\/\/www.lwbv.de\/lwbv\/wp-json\/wp\/v2\/posts\/3062\/revisions"}],"predecessor-version":[{"id":3063,"href":"https:\/\/www.lwbv.de\/lwbv\/wp-json\/wp\/v2\/posts\/3062\/revisions\/3063"}],"wp:attachment":[{"href":"https:\/\/www.lwbv.de\/lwbv\/wp-json\/wp\/v2\/media?parent=3062"}],"wp:term":[{"taxonomy":"category","embeddable":true,"href":"https:\/\/www.lwbv.de\/lwbv\/wp-json\/wp\/v2\/categories?post=3062"},{"taxonomy":"post_tag","embeddable":true,"href":"https:\/\/www.lwbv.de\/lwbv\/wp-json\/wp\/v2\/tags?post=3062"}],"curies":[{"name":"wp","href":"https:\/\/api.w.org\/{rel}","templated":true}]}}