{"id":3132,"date":"2026-03-11T10:43:23","date_gmt":"2026-03-11T09:43:23","guid":{"rendered":"https:\/\/www.lwbv.de\/lwbv\/?p=3132"},"modified":"2026-03-11T10:43:27","modified_gmt":"2026-03-11T09:43:27","slug":"10-03-2026-1-wasserforum-nord-schulung-fuer-verbandsvorsteher","status":"publish","type":"post","link":"https:\/\/www.lwbv.de\/lwbv\/2026\/03\/11\/10-03-2026-1-wasserforum-nord-schulung-fuer-verbandsvorsteher\/","title":{"rendered":"10.03.2026 \u2013 1. Wasserforum Nord Schulung f\u00fcr Verbandsvorsteher"},"content":{"rendered":"\n<p>Auf Initiative des Landesverbandes hat das Wasser Forum Nord am 10. M\u00e4rz die erste Schulung zur schonenden Gew\u00e4sserunterhaltung speziell f\u00fcr Verbandsvorsteherinnen und Verbandsvorsteher durchgef\u00fchrt. Die Veranstaltung war vollst\u00e4ndig ausgebucht und stie\u00df auf gro\u00dfes Interesse.<\/p>\n\n\n\n<p>Im Rahmen der Schulung erwarteten die Teilnehmenden praxisnahe Vortr\u00e4ge zu den rechtlichen, \u00f6kologischen und technischen Grundlagen einer schonenden Gew\u00e4sserunterhaltung. Neben der Vermittlung fachlicher Inhalte bot die Veranstaltung auch Raum f\u00fcr Austausch und Diskussion. Diese Gelegenheit wurde von den Anwesenden intensiv genutzt, sodass sich lebhafte Gespr\u00e4che und ein konstruktiver Dialog entwickelten.<\/p>\n\n\n\n<p>Wir erhielten eine gro\u00dfe positive Resonanz der Teilnehmenden und freuen uns auf die noch kommenden Schulungen!<\/p>\n\n\n\n<p>W\u00e4hrend die Schulungen im Fr\u00fchjahr bereits komplett ausgebucht sind, sind f\u00fcr die Schulung am 30. September noch Pl\u00e4tze frei. &nbsp;Melden Sie sich bei Interesse gerne bei uns und schicken uns eine Mail an info@wasserforum-nord.de!<\/p>\n\n\n\n<figure class=\"wp-block-image size-large is-resized\"><img loading=\"lazy\" decoding=\"async\" width=\"822\" height=\"1024\" src=\"https:\/\/www.lwbv.de\/lwbv\/wp-content\/uploads\/2026\/03\/2VV-Schulung10.3.26-822x1024.jpg\" alt=\"\" class=\"wp-image-3131\" style=\"width:487px;height:auto\" srcset=\"https:\/\/www.lwbv.de\/lwbv\/wp-content\/uploads\/2026\/03\/2VV-Schulung10.3.26-822x1024.jpg 822w, https:\/\/www.lwbv.de\/lwbv\/wp-content\/uploads\/2026\/03\/2VV-Schulung10.3.26-241x300.jpg 241w, https:\/\/www.lwbv.de\/lwbv\/wp-content\/uploads\/2026\/03\/2VV-Schulung10.3.26-768x956.jpg 768w, https:\/\/www.lwbv.de\/lwbv\/wp-content\/uploads\/2026\/03\/2VV-Schulung10.3.26.jpg 1200w\" sizes=\"(max-width: 822px) 100vw, 822px\" \/><\/figure>\n","protected":false},"excerpt":{"rendered":"<p>Auf Initiative des Landesverbandes hat das Wasser Forum Nord am 10. M\u00e4rz die erste Schulung zur schonenden Gew\u00e4sserunterhaltung speziell f\u00fcr Verbandsvorsteherinnen und Verbandsvorsteher durchgef\u00fchrt. Die Veranstaltung war vollst\u00e4ndig ausgebucht und stie\u00df auf gro\u00dfes Interesse. Im Rahmen der Schulung erwarteten die Teilnehmenden praxisnahe Vortr\u00e4ge zu den rechtlichen, \u00f6kologischen und technischen Grundlagen einer schonenden Gew\u00e4sserunterhaltung. Neben der&hellip;<\/p>\n","protected":false},"author":8,"featured_media":0,"comment_status":"closed","ping_status":"closed","sticky":false,"template":"","format":"standard","meta":{"footnotes":""},"categories":[1],"tags":[],"yoast_head":"<!-- This site is optimized with the Yoast SEO plugin v22.8 - https:\/\/yoast.com\/wordpress\/plugins\/seo\/ -->\n<title>10.03.2026 \u2013 1. Wasserforum Nord Schulung f\u00fcr Verbandsvorsteher - Landesverband der Wasser- und Bodenverb\u00e4nde<\/title>\n<meta name=\"robots\" content=\"index, follow, max-snippet:-1, max-image-preview:large, max-video-preview:-1\" \/>\n<link rel=\"canonical\" href=\"https:\/\/www.lwbv.de\/lwbv\/2026\/03\/11\/10-03-2026-1-wasserforum-nord-schulung-fuer-verbandsvorsteher\/\" \/>\n<meta property=\"og:locale\" content=\"de_DE\" \/>\n<meta property=\"og:type\" content=\"article\" \/>\n<meta property=\"og:title\" content=\"10.03.2026 \u2013 1. Wasserforum Nord Schulung f\u00fcr Verbandsvorsteher - Landesverband der Wasser- und Bodenverb\u00e4nde\" \/>\n<meta property=\"og:description\" content=\"Auf Initiative des Landesverbandes hat das Wasser Forum Nord am 10. M\u00e4rz die erste Schulung zur schonenden Gew\u00e4sserunterhaltung speziell f\u00fcr Verbandsvorsteherinnen und Verbandsvorsteher durchgef\u00fchrt. Die Veranstaltung war vollst\u00e4ndig ausgebucht und stie\u00df auf gro\u00dfes Interesse. Im Rahmen der Schulung erwarteten die Teilnehmenden praxisnahe Vortr\u00e4ge zu den rechtlichen, \u00f6kologischen und technischen Grundlagen einer schonenden Gew\u00e4sserunterhaltung. Neben der&hellip;\" \/>\n<meta property=\"og:url\" content=\"https:\/\/www.lwbv.de\/lwbv\/2026\/03\/11\/10-03-2026-1-wasserforum-nord-schulung-fuer-verbandsvorsteher\/\" \/>\n<meta property=\"og:site_name\" content=\"Landesverband der Wasser- und Bodenverb\u00e4nde\" \/>\n<meta property=\"article:published_time\" content=\"2026-03-11T09:43:23+00:00\" \/>\n<meta property=\"article:modified_time\" content=\"2026-03-11T09:43:27+00:00\" \/>\n<meta property=\"og:image\" content=\"https:\/\/www.lwbv.de\/lwbv\/wp-content\/uploads\/2026\/03\/2VV-Schulung10.3.26-822x1024.jpg\" \/>\n<meta name=\"author\" content=\"Mathias Rohde\" \/>\n<meta name=\"twitter:card\" content=\"summary_large_image\" \/>\n<meta name=\"twitter:label1\" content=\"Verfasst von\" \/>\n\t<meta name=\"twitter:data1\" content=\"Mathias Rohde\" \/>\n\t<meta name=\"twitter:label2\" content=\"Gesch\u00e4tzte Lesezeit\" \/>\n\t<meta name=\"twitter:data2\" content=\"1\u00a0Minute\" \/>\n<script type=\"application\/ld+json\" class=\"yoast-schema-graph\">{\"@context\":\"https:\/\/schema.org\",\"@graph\":[{\"@type\":\"WebPage\",\"@id\":\"https:\/\/www.lwbv.de\/lwbv\/2026\/03\/11\/10-03-2026-1-wasserforum-nord-schulung-fuer-verbandsvorsteher\/\",\"url\":\"https:\/\/www.lwbv.de\/lwbv\/2026\/03\/11\/10-03-2026-1-wasserforum-nord-schulung-fuer-verbandsvorsteher\/\",\"name\":\"10.03.2026 \u2013 1. Wasserforum Nord Schulung f\u00fcr Verbandsvorsteher - Landesverband der Wasser- und Bodenverb\u00e4nde\",\"isPartOf\":{\"@id\":\"https:\/\/www.lwbv.de\/lwbv\/#website\"},\"primaryImageOfPage\":{\"@id\":\"https:\/\/www.lwbv.de\/lwbv\/2026\/03\/11\/10-03-2026-1-wasserforum-nord-schulung-fuer-verbandsvorsteher\/#primaryimage\"},\"image\":{\"@id\":\"https:\/\/www.lwbv.de\/lwbv\/2026\/03\/11\/10-03-2026-1-wasserforum-nord-schulung-fuer-verbandsvorsteher\/#primaryimage\"},\"thumbnailUrl\":\"https:\/\/www.lwbv.de\/lwbv\/wp-content\/uploads\/2026\/03\/2VV-Schulung10.3.26-822x1024.jpg\",\"datePublished\":\"2026-03-11T09:43:23+00:00\",\"dateModified\":\"2026-03-11T09:43:27+00:00\",\"author\":{\"@id\":\"https:\/\/www.lwbv.de\/lwbv\/#\/schema\/person\/c84b80400063ec44d5d032bfcc721479\"},\"breadcrumb\":{\"@id\":\"https:\/\/www.lwbv.de\/lwbv\/2026\/03\/11\/10-03-2026-1-wasserforum-nord-schulung-fuer-verbandsvorsteher\/#breadcrumb\"},\"inLanguage\":\"de\",\"potentialAction\":[{\"@type\":\"ReadAction\",\"target\":[\"https:\/\/www.lwbv.de\/lwbv\/2026\/03\/11\/10-03-2026-1-wasserforum-nord-schulung-fuer-verbandsvorsteher\/\"]}]},{\"@type\":\"ImageObject\",\"inLanguage\":\"de\",\"@id\":\"https:\/\/www.lwbv.de\/lwbv\/2026\/03\/11\/10-03-2026-1-wasserforum-nord-schulung-fuer-verbandsvorsteher\/#primaryimage\",\"url\":\"https:\/\/www.lwbv.de\/lwbv\/wp-content\/uploads\/2026\/03\/2VV-Schulung10.3.26.jpg\",\"contentUrl\":\"https:\/\/www.lwbv.de\/lwbv\/wp-content\/uploads\/2026\/03\/2VV-Schulung10.3.26.jpg\",\"width\":1200,\"height\":1494},{\"@type\":\"BreadcrumbList\",\"@id\":\"https:\/\/www.lwbv.de\/lwbv\/2026\/03\/11\/10-03-2026-1-wasserforum-nord-schulung-fuer-verbandsvorsteher\/#breadcrumb\",\"itemListElement\":[{\"@type\":\"ListItem\",\"position\":1,\"name\":\"Startseite\",\"item\":\"https:\/\/www.lwbv.de\/lwbv\/\"},{\"@type\":\"ListItem\",\"position\":2,\"name\":\"10.03.2026 \u2013 1. Wasserforum Nord Schulung f\u00fcr Verbandsvorsteher\"}]},{\"@type\":\"WebSite\",\"@id\":\"https:\/\/www.lwbv.de\/lwbv\/#website\",\"url\":\"https:\/\/www.lwbv.de\/lwbv\/\",\"name\":\"Landesverband der Wasser- und Bodenverb\u00e4nde\",\"description\":\"\",\"potentialAction\":[{\"@type\":\"SearchAction\",\"target\":{\"@type\":\"EntryPoint\",\"urlTemplate\":\"https:\/\/www.lwbv.de\/lwbv\/?s={search_term_string}\"},\"query-input\":\"required name=search_term_string\"}],\"inLanguage\":\"de\"},{\"@type\":\"Person\",\"@id\":\"https:\/\/www.lwbv.de\/lwbv\/#\/schema\/person\/c84b80400063ec44d5d032bfcc721479\",\"name\":\"Mathias Rohde\",\"image\":{\"@type\":\"ImageObject\",\"inLanguage\":\"de\",\"@id\":\"https:\/\/www.lwbv.de\/lwbv\/#\/schema\/person\/image\/\",\"url\":\"https:\/\/secure.gravatar.com\/avatar\/4d4c1af21e80fc716c0998ed0a17f0e3?s=96&d=mm&r=g\",\"contentUrl\":\"https:\/\/secure.gravatar.com\/avatar\/4d4c1af21e80fc716c0998ed0a17f0e3?s=96&d=mm&r=g\",\"caption\":\"Mathias Rohde\"}}]}<\/script>\n<!-- \/ Yoast SEO plugin. -->","yoast_head_json":{"title":"10.03.2026 \u2013 1. Wasserforum Nord Schulung f\u00fcr Verbandsvorsteher - Landesverband der Wasser- und Bodenverb\u00e4nde","robots":{"index":"index","follow":"follow","max-snippet":"max-snippet:-1","max-image-preview":"max-image-preview:large","max-video-preview":"max-video-preview:-1"},"canonical":"https:\/\/www.lwbv.de\/lwbv\/2026\/03\/11\/10-03-2026-1-wasserforum-nord-schulung-fuer-verbandsvorsteher\/","og_locale":"de_DE","og_type":"article","og_title":"10.03.2026 \u2013 1. Wasserforum Nord Schulung f\u00fcr Verbandsvorsteher - Landesverband der Wasser- und Bodenverb\u00e4nde","og_description":"Auf Initiative des Landesverbandes hat das Wasser Forum Nord am 10. M\u00e4rz die erste Schulung zur schonenden Gew\u00e4sserunterhaltung speziell f\u00fcr Verbandsvorsteherinnen und Verbandsvorsteher durchgef\u00fchrt. Die Veranstaltung war vollst\u00e4ndig ausgebucht und stie\u00df auf gro\u00dfes Interesse. Im Rahmen der Schulung erwarteten die Teilnehmenden praxisnahe Vortr\u00e4ge zu den rechtlichen, \u00f6kologischen und technischen Grundlagen einer schonenden Gew\u00e4sserunterhaltung. Neben der&hellip;","og_url":"https:\/\/www.lwbv.de\/lwbv\/2026\/03\/11\/10-03-2026-1-wasserforum-nord-schulung-fuer-verbandsvorsteher\/","og_site_name":"Landesverband der Wasser- und Bodenverb\u00e4nde","article_published_time":"2026-03-11T09:43:23+00:00","article_modified_time":"2026-03-11T09:43:27+00:00","og_image":[{"url":"https:\/\/www.lwbv.de\/lwbv\/wp-content\/uploads\/2026\/03\/2VV-Schulung10.3.26-822x1024.jpg"}],"author":"Mathias Rohde","twitter_card":"summary_large_image","twitter_misc":{"Verfasst von":"Mathias Rohde","Gesch\u00e4tzte Lesezeit":"1\u00a0Minute"},"schema":{"@context":"https:\/\/schema.org","@graph":[{"@type":"WebPage","@id":"https:\/\/www.lwbv.de\/lwbv\/2026\/03\/11\/10-03-2026-1-wasserforum-nord-schulung-fuer-verbandsvorsteher\/","url":"https:\/\/www.lwbv.de\/lwbv\/2026\/03\/11\/10-03-2026-1-wasserforum-nord-schulung-fuer-verbandsvorsteher\/","name":"10.03.2026 \u2013 1. Wasserforum Nord Schulung f\u00fcr Verbandsvorsteher - Landesverband der Wasser- und Bodenverb\u00e4nde","isPartOf":{"@id":"https:\/\/www.lwbv.de\/lwbv\/#website"},"primaryImageOfPage":{"@id":"https:\/\/www.lwbv.de\/lwbv\/2026\/03\/11\/10-03-2026-1-wasserforum-nord-schulung-fuer-verbandsvorsteher\/#primaryimage"},"image":{"@id":"https:\/\/www.lwbv.de\/lwbv\/2026\/03\/11\/10-03-2026-1-wasserforum-nord-schulung-fuer-verbandsvorsteher\/#primaryimage"},"thumbnailUrl":"https:\/\/www.lwbv.de\/lwbv\/wp-content\/uploads\/2026\/03\/2VV-Schulung10.3.26-822x1024.jpg","datePublished":"2026-03-11T09:43:23+00:00","dateModified":"2026-03-11T09:43:27+00:00","author":{"@id":"https:\/\/www.lwbv.de\/lwbv\/#\/schema\/person\/c84b80400063ec44d5d032bfcc721479"},"breadcrumb":{"@id":"https:\/\/www.lwbv.de\/lwbv\/2026\/03\/11\/10-03-2026-1-wasserforum-nord-schulung-fuer-verbandsvorsteher\/#breadcrumb"},"inLanguage":"de","potentialAction":[{"@type":"ReadAction","target":["https:\/\/www.lwbv.de\/lwbv\/2026\/03\/11\/10-03-2026-1-wasserforum-nord-schulung-fuer-verbandsvorsteher\/"]}]},{"@type":"ImageObject","inLanguage":"de","@id":"https:\/\/www.lwbv.de\/lwbv\/2026\/03\/11\/10-03-2026-1-wasserforum-nord-schulung-fuer-verbandsvorsteher\/#primaryimage","url":"https:\/\/www.lwbv.de\/lwbv\/wp-content\/uploads\/2026\/03\/2VV-Schulung10.3.26.jpg","contentUrl":"https:\/\/www.lwbv.de\/lwbv\/wp-content\/uploads\/2026\/03\/2VV-Schulung10.3.26.jpg","width":1200,"height":1494},{"@type":"BreadcrumbList","@id":"https:\/\/www.lwbv.de\/lwbv\/2026\/03\/11\/10-03-2026-1-wasserforum-nord-schulung-fuer-verbandsvorsteher\/#breadcrumb","itemListElement":[{"@type":"ListItem","position":1,"name":"Startseite","item":"https:\/\/www.lwbv.de\/lwbv\/"},{"@type":"ListItem","position":2,"name":"10.03.2026 \u2013 1. Wasserforum Nord Schulung f\u00fcr Verbandsvorsteher"}]},{"@type":"WebSite","@id":"https:\/\/www.lwbv.de\/lwbv\/#website","url":"https:\/\/www.lwbv.de\/lwbv\/","name":"Landesverband der Wasser- und Bodenverb\u00e4nde","description":"","potentialAction":[{"@type":"SearchAction","target":{"@type":"EntryPoint","urlTemplate":"https:\/\/www.lwbv.de\/lwbv\/?s={search_term_string}"},"query-input":"required name=search_term_string"}],"inLanguage":"de"},{"@type":"Person","@id":"https:\/\/www.lwbv.de\/lwbv\/#\/schema\/person\/c84b80400063ec44d5d032bfcc721479","name":"Mathias Rohde","image":{"@type":"ImageObject","inLanguage":"de","@id":"https:\/\/www.lwbv.de\/lwbv\/#\/schema\/person\/image\/","url":"https:\/\/secure.gravatar.com\/avatar\/4d4c1af21e80fc716c0998ed0a17f0e3?s=96&d=mm&r=g","contentUrl":"https:\/\/secure.gravatar.com\/avatar\/4d4c1af21e80fc716c0998ed0a17f0e3?s=96&d=mm&r=g","caption":"Mathias Rohde"}}]}},"_links":{"self":[{"href":"https:\/\/www.lwbv.de\/lwbv\/wp-json\/wp\/v2\/posts\/3132"}],"collection":[{"href":"https:\/\/www.lwbv.de\/lwbv\/wp-json\/wp\/v2\/posts"}],"about":[{"href":"https:\/\/www.lwbv.de\/lwbv\/wp-json\/wp\/v2\/types\/post"}],"author":[{"embeddable":true,"href":"https:\/\/www.lwbv.de\/lwbv\/wp-json\/wp\/v2\/users\/8"}],"replies":[{"embeddable":true,"href":"https:\/\/www.lwbv.de\/lwbv\/wp-json\/wp\/v2\/comments?post=3132"}],"version-history":[{"count":1,"href":"https:\/\/www.lwbv.de\/lwbv\/wp-json\/wp\/v2\/posts\/3132\/revisions"}],"predecessor-version":[{"id":3133,"href":"https:\/\/www.lwbv.de\/lwbv\/wp-json\/wp\/v2\/posts\/3132\/revisions\/3133"}],"wp:attachment":[{"href":"https:\/\/www.lwbv.de\/lwbv\/wp-json\/wp\/v2\/media?parent=3132"}],"wp:term":[{"taxonomy":"category","embeddable":true,"href":"https:\/\/www.lwbv.de\/lwbv\/wp-json\/wp\/v2\/categories?post=3132"},{"taxonomy":"post_tag","embeddable":true,"href":"https:\/\/www.lwbv.de\/lwbv\/wp-json\/wp\/v2\/tags?post=3132"}],"curies":[{"name":"wp","href":"https:\/\/api.w.org\/{rel}","templated":true}]}}