{"id":3135,"date":"2026-03-13T10:28:48","date_gmt":"2026-03-13T09:28:48","guid":{"rendered":"https:\/\/www.lwbv.de\/lwbv\/?p=3135"},"modified":"2026-03-13T10:28:52","modified_gmt":"2026-03-13T09:28:52","slug":"abgeordnete-zu-besuch-in-der-geschaeftsstelle","status":"publish","type":"post","link":"https:\/\/www.lwbv.de\/lwbv\/2026\/03\/13\/abgeordnete-zu-besuch-in-der-geschaeftsstelle\/","title":{"rendered":"Abgeordnete zu Besuch in der Gesch\u00e4ftsstelle"},"content":{"rendered":"\n<p>Am 12. M\u00e4rz 2026 konnte der Landesverband die CDU-Abgeordneten Rixa Kleinschmit und Volker Nielsen in seiner Gesch\u00e4ftsstelle begr\u00fc\u00dfen.<br><br>Gemeinsam mit den Landtagsabgeordneten, die beide auch dem Umwelt- und Agrarausschuss des Schleswig-Holsteinischen Landtags angeh\u00f6ren, diskutierten die Vertreterinnen und Vertreter des Landesverbandes aktuelle wasserwirtschaftliche Themen.<br><br>Dabei konnte schnell Einigkeit erzielt werden, dass die verbandliche Wasserwirtschaft eine bew\u00e4hrte und verl\u00e4ssliche Gr\u00f6\u00dfe im \u201eWasserland Schleswig-Holstein\u201c ist, die es angesichts k\u00fcnftiger Herausforderungen auch in Zukunft zu st\u00e4rken gilt.<\/p>\n\n\n<div class=\"wp-block-image\">\n<figure class=\"alignleft size-large is-resized\"><img loading=\"lazy\" decoding=\"async\" width=\"1024\" height=\"768\" src=\"https:\/\/www.lwbv.de\/lwbv\/wp-content\/uploads\/2026\/03\/20260312_133003-1024x768.jpg\" alt=\"\" class=\"wp-image-3134\" style=\"width:807px;height:auto\" srcset=\"https:\/\/www.lwbv.de\/lwbv\/wp-content\/uploads\/2026\/03\/20260312_133003-1024x768.jpg 1024w, https:\/\/www.lwbv.de\/lwbv\/wp-content\/uploads\/2026\/03\/20260312_133003-300x225.jpg 300w, https:\/\/www.lwbv.de\/lwbv\/wp-content\/uploads\/2026\/03\/20260312_133003-768x576.jpg 768w, https:\/\/www.lwbv.de\/lwbv\/wp-content\/uploads\/2026\/03\/20260312_133003-1536x1152.jpg 1536w, https:\/\/www.lwbv.de\/lwbv\/wp-content\/uploads\/2026\/03\/20260312_133003-2048x1536.jpg 2048w\" sizes=\"(max-width: 1024px) 100vw, 1024px\" \/><figcaption class=\"wp-element-caption\">Von links: Hans-Heinrich Gloy, Mathias Rohde, Levke Hansen, Volker Nielsen und Rixa Kleinschmit<\/figcaption><\/figure><\/div>","protected":false},"excerpt":{"rendered":"<p>Am 12. M\u00e4rz 2026 konnte der Landesverband die CDU-Abgeordneten Rixa Kleinschmit und Volker Nielsen in seiner Gesch\u00e4ftsstelle begr\u00fc\u00dfen. Gemeinsam mit den Landtagsabgeordneten, die beide auch dem Umwelt- und Agrarausschuss des Schleswig-Holsteinischen Landtags angeh\u00f6ren, diskutierten die Vertreterinnen und Vertreter des Landesverbandes aktuelle wasserwirtschaftliche Themen. Dabei konnte schnell Einigkeit erzielt werden, dass die verbandliche Wasserwirtschaft eine bew\u00e4hrte&hellip;<\/p>\n","protected":false},"author":8,"featured_media":0,"comment_status":"closed","ping_status":"closed","sticky":false,"template":"","format":"standard","meta":{"footnotes":""},"categories":[1],"tags":[],"yoast_head":"<!-- This site is optimized with the Yoast SEO plugin v22.8 - https:\/\/yoast.com\/wordpress\/plugins\/seo\/ -->\n<title>Abgeordnete zu Besuch in der Gesch\u00e4ftsstelle - Landesverband der Wasser- und Bodenverb\u00e4nde<\/title>\n<meta name=\"robots\" content=\"index, follow, max-snippet:-1, max-image-preview:large, max-video-preview:-1\" \/>\n<link rel=\"canonical\" href=\"https:\/\/www.lwbv.de\/lwbv\/2026\/03\/13\/abgeordnete-zu-besuch-in-der-geschaeftsstelle\/\" \/>\n<meta property=\"og:locale\" content=\"de_DE\" \/>\n<meta property=\"og:type\" content=\"article\" \/>\n<meta property=\"og:title\" content=\"Abgeordnete zu Besuch in der Gesch\u00e4ftsstelle - Landesverband der Wasser- und Bodenverb\u00e4nde\" \/>\n<meta property=\"og:description\" content=\"Am 12. M\u00e4rz 2026 konnte der Landesverband die CDU-Abgeordneten Rixa Kleinschmit und Volker Nielsen in seiner Gesch\u00e4ftsstelle begr\u00fc\u00dfen. Gemeinsam mit den Landtagsabgeordneten, die beide auch dem Umwelt- und Agrarausschuss des Schleswig-Holsteinischen Landtags angeh\u00f6ren, diskutierten die Vertreterinnen und Vertreter des Landesverbandes aktuelle wasserwirtschaftliche Themen. Dabei konnte schnell Einigkeit erzielt werden, dass die verbandliche Wasserwirtschaft eine bew\u00e4hrte&hellip;\" \/>\n<meta property=\"og:url\" content=\"https:\/\/www.lwbv.de\/lwbv\/2026\/03\/13\/abgeordnete-zu-besuch-in-der-geschaeftsstelle\/\" \/>\n<meta property=\"og:site_name\" content=\"Landesverband der Wasser- und Bodenverb\u00e4nde\" \/>\n<meta property=\"article:published_time\" content=\"2026-03-13T09:28:48+00:00\" \/>\n<meta property=\"article:modified_time\" content=\"2026-03-13T09:28:52+00:00\" \/>\n<meta property=\"og:image\" content=\"https:\/\/www.lwbv.de\/lwbv\/wp-content\/uploads\/2026\/03\/20260312_133003-1024x768.jpg\" \/>\n<meta name=\"author\" content=\"Mathias Rohde\" \/>\n<meta name=\"twitter:card\" content=\"summary_large_image\" \/>\n<meta name=\"twitter:label1\" content=\"Verfasst von\" \/>\n\t<meta name=\"twitter:data1\" content=\"Mathias Rohde\" \/>\n\t<meta name=\"twitter:label2\" content=\"Gesch\u00e4tzte Lesezeit\" \/>\n\t<meta name=\"twitter:data2\" content=\"1\u00a0Minute\" \/>\n<script type=\"application\/ld+json\" class=\"yoast-schema-graph\">{\"@context\":\"https:\/\/schema.org\",\"@graph\":[{\"@type\":\"WebPage\",\"@id\":\"https:\/\/www.lwbv.de\/lwbv\/2026\/03\/13\/abgeordnete-zu-besuch-in-der-geschaeftsstelle\/\",\"url\":\"https:\/\/www.lwbv.de\/lwbv\/2026\/03\/13\/abgeordnete-zu-besuch-in-der-geschaeftsstelle\/\",\"name\":\"Abgeordnete zu Besuch in der Gesch\u00e4ftsstelle - Landesverband der Wasser- und Bodenverb\u00e4nde\",\"isPartOf\":{\"@id\":\"https:\/\/www.lwbv.de\/lwbv\/#website\"},\"primaryImageOfPage\":{\"@id\":\"https:\/\/www.lwbv.de\/lwbv\/2026\/03\/13\/abgeordnete-zu-besuch-in-der-geschaeftsstelle\/#primaryimage\"},\"image\":{\"@id\":\"https:\/\/www.lwbv.de\/lwbv\/2026\/03\/13\/abgeordnete-zu-besuch-in-der-geschaeftsstelle\/#primaryimage\"},\"thumbnailUrl\":\"https:\/\/www.lwbv.de\/lwbv\/wp-content\/uploads\/2026\/03\/20260312_133003-1024x768.jpg\",\"datePublished\":\"2026-03-13T09:28:48+00:00\",\"dateModified\":\"2026-03-13T09:28:52+00:00\",\"author\":{\"@id\":\"https:\/\/www.lwbv.de\/lwbv\/#\/schema\/person\/c84b80400063ec44d5d032bfcc721479\"},\"breadcrumb\":{\"@id\":\"https:\/\/www.lwbv.de\/lwbv\/2026\/03\/13\/abgeordnete-zu-besuch-in-der-geschaeftsstelle\/#breadcrumb\"},\"inLanguage\":\"de\",\"potentialAction\":[{\"@type\":\"ReadAction\",\"target\":[\"https:\/\/www.lwbv.de\/lwbv\/2026\/03\/13\/abgeordnete-zu-besuch-in-der-geschaeftsstelle\/\"]}]},{\"@type\":\"ImageObject\",\"inLanguage\":\"de\",\"@id\":\"https:\/\/www.lwbv.de\/lwbv\/2026\/03\/13\/abgeordnete-zu-besuch-in-der-geschaeftsstelle\/#primaryimage\",\"url\":\"https:\/\/www.lwbv.de\/lwbv\/wp-content\/uploads\/2026\/03\/20260312_133003-scaled.jpg\",\"contentUrl\":\"https:\/\/www.lwbv.de\/lwbv\/wp-content\/uploads\/2026\/03\/20260312_133003-scaled.jpg\",\"width\":2560,\"height\":1920},{\"@type\":\"BreadcrumbList\",\"@id\":\"https:\/\/www.lwbv.de\/lwbv\/2026\/03\/13\/abgeordnete-zu-besuch-in-der-geschaeftsstelle\/#breadcrumb\",\"itemListElement\":[{\"@type\":\"ListItem\",\"position\":1,\"name\":\"Startseite\",\"item\":\"https:\/\/www.lwbv.de\/lwbv\/\"},{\"@type\":\"ListItem\",\"position\":2,\"name\":\"Abgeordnete zu Besuch in der Gesch\u00e4ftsstelle\"}]},{\"@type\":\"WebSite\",\"@id\":\"https:\/\/www.lwbv.de\/lwbv\/#website\",\"url\":\"https:\/\/www.lwbv.de\/lwbv\/\",\"name\":\"Landesverband der Wasser- und Bodenverb\u00e4nde\",\"description\":\"\",\"potentialAction\":[{\"@type\":\"SearchAction\",\"target\":{\"@type\":\"EntryPoint\",\"urlTemplate\":\"https:\/\/www.lwbv.de\/lwbv\/?s={search_term_string}\"},\"query-input\":\"required name=search_term_string\"}],\"inLanguage\":\"de\"},{\"@type\":\"Person\",\"@id\":\"https:\/\/www.lwbv.de\/lwbv\/#\/schema\/person\/c84b80400063ec44d5d032bfcc721479\",\"name\":\"Mathias Rohde\",\"image\":{\"@type\":\"ImageObject\",\"inLanguage\":\"de\",\"@id\":\"https:\/\/www.lwbv.de\/lwbv\/#\/schema\/person\/image\/\",\"url\":\"https:\/\/secure.gravatar.com\/avatar\/4d4c1af21e80fc716c0998ed0a17f0e3?s=96&d=mm&r=g\",\"contentUrl\":\"https:\/\/secure.gravatar.com\/avatar\/4d4c1af21e80fc716c0998ed0a17f0e3?s=96&d=mm&r=g\",\"caption\":\"Mathias Rohde\"}}]}<\/script>\n<!-- \/ Yoast SEO plugin. -->","yoast_head_json":{"title":"Abgeordnete zu Besuch in der Gesch\u00e4ftsstelle - Landesverband der Wasser- und Bodenverb\u00e4nde","robots":{"index":"index","follow":"follow","max-snippet":"max-snippet:-1","max-image-preview":"max-image-preview:large","max-video-preview":"max-video-preview:-1"},"canonical":"https:\/\/www.lwbv.de\/lwbv\/2026\/03\/13\/abgeordnete-zu-besuch-in-der-geschaeftsstelle\/","og_locale":"de_DE","og_type":"article","og_title":"Abgeordnete zu Besuch in der Gesch\u00e4ftsstelle - Landesverband der Wasser- und Bodenverb\u00e4nde","og_description":"Am 12. M\u00e4rz 2026 konnte der Landesverband die CDU-Abgeordneten Rixa Kleinschmit und Volker Nielsen in seiner Gesch\u00e4ftsstelle begr\u00fc\u00dfen. Gemeinsam mit den Landtagsabgeordneten, die beide auch dem Umwelt- und Agrarausschuss des Schleswig-Holsteinischen Landtags angeh\u00f6ren, diskutierten die Vertreterinnen und Vertreter des Landesverbandes aktuelle wasserwirtschaftliche Themen. Dabei konnte schnell Einigkeit erzielt werden, dass die verbandliche Wasserwirtschaft eine bew\u00e4hrte&hellip;","og_url":"https:\/\/www.lwbv.de\/lwbv\/2026\/03\/13\/abgeordnete-zu-besuch-in-der-geschaeftsstelle\/","og_site_name":"Landesverband der Wasser- und Bodenverb\u00e4nde","article_published_time":"2026-03-13T09:28:48+00:00","article_modified_time":"2026-03-13T09:28:52+00:00","og_image":[{"url":"https:\/\/www.lwbv.de\/lwbv\/wp-content\/uploads\/2026\/03\/20260312_133003-1024x768.jpg"}],"author":"Mathias Rohde","twitter_card":"summary_large_image","twitter_misc":{"Verfasst von":"Mathias Rohde","Gesch\u00e4tzte Lesezeit":"1\u00a0Minute"},"schema":{"@context":"https:\/\/schema.org","@graph":[{"@type":"WebPage","@id":"https:\/\/www.lwbv.de\/lwbv\/2026\/03\/13\/abgeordnete-zu-besuch-in-der-geschaeftsstelle\/","url":"https:\/\/www.lwbv.de\/lwbv\/2026\/03\/13\/abgeordnete-zu-besuch-in-der-geschaeftsstelle\/","name":"Abgeordnete zu Besuch in der Gesch\u00e4ftsstelle - Landesverband der Wasser- und Bodenverb\u00e4nde","isPartOf":{"@id":"https:\/\/www.lwbv.de\/lwbv\/#website"},"primaryImageOfPage":{"@id":"https:\/\/www.lwbv.de\/lwbv\/2026\/03\/13\/abgeordnete-zu-besuch-in-der-geschaeftsstelle\/#primaryimage"},"image":{"@id":"https:\/\/www.lwbv.de\/lwbv\/2026\/03\/13\/abgeordnete-zu-besuch-in-der-geschaeftsstelle\/#primaryimage"},"thumbnailUrl":"https:\/\/www.lwbv.de\/lwbv\/wp-content\/uploads\/2026\/03\/20260312_133003-1024x768.jpg","datePublished":"2026-03-13T09:28:48+00:00","dateModified":"2026-03-13T09:28:52+00:00","author":{"@id":"https:\/\/www.lwbv.de\/lwbv\/#\/schema\/person\/c84b80400063ec44d5d032bfcc721479"},"breadcrumb":{"@id":"https:\/\/www.lwbv.de\/lwbv\/2026\/03\/13\/abgeordnete-zu-besuch-in-der-geschaeftsstelle\/#breadcrumb"},"inLanguage":"de","potentialAction":[{"@type":"ReadAction","target":["https:\/\/www.lwbv.de\/lwbv\/2026\/03\/13\/abgeordnete-zu-besuch-in-der-geschaeftsstelle\/"]}]},{"@type":"ImageObject","inLanguage":"de","@id":"https:\/\/www.lwbv.de\/lwbv\/2026\/03\/13\/abgeordnete-zu-besuch-in-der-geschaeftsstelle\/#primaryimage","url":"https:\/\/www.lwbv.de\/lwbv\/wp-content\/uploads\/2026\/03\/20260312_133003-scaled.jpg","contentUrl":"https:\/\/www.lwbv.de\/lwbv\/wp-content\/uploads\/2026\/03\/20260312_133003-scaled.jpg","width":2560,"height":1920},{"@type":"BreadcrumbList","@id":"https:\/\/www.lwbv.de\/lwbv\/2026\/03\/13\/abgeordnete-zu-besuch-in-der-geschaeftsstelle\/#breadcrumb","itemListElement":[{"@type":"ListItem","position":1,"name":"Startseite","item":"https:\/\/www.lwbv.de\/lwbv\/"},{"@type":"ListItem","position":2,"name":"Abgeordnete zu Besuch in der Gesch\u00e4ftsstelle"}]},{"@type":"WebSite","@id":"https:\/\/www.lwbv.de\/lwbv\/#website","url":"https:\/\/www.lwbv.de\/lwbv\/","name":"Landesverband der Wasser- und Bodenverb\u00e4nde","description":"","potentialAction":[{"@type":"SearchAction","target":{"@type":"EntryPoint","urlTemplate":"https:\/\/www.lwbv.de\/lwbv\/?s={search_term_string}"},"query-input":"required name=search_term_string"}],"inLanguage":"de"},{"@type":"Person","@id":"https:\/\/www.lwbv.de\/lwbv\/#\/schema\/person\/c84b80400063ec44d5d032bfcc721479","name":"Mathias Rohde","image":{"@type":"ImageObject","inLanguage":"de","@id":"https:\/\/www.lwbv.de\/lwbv\/#\/schema\/person\/image\/","url":"https:\/\/secure.gravatar.com\/avatar\/4d4c1af21e80fc716c0998ed0a17f0e3?s=96&d=mm&r=g","contentUrl":"https:\/\/secure.gravatar.com\/avatar\/4d4c1af21e80fc716c0998ed0a17f0e3?s=96&d=mm&r=g","caption":"Mathias Rohde"}}]}},"_links":{"self":[{"href":"https:\/\/www.lwbv.de\/lwbv\/wp-json\/wp\/v2\/posts\/3135"}],"collection":[{"href":"https:\/\/www.lwbv.de\/lwbv\/wp-json\/wp\/v2\/posts"}],"about":[{"href":"https:\/\/www.lwbv.de\/lwbv\/wp-json\/wp\/v2\/types\/post"}],"author":[{"embeddable":true,"href":"https:\/\/www.lwbv.de\/lwbv\/wp-json\/wp\/v2\/users\/8"}],"replies":[{"embeddable":true,"href":"https:\/\/www.lwbv.de\/lwbv\/wp-json\/wp\/v2\/comments?post=3135"}],"version-history":[{"count":1,"href":"https:\/\/www.lwbv.de\/lwbv\/wp-json\/wp\/v2\/posts\/3135\/revisions"}],"predecessor-version":[{"id":3136,"href":"https:\/\/www.lwbv.de\/lwbv\/wp-json\/wp\/v2\/posts\/3135\/revisions\/3136"}],"wp:attachment":[{"href":"https:\/\/www.lwbv.de\/lwbv\/wp-json\/wp\/v2\/media?parent=3135"}],"wp:term":[{"taxonomy":"category","embeddable":true,"href":"https:\/\/www.lwbv.de\/lwbv\/wp-json\/wp\/v2\/categories?post=3135"},{"taxonomy":"post_tag","embeddable":true,"href":"https:\/\/www.lwbv.de\/lwbv\/wp-json\/wp\/v2\/tags?post=3135"}],"curies":[{"name":"wp","href":"https:\/\/api.w.org\/{rel}","templated":true}]}}