{"id":3179,"date":"2026-09-03T13:00:05","date_gmt":"2026-09-03T11:00:05","guid":{"rendered":"https:\/\/www.lwbv.de\/lwbv\/?p=3179"},"modified":"2026-09-03T13:00:10","modified_gmt":"2026-09-03T11:00:10","slug":"stellenausschreibung-geschaeftsfuehrer-wbv-mittleres-stoergebiet","status":"publish","type":"post","link":"https:\/\/www.lwbv.de\/lwbv\/2026\/09\/03\/stellenausschreibung-geschaeftsfuehrer-wbv-mittleres-stoergebiet\/","title":{"rendered":"Stellenausschreibung Gesch\u00e4ftsf\u00fchrer &#8211; WBV Mittleres St\u00f6rgebiet"},"content":{"rendered":"\n<p>Der <strong>Wasserbeschaffungsverband \u201eMittleres St\u00f6rgebiet\u201c<\/strong>, eine K\u00f6rperschaft des \u00f6fftl. Rechts, verantwortet die Trinkwasserversorgung f\u00fcr insgesamt 34 Gemeinden in den Kreisen Steinburg und Segeberg. Im Zuge der Nachbesetzung des Stelleninhabers, der zum 31.12.2027 ausscheidet, sucht der Verband <strong>sp\u00e4testens zum 01.07.2027<\/strong> einen<\/p>\n\n\n\n<p class=\"has-text-align-center\"><br><strong>Gesch\u00e4ftsf\u00fchrer (m\/w\/d)<\/strong><\/p>\n\n\n\n<p class=\"has-text-align-left\"><br>Es handelt sich um eine langfristig angelegte Aufgabe im Bereich der Daseinsvorsorge in einer attraktiven l\u00e4ndlichen Region mit \u00e4u\u00dferst guter Anbindung an das st\u00e4dtische Umfeld. Weitere Informationen finden Sie <a href=\"https:\/\/www.lwbv.de\/lwbv\/wp-content\/uploads\/2026\/09\/WBV_Mittleres-Stoergebiet_Stellenausschreibung-GF_Fassung-lang.pdf\" target=\"_blank\" rel=\"noreferrer noopener\">hier<\/a> oder entnehmen Sie gerne unserer <a href=\"http:\/\/www.wbv-brokstedt.de\" target=\"_blank\" rel=\"noreferrer noopener\">Homepage<\/a>. Interessiert? Dann freuen wir uns auf Ihre aussagef\u00e4higen Bewerbungsunterlagen, die Sie uns bitte bis zum <strong>30.09.2026<\/strong> postalisch oder unter <mark style=\"background-color:rgba(0, 0, 0, 0)\" class=\"has-inline-color has-accent-color\">bewerbungen@wbv-brokstedt.de <\/mark>zusenden.<\/p>\n\n\n\n<p>WBV \u201eMittleres St\u00f6rgebiet\u201c<br>Siek 60 <br>24616 Brokstedt<br><br>www.wbv-brokstedt.de<br>Telefon: 04324\/88240-0<\/p>\n","protected":false},"excerpt":{"rendered":"<p>Der Wasserbeschaffungsverband \u201eMittleres St\u00f6rgebiet\u201c, eine K\u00f6rperschaft des \u00f6fftl. Rechts, verantwortet die Trinkwasserversorgung f\u00fcr insgesamt 34 Gemeinden in den Kreisen Steinburg und Segeberg. Im Zuge der Nachbesetzung des Stelleninhabers, der zum 31.12.2027 ausscheidet, sucht der Verband sp\u00e4testens zum 01.07.2027 einen Gesch\u00e4ftsf\u00fchrer (m\/w\/d) Es handelt sich um eine langfristig angelegte Aufgabe im Bereich der Daseinsvorsorge in einer&hellip;<\/p>\n","protected":false},"author":8,"featured_media":0,"comment_status":"closed","ping_status":"closed","sticky":false,"template":"","format":"standard","meta":{"footnotes":""},"categories":[1],"tags":[],"yoast_head":"<!-- This site is optimized with the Yoast SEO plugin v22.8 - https:\/\/yoast.com\/wordpress\/plugins\/seo\/ -->\n<title>Stellenausschreibung Gesch\u00e4ftsf\u00fchrer - WBV Mittleres St\u00f6rgebiet - Landesverband der Wasser- und Bodenverb\u00e4nde<\/title>\n<meta name=\"robots\" content=\"index, follow, max-snippet:-1, max-image-preview:large, max-video-preview:-1\" \/>\n<link rel=\"canonical\" href=\"https:\/\/www.lwbv.de\/lwbv\/2026\/09\/03\/stellenausschreibung-geschaeftsfuehrer-wbv-mittleres-stoergebiet\/\" \/>\n<meta property=\"og:locale\" content=\"de_DE\" \/>\n<meta property=\"og:type\" content=\"article\" \/>\n<meta property=\"og:title\" content=\"Stellenausschreibung Gesch\u00e4ftsf\u00fchrer - WBV Mittleres St\u00f6rgebiet - Landesverband der Wasser- und Bodenverb\u00e4nde\" \/>\n<meta property=\"og:description\" content=\"Der Wasserbeschaffungsverband \u201eMittleres St\u00f6rgebiet\u201c, eine K\u00f6rperschaft des \u00f6fftl. Rechts, verantwortet die Trinkwasserversorgung f\u00fcr insgesamt 34 Gemeinden in den Kreisen Steinburg und Segeberg. Im Zuge der Nachbesetzung des Stelleninhabers, der zum 31.12.2027 ausscheidet, sucht der Verband sp\u00e4testens zum 01.07.2027 einen Gesch\u00e4ftsf\u00fchrer (m\/w\/d) Es handelt sich um eine langfristig angelegte Aufgabe im Bereich der Daseinsvorsorge in einer&hellip;\" \/>\n<meta property=\"og:url\" content=\"https:\/\/www.lwbv.de\/lwbv\/2026\/09\/03\/stellenausschreibung-geschaeftsfuehrer-wbv-mittleres-stoergebiet\/\" \/>\n<meta property=\"og:site_name\" content=\"Landesverband der Wasser- und Bodenverb\u00e4nde\" \/>\n<meta property=\"article:published_time\" content=\"2026-09-03T11:00:05+00:00\" \/>\n<meta property=\"article:modified_time\" content=\"2026-09-03T11:00:10+00:00\" \/>\n<meta name=\"author\" content=\"Mathias Rohde\" \/>\n<meta name=\"twitter:card\" content=\"summary_large_image\" \/>\n<meta name=\"twitter:label1\" content=\"Verfasst von\" \/>\n\t<meta name=\"twitter:data1\" content=\"Mathias Rohde\" \/>\n\t<meta name=\"twitter:label2\" content=\"Gesch\u00e4tzte Lesezeit\" \/>\n\t<meta name=\"twitter:data2\" content=\"1\u00a0Minute\" \/>\n<script type=\"application\/ld+json\" class=\"yoast-schema-graph\">{\"@context\":\"https:\/\/schema.org\",\"@graph\":[{\"@type\":\"WebPage\",\"@id\":\"https:\/\/www.lwbv.de\/lwbv\/2026\/09\/03\/stellenausschreibung-geschaeftsfuehrer-wbv-mittleres-stoergebiet\/\",\"url\":\"https:\/\/www.lwbv.de\/lwbv\/2026\/09\/03\/stellenausschreibung-geschaeftsfuehrer-wbv-mittleres-stoergebiet\/\",\"name\":\"Stellenausschreibung Gesch\u00e4ftsf\u00fchrer - WBV Mittleres St\u00f6rgebiet - Landesverband der Wasser- und Bodenverb\u00e4nde\",\"isPartOf\":{\"@id\":\"https:\/\/www.lwbv.de\/lwbv\/#website\"},\"datePublished\":\"2026-09-03T11:00:05+00:00\",\"dateModified\":\"2026-09-03T11:00:10+00:00\",\"author\":{\"@id\":\"https:\/\/www.lwbv.de\/lwbv\/#\/schema\/person\/c84b80400063ec44d5d032bfcc721479\"},\"breadcrumb\":{\"@id\":\"https:\/\/www.lwbv.de\/lwbv\/2026\/09\/03\/stellenausschreibung-geschaeftsfuehrer-wbv-mittleres-stoergebiet\/#breadcrumb\"},\"inLanguage\":\"de\",\"potentialAction\":[{\"@type\":\"ReadAction\",\"target\":[\"https:\/\/www.lwbv.de\/lwbv\/2026\/09\/03\/stellenausschreibung-geschaeftsfuehrer-wbv-mittleres-stoergebiet\/\"]}]},{\"@type\":\"BreadcrumbList\",\"@id\":\"https:\/\/www.lwbv.de\/lwbv\/2026\/09\/03\/stellenausschreibung-geschaeftsfuehrer-wbv-mittleres-stoergebiet\/#breadcrumb\",\"itemListElement\":[{\"@type\":\"ListItem\",\"position\":1,\"name\":\"Startseite\",\"item\":\"https:\/\/www.lwbv.de\/lwbv\/\"},{\"@type\":\"ListItem\",\"position\":2,\"name\":\"Stellenausschreibung Gesch\u00e4ftsf\u00fchrer &#8211; WBV Mittleres St\u00f6rgebiet\"}]},{\"@type\":\"WebSite\",\"@id\":\"https:\/\/www.lwbv.de\/lwbv\/#website\",\"url\":\"https:\/\/www.lwbv.de\/lwbv\/\",\"name\":\"Landesverband der Wasser- und Bodenverb\u00e4nde\",\"description\":\"\",\"potentialAction\":[{\"@type\":\"SearchAction\",\"target\":{\"@type\":\"EntryPoint\",\"urlTemplate\":\"https:\/\/www.lwbv.de\/lwbv\/?s={search_term_string}\"},\"query-input\":\"required name=search_term_string\"}],\"inLanguage\":\"de\"},{\"@type\":\"Person\",\"@id\":\"https:\/\/www.lwbv.de\/lwbv\/#\/schema\/person\/c84b80400063ec44d5d032bfcc721479\",\"name\":\"Mathias Rohde\",\"image\":{\"@type\":\"ImageObject\",\"inLanguage\":\"de\",\"@id\":\"https:\/\/www.lwbv.de\/lwbv\/#\/schema\/person\/image\/\",\"url\":\"https:\/\/secure.gravatar.com\/avatar\/4d4c1af21e80fc716c0998ed0a17f0e3?s=96&d=mm&r=g\",\"contentUrl\":\"https:\/\/secure.gravatar.com\/avatar\/4d4c1af21e80fc716c0998ed0a17f0e3?s=96&d=mm&r=g\",\"caption\":\"Mathias Rohde\"}}]}<\/script>\n<!-- \/ Yoast SEO plugin. -->","yoast_head_json":{"title":"Stellenausschreibung Gesch\u00e4ftsf\u00fchrer - WBV Mittleres St\u00f6rgebiet - Landesverband der Wasser- und Bodenverb\u00e4nde","robots":{"index":"index","follow":"follow","max-snippet":"max-snippet:-1","max-image-preview":"max-image-preview:large","max-video-preview":"max-video-preview:-1"},"canonical":"https:\/\/www.lwbv.de\/lwbv\/2026\/09\/03\/stellenausschreibung-geschaeftsfuehrer-wbv-mittleres-stoergebiet\/","og_locale":"de_DE","og_type":"article","og_title":"Stellenausschreibung Gesch\u00e4ftsf\u00fchrer - WBV Mittleres St\u00f6rgebiet - Landesverband der Wasser- und Bodenverb\u00e4nde","og_description":"Der Wasserbeschaffungsverband \u201eMittleres St\u00f6rgebiet\u201c, eine K\u00f6rperschaft des \u00f6fftl. Rechts, verantwortet die Trinkwasserversorgung f\u00fcr insgesamt 34 Gemeinden in den Kreisen Steinburg und Segeberg. Im Zuge der Nachbesetzung des Stelleninhabers, der zum 31.12.2027 ausscheidet, sucht der Verband sp\u00e4testens zum 01.07.2027 einen Gesch\u00e4ftsf\u00fchrer (m\/w\/d) Es handelt sich um eine langfristig angelegte Aufgabe im Bereich der Daseinsvorsorge in einer&hellip;","og_url":"https:\/\/www.lwbv.de\/lwbv\/2026\/09\/03\/stellenausschreibung-geschaeftsfuehrer-wbv-mittleres-stoergebiet\/","og_site_name":"Landesverband der Wasser- und Bodenverb\u00e4nde","article_published_time":"2026-09-03T11:00:05+00:00","article_modified_time":"2026-09-03T11:00:10+00:00","author":"Mathias Rohde","twitter_card":"summary_large_image","twitter_misc":{"Verfasst von":"Mathias Rohde","Gesch\u00e4tzte Lesezeit":"1\u00a0Minute"},"schema":{"@context":"https:\/\/schema.org","@graph":[{"@type":"WebPage","@id":"https:\/\/www.lwbv.de\/lwbv\/2026\/09\/03\/stellenausschreibung-geschaeftsfuehrer-wbv-mittleres-stoergebiet\/","url":"https:\/\/www.lwbv.de\/lwbv\/2026\/09\/03\/stellenausschreibung-geschaeftsfuehrer-wbv-mittleres-stoergebiet\/","name":"Stellenausschreibung Gesch\u00e4ftsf\u00fchrer - WBV Mittleres St\u00f6rgebiet - Landesverband der Wasser- und Bodenverb\u00e4nde","isPartOf":{"@id":"https:\/\/www.lwbv.de\/lwbv\/#website"},"datePublished":"2026-09-03T11:00:05+00:00","dateModified":"2026-09-03T11:00:10+00:00","author":{"@id":"https:\/\/www.lwbv.de\/lwbv\/#\/schema\/person\/c84b80400063ec44d5d032bfcc721479"},"breadcrumb":{"@id":"https:\/\/www.lwbv.de\/lwbv\/2026\/09\/03\/stellenausschreibung-geschaeftsfuehrer-wbv-mittleres-stoergebiet\/#breadcrumb"},"inLanguage":"de","potentialAction":[{"@type":"ReadAction","target":["https:\/\/www.lwbv.de\/lwbv\/2026\/09\/03\/stellenausschreibung-geschaeftsfuehrer-wbv-mittleres-stoergebiet\/"]}]},{"@type":"BreadcrumbList","@id":"https:\/\/www.lwbv.de\/lwbv\/2026\/09\/03\/stellenausschreibung-geschaeftsfuehrer-wbv-mittleres-stoergebiet\/#breadcrumb","itemListElement":[{"@type":"ListItem","position":1,"name":"Startseite","item":"https:\/\/www.lwbv.de\/lwbv\/"},{"@type":"ListItem","position":2,"name":"Stellenausschreibung Gesch\u00e4ftsf\u00fchrer &#8211; WBV Mittleres St\u00f6rgebiet"}]},{"@type":"WebSite","@id":"https:\/\/www.lwbv.de\/lwbv\/#website","url":"https:\/\/www.lwbv.de\/lwbv\/","name":"Landesverband der Wasser- und Bodenverb\u00e4nde","description":"","potentialAction":[{"@type":"SearchAction","target":{"@type":"EntryPoint","urlTemplate":"https:\/\/www.lwbv.de\/lwbv\/?s={search_term_string}"},"query-input":"required name=search_term_string"}],"inLanguage":"de"},{"@type":"Person","@id":"https:\/\/www.lwbv.de\/lwbv\/#\/schema\/person\/c84b80400063ec44d5d032bfcc721479","name":"Mathias Rohde","image":{"@type":"ImageObject","inLanguage":"de","@id":"https:\/\/www.lwbv.de\/lwbv\/#\/schema\/person\/image\/","url":"https:\/\/secure.gravatar.com\/avatar\/4d4c1af21e80fc716c0998ed0a17f0e3?s=96&d=mm&r=g","contentUrl":"https:\/\/secure.gravatar.com\/avatar\/4d4c1af21e80fc716c0998ed0a17f0e3?s=96&d=mm&r=g","caption":"Mathias Rohde"}}]}},"_links":{"self":[{"href":"https:\/\/www.lwbv.de\/lwbv\/wp-json\/wp\/v2\/posts\/3179"}],"collection":[{"href":"https:\/\/www.lwbv.de\/lwbv\/wp-json\/wp\/v2\/posts"}],"about":[{"href":"https:\/\/www.lwbv.de\/lwbv\/wp-json\/wp\/v2\/types\/post"}],"author":[{"embeddable":true,"href":"https:\/\/www.lwbv.de\/lwbv\/wp-json\/wp\/v2\/users\/8"}],"replies":[{"embeddable":true,"href":"https:\/\/www.lwbv.de\/lwbv\/wp-json\/wp\/v2\/comments?post=3179"}],"version-history":[{"count":2,"href":"https:\/\/www.lwbv.de\/lwbv\/wp-json\/wp\/v2\/posts\/3179\/revisions"}],"predecessor-version":[{"id":3182,"href":"https:\/\/www.lwbv.de\/lwbv\/wp-json\/wp\/v2\/posts\/3179\/revisions\/3182"}],"wp:attachment":[{"href":"https:\/\/www.lwbv.de\/lwbv\/wp-json\/wp\/v2\/media?parent=3179"}],"wp:term":[{"taxonomy":"category","embeddable":true,"href":"https:\/\/www.lwbv.de\/lwbv\/wp-json\/wp\/v2\/categories?post=3179"},{"taxonomy":"post_tag","embeddable":true,"href":"https:\/\/www.lwbv.de\/lwbv\/wp-json\/wp\/v2\/tags?post=3179"}],"curies":[{"name":"wp","href":"https:\/\/api.w.org\/{rel}","templated":true}]}}