{"id":405,"date":"2018-07-05T14:10:36","date_gmt":"2018-07-05T12:10:36","guid":{"rendered":"http:\/\/lwbv.de.lot\/?p=405"},"modified":"2019-11-14T10:52:12","modified_gmt":"2019-11-14T09:52:12","slug":"wbv-neustaedter-binnenwasser-es-ist-eine-tolle-sache-geworden","status":"publish","type":"post","link":"https:\/\/www.lwbv.de\/lwbv\/dbvw\/pro-gewaesser\/wbv-neustaedter-binnenwasser-es-ist-eine-tolle-sache-geworden\/","title":{"rendered":"WBV Neust\u00e4dter Binnenwasser: &#8222;Es ist eine tolle Sache geworden&#8220;"},"content":{"rendered":"<div class=\"wpb-content-wrapper\"><p>[vc_row][vc_column][vc_column_text]<\/p>\n<h1 style=\"text-align: left;\">WBV Neust\u00e4dter Binnenwasser:<br \/>\n&#8222;Es ist eine tolle Sache geworden&#8220;<\/h1>\n<p>[\/vc_column_text][vc_single_image image=&#8220;407&#8243; img_size=&#8220;full&#8220;][vc_column_text]<strong>\u201eEs ist eine tolle Sache geworden&#8220;<\/strong><\/p>\n<p>Zahlreiche G\u00e4ste folgten der Einladung des WBV Neust\u00e4dter Binnenwasser am 18.9.2014, um die Entwicklung des vor einem Jahr naturnah umgestalteten Teilst\u00fccks der Kremper Au mit Sandfang und Sohlgleite zu besichtigen, welches damals mit den Mitteln der EG-Wasserrahmenrichtlinie realisiert wurde. Der\u00a0Verbandsvorsteher Thorsten Lorenzen begr\u00fc\u00dfte seine G\u00e4ste sehr herzlich, darunter Frau Holm (LLUR), Herrn Kuberski (LKN, Kiel), Herrn Gauger (Neust\u00e4dter Anglerverein), Herrn Morgenroth und die Biologin Frau Stiller mit ihren Schulungsteilnehmern.<\/p>\n<p>&nbsp;<\/p>\n<p>Herr Lorenzen erl\u00e4uterte, dass die Kremper Au durch die Renaturierungsma\u00dfnahmen nun auch in trockenen Sommern zu jeder Zeit Wasser f\u00fchre, was Flora und Fauna sehr zugute komme. Um die vom Land geforderte schonende Gew\u00e4sserunterhaltung einzuf\u00fchren, habe der Wasser- und Bodenverband das Teilst\u00fcck der Kremper Au vom Sandfang bis zum Binnenwasser als besondere Modellstecke f\u00fcr Dokumentationen zur Verf\u00fcgung gestellt.<\/p>\n<p>&nbsp;<\/p>\n<p>Bei dem anschlie\u00dfenden Rundgang konnten die G\u00e4ste sich davon \u00fcberzeugen, wie schnell sich die Natur einen angemessen umstrukturierten Lebenraum wieder zur\u00fcck erobern konnte. Zahlreiche neue Uferpflanzen, Klein- und Kleinstlebewesen haben sich entlang der Sohlgleite und dem Sandfang mit Umlaufgerinne angesiedelt: Mit Hilfe von Frau Stiller und ihren Kollegen konnten sie im Rahmen der hier stattfindenden Fortbildungsveranstaltung zur schonenen Gew\u00e4sserunterhaltung in Schleswig-Holstein bestimmt werden: Forellen, Stichlinge, Wasserwanzen, -schnecken, -asseln und -k\u00e4fer, Strudelw\u00fcrmer und viele mehr. Ein Eisvogel flog vor\u00fcber. \u201eDas ist der Beweis&#8220; rief Herr Lorenzen erfreut.<\/p>\n<p><strong>Mehr Informationen unter dem Eintrag vom 04.10.2013<\/strong>[\/vc_column_text][\/vc_column][\/vc_row]<\/p>\n<\/div>","protected":false},"excerpt":{"rendered":"<p>[vc_row][vc_column][vc_column_text] WBV Neust\u00e4dter Binnenwasser: &#8222;Es ist eine tolle Sache geworden&#8220; [\/vc_column_text][vc_single_image image=&#8220;407&#8243; img_size=&#8220;full&#8220;][vc_column_text]\u201eEs ist eine tolle Sache geworden&#8220; Zahlreiche G\u00e4ste folgten der Einladung des WBV Neust\u00e4dter Binnenwasser am 18.9.2014, um die Entwicklung des vor einem Jahr naturnah umgestalteten Teilst\u00fccks der Kremper Au mit Sandfang und Sohlgleite zu besichtigen, welches damals mit den Mitteln der EG-Wasserrahmenrichtlinie&hellip;<\/p>\n","protected":false},"author":3,"featured_media":407,"comment_status":"closed","ping_status":"open","sticky":false,"template":"","format":"standard","meta":{"footnotes":""},"categories":[18],"tags":[],"yoast_head":"<!-- This site is optimized with the Yoast SEO plugin v22.8 - https:\/\/yoast.com\/wordpress\/plugins\/seo\/ -->\n<title>WBV Neust\u00e4dter Binnenwasser: &quot;Es ist eine tolle Sache geworden&quot; - Landesverband der Wasser- und Bodenverb\u00e4nde<\/title>\n<meta name=\"robots\" content=\"index, follow, max-snippet:-1, max-image-preview:large, max-video-preview:-1\" \/>\n<link rel=\"canonical\" href=\"https:\/\/www.lwbv.de\/lwbv\/dbvw\/pro-gewaesser\/wbv-neustaedter-binnenwasser-es-ist-eine-tolle-sache-geworden\/\" \/>\n<meta property=\"og:locale\" content=\"de_DE\" \/>\n<meta property=\"og:type\" content=\"article\" \/>\n<meta property=\"og:title\" content=\"WBV Neust\u00e4dter Binnenwasser: &quot;Es ist eine tolle Sache geworden&quot; - Landesverband der Wasser- und Bodenverb\u00e4nde\" \/>\n<meta property=\"og:description\" content=\"[vc_row][vc_column][vc_column_text] WBV Neust\u00e4dter Binnenwasser: &#8222;Es ist eine tolle Sache geworden&#8220; [\/vc_column_text][vc_single_image image=&#8220;407&#8243; img_size=&#8220;full&#8220;][vc_column_text]\u201eEs ist eine tolle Sache geworden&#8220; Zahlreiche G\u00e4ste folgten der Einladung des WBV Neust\u00e4dter Binnenwasser am 18.9.2014, um die Entwicklung des vor einem Jahr naturnah umgestalteten Teilst\u00fccks der Kremper Au mit Sandfang und Sohlgleite zu besichtigen, welches damals mit den Mitteln der EG-Wasserrahmenrichtlinie&hellip;\" \/>\n<meta property=\"og:url\" content=\"https:\/\/www.lwbv.de\/lwbv\/dbvw\/pro-gewaesser\/wbv-neustaedter-binnenwasser-es-ist-eine-tolle-sache-geworden\/\" \/>\n<meta property=\"og:site_name\" content=\"Landesverband der Wasser- und Bodenverb\u00e4nde\" \/>\n<meta property=\"article:published_time\" content=\"2018-07-05T12:10:36+00:00\" \/>\n<meta property=\"article:modified_time\" content=\"2019-11-14T09:52:12+00:00\" \/>\n<meta property=\"og:image\" content=\"https:\/\/www.lwbv.de\/lwbv\/wp-content\/uploads\/2018\/07\/1_Aktu_Sandfang2_140918.jpg\" \/>\n\t<meta property=\"og:image:width\" content=\"704\" \/>\n\t<meta property=\"og:image:height\" content=\"330\" \/>\n\t<meta property=\"og:image:type\" content=\"image\/jpeg\" \/>\n<meta name=\"author\" content=\"wigital-lm\" \/>\n<meta name=\"twitter:card\" content=\"summary_large_image\" \/>\n<meta name=\"twitter:label1\" content=\"Verfasst von\" \/>\n\t<meta name=\"twitter:data1\" content=\"wigital-lm\" \/>\n\t<meta name=\"twitter:label2\" content=\"Gesch\u00e4tzte Lesezeit\" \/>\n\t<meta name=\"twitter:data2\" content=\"1\u00a0Minute\" \/>\n<script type=\"application\/ld+json\" class=\"yoast-schema-graph\">{\"@context\":\"https:\/\/schema.org\",\"@graph\":[{\"@type\":\"WebPage\",\"@id\":\"https:\/\/www.lwbv.de\/lwbv\/dbvw\/pro-gewaesser\/wbv-neustaedter-binnenwasser-es-ist-eine-tolle-sache-geworden\/\",\"url\":\"https:\/\/www.lwbv.de\/lwbv\/dbvw\/pro-gewaesser\/wbv-neustaedter-binnenwasser-es-ist-eine-tolle-sache-geworden\/\",\"name\":\"WBV Neust\u00e4dter Binnenwasser: \\\"Es ist eine tolle Sache geworden\\\" - Landesverband der Wasser- und Bodenverb\u00e4nde\",\"isPartOf\":{\"@id\":\"https:\/\/www.lwbv.de\/lwbv\/#website\"},\"primaryImageOfPage\":{\"@id\":\"https:\/\/www.lwbv.de\/lwbv\/dbvw\/pro-gewaesser\/wbv-neustaedter-binnenwasser-es-ist-eine-tolle-sache-geworden\/#primaryimage\"},\"image\":{\"@id\":\"https:\/\/www.lwbv.de\/lwbv\/dbvw\/pro-gewaesser\/wbv-neustaedter-binnenwasser-es-ist-eine-tolle-sache-geworden\/#primaryimage\"},\"thumbnailUrl\":\"https:\/\/www.lwbv.de\/lwbv\/wp-content\/uploads\/2018\/07\/1_Aktu_Sandfang2_140918.jpg\",\"datePublished\":\"2018-07-05T12:10:36+00:00\",\"dateModified\":\"2019-11-14T09:52:12+00:00\",\"author\":{\"@id\":\"https:\/\/www.lwbv.de\/lwbv\/#\/schema\/person\/e98d340a139d88ad8a3cb3ce9b2e975b\"},\"breadcrumb\":{\"@id\":\"https:\/\/www.lwbv.de\/lwbv\/dbvw\/pro-gewaesser\/wbv-neustaedter-binnenwasser-es-ist-eine-tolle-sache-geworden\/#breadcrumb\"},\"inLanguage\":\"de\",\"potentialAction\":[{\"@type\":\"ReadAction\",\"target\":[\"https:\/\/www.lwbv.de\/lwbv\/dbvw\/pro-gewaesser\/wbv-neustaedter-binnenwasser-es-ist-eine-tolle-sache-geworden\/\"]}]},{\"@type\":\"ImageObject\",\"inLanguage\":\"de\",\"@id\":\"https:\/\/www.lwbv.de\/lwbv\/dbvw\/pro-gewaesser\/wbv-neustaedter-binnenwasser-es-ist-eine-tolle-sache-geworden\/#primaryimage\",\"url\":\"https:\/\/www.lwbv.de\/lwbv\/wp-content\/uploads\/2018\/07\/1_Aktu_Sandfang2_140918.jpg\",\"contentUrl\":\"https:\/\/www.lwbv.de\/lwbv\/wp-content\/uploads\/2018\/07\/1_Aktu_Sandfang2_140918.jpg\",\"width\":704,\"height\":330,\"caption\":\"Pro Gew\u00e4sser - Nach nur einem Jahr: erfreulich positive Entwicklung der Flora und Fauna an der Kremper Au - Landesverband der Wasser- und Bodenverb\u00e4nde\"},{\"@type\":\"BreadcrumbList\",\"@id\":\"https:\/\/www.lwbv.de\/lwbv\/dbvw\/pro-gewaesser\/wbv-neustaedter-binnenwasser-es-ist-eine-tolle-sache-geworden\/#breadcrumb\",\"itemListElement\":[{\"@type\":\"ListItem\",\"position\":1,\"name\":\"Startseite\",\"item\":\"https:\/\/www.lwbv.de\/lwbv\/\"},{\"@type\":\"ListItem\",\"position\":2,\"name\":\"WBV Neust\u00e4dter Binnenwasser: &#8222;Es ist eine tolle Sache geworden&#8220;\"}]},{\"@type\":\"WebSite\",\"@id\":\"https:\/\/www.lwbv.de\/lwbv\/#website\",\"url\":\"https:\/\/www.lwbv.de\/lwbv\/\",\"name\":\"Landesverband der Wasser- und Bodenverb\u00e4nde\",\"description\":\"\",\"potentialAction\":[{\"@type\":\"SearchAction\",\"target\":{\"@type\":\"EntryPoint\",\"urlTemplate\":\"https:\/\/www.lwbv.de\/lwbv\/?s={search_term_string}\"},\"query-input\":\"required name=search_term_string\"}],\"inLanguage\":\"de\"},{\"@type\":\"Person\",\"@id\":\"https:\/\/www.lwbv.de\/lwbv\/#\/schema\/person\/e98d340a139d88ad8a3cb3ce9b2e975b\",\"name\":\"wigital-lm\",\"image\":{\"@type\":\"ImageObject\",\"inLanguage\":\"de\",\"@id\":\"https:\/\/www.lwbv.de\/lwbv\/#\/schema\/person\/image\/\",\"url\":\"https:\/\/secure.gravatar.com\/avatar\/df225520e2f85168e143c290ac883700?s=96&d=mm&r=g\",\"contentUrl\":\"https:\/\/secure.gravatar.com\/avatar\/df225520e2f85168e143c290ac883700?s=96&d=mm&r=g\",\"caption\":\"wigital-lm\"}}]}<\/script>\n<!-- \/ Yoast SEO plugin. -->","yoast_head_json":{"title":"WBV Neust\u00e4dter Binnenwasser: \"Es ist eine tolle Sache geworden\" - Landesverband der Wasser- und Bodenverb\u00e4nde","robots":{"index":"index","follow":"follow","max-snippet":"max-snippet:-1","max-image-preview":"max-image-preview:large","max-video-preview":"max-video-preview:-1"},"canonical":"https:\/\/www.lwbv.de\/lwbv\/dbvw\/pro-gewaesser\/wbv-neustaedter-binnenwasser-es-ist-eine-tolle-sache-geworden\/","og_locale":"de_DE","og_type":"article","og_title":"WBV Neust\u00e4dter Binnenwasser: \"Es ist eine tolle Sache geworden\" - Landesverband der Wasser- und Bodenverb\u00e4nde","og_description":"[vc_row][vc_column][vc_column_text] WBV Neust\u00e4dter Binnenwasser: &#8222;Es ist eine tolle Sache geworden&#8220; [\/vc_column_text][vc_single_image image=&#8220;407&#8243; img_size=&#8220;full&#8220;][vc_column_text]\u201eEs ist eine tolle Sache geworden&#8220; Zahlreiche G\u00e4ste folgten der Einladung des WBV Neust\u00e4dter Binnenwasser am 18.9.2014, um die Entwicklung des vor einem Jahr naturnah umgestalteten Teilst\u00fccks der Kremper Au mit Sandfang und Sohlgleite zu besichtigen, welches damals mit den Mitteln der EG-Wasserrahmenrichtlinie&hellip;","og_url":"https:\/\/www.lwbv.de\/lwbv\/dbvw\/pro-gewaesser\/wbv-neustaedter-binnenwasser-es-ist-eine-tolle-sache-geworden\/","og_site_name":"Landesverband der Wasser- und Bodenverb\u00e4nde","article_published_time":"2018-07-05T12:10:36+00:00","article_modified_time":"2019-11-14T09:52:12+00:00","og_image":[{"width":704,"height":330,"url":"https:\/\/www.lwbv.de\/lwbv\/wp-content\/uploads\/2018\/07\/1_Aktu_Sandfang2_140918.jpg","type":"image\/jpeg"}],"author":"wigital-lm","twitter_card":"summary_large_image","twitter_misc":{"Verfasst von":"wigital-lm","Gesch\u00e4tzte Lesezeit":"1\u00a0Minute"},"schema":{"@context":"https:\/\/schema.org","@graph":[{"@type":"WebPage","@id":"https:\/\/www.lwbv.de\/lwbv\/dbvw\/pro-gewaesser\/wbv-neustaedter-binnenwasser-es-ist-eine-tolle-sache-geworden\/","url":"https:\/\/www.lwbv.de\/lwbv\/dbvw\/pro-gewaesser\/wbv-neustaedter-binnenwasser-es-ist-eine-tolle-sache-geworden\/","name":"WBV Neust\u00e4dter Binnenwasser: \"Es ist eine tolle Sache geworden\" - Landesverband der Wasser- und Bodenverb\u00e4nde","isPartOf":{"@id":"https:\/\/www.lwbv.de\/lwbv\/#website"},"primaryImageOfPage":{"@id":"https:\/\/www.lwbv.de\/lwbv\/dbvw\/pro-gewaesser\/wbv-neustaedter-binnenwasser-es-ist-eine-tolle-sache-geworden\/#primaryimage"},"image":{"@id":"https:\/\/www.lwbv.de\/lwbv\/dbvw\/pro-gewaesser\/wbv-neustaedter-binnenwasser-es-ist-eine-tolle-sache-geworden\/#primaryimage"},"thumbnailUrl":"https:\/\/www.lwbv.de\/lwbv\/wp-content\/uploads\/2018\/07\/1_Aktu_Sandfang2_140918.jpg","datePublished":"2018-07-05T12:10:36+00:00","dateModified":"2019-11-14T09:52:12+00:00","author":{"@id":"https:\/\/www.lwbv.de\/lwbv\/#\/schema\/person\/e98d340a139d88ad8a3cb3ce9b2e975b"},"breadcrumb":{"@id":"https:\/\/www.lwbv.de\/lwbv\/dbvw\/pro-gewaesser\/wbv-neustaedter-binnenwasser-es-ist-eine-tolle-sache-geworden\/#breadcrumb"},"inLanguage":"de","potentialAction":[{"@type":"ReadAction","target":["https:\/\/www.lwbv.de\/lwbv\/dbvw\/pro-gewaesser\/wbv-neustaedter-binnenwasser-es-ist-eine-tolle-sache-geworden\/"]}]},{"@type":"ImageObject","inLanguage":"de","@id":"https:\/\/www.lwbv.de\/lwbv\/dbvw\/pro-gewaesser\/wbv-neustaedter-binnenwasser-es-ist-eine-tolle-sache-geworden\/#primaryimage","url":"https:\/\/www.lwbv.de\/lwbv\/wp-content\/uploads\/2018\/07\/1_Aktu_Sandfang2_140918.jpg","contentUrl":"https:\/\/www.lwbv.de\/lwbv\/wp-content\/uploads\/2018\/07\/1_Aktu_Sandfang2_140918.jpg","width":704,"height":330,"caption":"Pro Gew\u00e4sser - Nach nur einem Jahr: erfreulich positive Entwicklung der Flora und Fauna an der Kremper Au - Landesverband der Wasser- und Bodenverb\u00e4nde"},{"@type":"BreadcrumbList","@id":"https:\/\/www.lwbv.de\/lwbv\/dbvw\/pro-gewaesser\/wbv-neustaedter-binnenwasser-es-ist-eine-tolle-sache-geworden\/#breadcrumb","itemListElement":[{"@type":"ListItem","position":1,"name":"Startseite","item":"https:\/\/www.lwbv.de\/lwbv\/"},{"@type":"ListItem","position":2,"name":"WBV Neust\u00e4dter Binnenwasser: &#8222;Es ist eine tolle Sache geworden&#8220;"}]},{"@type":"WebSite","@id":"https:\/\/www.lwbv.de\/lwbv\/#website","url":"https:\/\/www.lwbv.de\/lwbv\/","name":"Landesverband der Wasser- und Bodenverb\u00e4nde","description":"","potentialAction":[{"@type":"SearchAction","target":{"@type":"EntryPoint","urlTemplate":"https:\/\/www.lwbv.de\/lwbv\/?s={search_term_string}"},"query-input":"required name=search_term_string"}],"inLanguage":"de"},{"@type":"Person","@id":"https:\/\/www.lwbv.de\/lwbv\/#\/schema\/person\/e98d340a139d88ad8a3cb3ce9b2e975b","name":"wigital-lm","image":{"@type":"ImageObject","inLanguage":"de","@id":"https:\/\/www.lwbv.de\/lwbv\/#\/schema\/person\/image\/","url":"https:\/\/secure.gravatar.com\/avatar\/df225520e2f85168e143c290ac883700?s=96&d=mm&r=g","contentUrl":"https:\/\/secure.gravatar.com\/avatar\/df225520e2f85168e143c290ac883700?s=96&d=mm&r=g","caption":"wigital-lm"}}]}},"_links":{"self":[{"href":"https:\/\/www.lwbv.de\/lwbv\/wp-json\/wp\/v2\/posts\/405"}],"collection":[{"href":"https:\/\/www.lwbv.de\/lwbv\/wp-json\/wp\/v2\/posts"}],"about":[{"href":"https:\/\/www.lwbv.de\/lwbv\/wp-json\/wp\/v2\/types\/post"}],"author":[{"embeddable":true,"href":"https:\/\/www.lwbv.de\/lwbv\/wp-json\/wp\/v2\/users\/3"}],"replies":[{"embeddable":true,"href":"https:\/\/www.lwbv.de\/lwbv\/wp-json\/wp\/v2\/comments?post=405"}],"version-history":[{"count":7,"href":"https:\/\/www.lwbv.de\/lwbv\/wp-json\/wp\/v2\/posts\/405\/revisions"}],"predecessor-version":[{"id":1343,"href":"https:\/\/www.lwbv.de\/lwbv\/wp-json\/wp\/v2\/posts\/405\/revisions\/1343"}],"wp:featuredmedia":[{"embeddable":true,"href":"https:\/\/www.lwbv.de\/lwbv\/wp-json\/wp\/v2\/media\/407"}],"wp:attachment":[{"href":"https:\/\/www.lwbv.de\/lwbv\/wp-json\/wp\/v2\/media?parent=405"}],"wp:term":[{"taxonomy":"category","embeddable":true,"href":"https:\/\/www.lwbv.de\/lwbv\/wp-json\/wp\/v2\/categories?post=405"},{"taxonomy":"post_tag","embeddable":true,"href":"https:\/\/www.lwbv.de\/lwbv\/wp-json\/wp\/v2\/tags?post=405"}],"curies":[{"name":"wp","href":"https:\/\/api.w.org\/{rel}","templated":true}]}}