{"id":694,"date":"2018-07-06T10:08:44","date_gmt":"2018-07-06T08:08:44","guid":{"rendered":"http:\/\/preview.lwbv.de\/?p=694"},"modified":"2018-09-11T11:40:26","modified_gmt":"2018-09-11T09:40:26","slug":"land-und-verbaende-einigen-sich-auf-verlaengerung-der-zielvereinbarung","status":"publish","type":"post","link":"https:\/\/www.lwbv.de\/lwbv\/verbands-info\/aktuelles\/land-und-verbaende-einigen-sich-auf-verlaengerung-der-zielvereinbarung\/","title":{"rendered":"Land und Verb\u00e4nde einigen sich auf Verl\u00e4ngerung der Zielvereinbarung"},"content":{"rendered":"<h1 style=\"text-align: left;\">Land und Verb\u00e4nde einigen sich auf Verl\u00e4ngerung der Zielvereinbarung<\/h1>\n<p>Landesweit haben sich die Wasser- und Bodenverb\u00e4nde bereit erkl\u00e4rt, die 2014 mit dem Land geschlossene Zielvereinbarung &#8222;Schonende Gew\u00e4sserunterhaltung&#8220; bis 2022 zu verl\u00e4ngern.<\/p>\n<p>Das Land stellt in diesem Jahr erstmals weitere 700.000 \u20ac f\u00fcr die Unterhaltung der mehr als 20.000 km Verbandsgew\u00e4sser zur Verf\u00fcgung, w\u00e4hrend sich die Verb\u00e4nde verpflichten, ihre Unterhaltungskonzepte k\u00fcnftig in digitaler Form zur Verf\u00fcgung zu stellen.<\/p>\n<p>&#8222;Die stetig steigenden Anforderungen an die Wasserwirtschaft sind eine gesamtgesellschaftliche Herausforderung. Die Erh\u00f6hung der Zusch\u00fcsse ist da ein Schritt in die richtige Richtung&#8220;, so Verbandsvorsteher Hans-Heinrich Gloy.<\/p>\n<p>In vier Pilotprojekten, den Bearbeitungsgebieten Miele, Schwartau, Mittellauf St\u00f6r und Bramau ist bereits mit dem Digitalisierungsprozess im Land begonnen worden. \u201eDie Art und Intensit\u00e4t der Gew\u00e4sserunterhaltung hat einen erheblichen Einfluss auf den \u00f6kologischen Zustand und die Entwicklung von Pflanzen- und Tiergesellschaften in unseren Flie\u00dfgew\u00e4ssern. Das bedeutet eine gro\u00dfe Verantwortung f\u00fcr die Wasser- und Bodenverb\u00e4nde in unserem Land. Diese m\u00fcssen nicht nur den Wasserabfluss im Blick haben, sondern auch die nat\u00fcrliche Entwicklung der Gew\u00e4sser f\u00f6rdern\u201c, sagte Umweltminister Robert Habeck.<\/p>\n<p>Die Verb\u00e4nde hatten sich 2014 erstmals im Rahmen einer Zielvereinbarung dazu verpflichtet, Unterhaltungskonzepte f\u00fcr ihre Verbandsgew\u00e4sser aufzustellen und diese mit den unteren Wasserbeh\u00f6rden und den unteren Naturschutzbeh\u00f6rden abzustimmen. Damit konnten die Unterhaltungszusch\u00fcsse f\u00fcr die Verb\u00e4nde bis 2017 an Auflagen zur naturnahen Gew\u00e4sserunterhaltung gekn\u00fcpft und gesichert werden. Nach Aufstellung der Konzepte wurde die Umsetzungsphase von 2015 bis 2017 gemeinsam mit dem Umweltministerium und dem Landesverband der Wasser- und Bodenverb\u00e4nde erfolgreich evaluiert.<\/p>\n<p>Insgesamt wurden 412 Unterhaltungskonzepte aufgestellt. Rund 20.000 Kilometer offene Gew\u00e4sser wurden in die Unterhaltungsklassen \u201ebedarfsorientiert\u201c, \u201eschonend\u201c und \u201eintensiv\u201c eingeteilt. In Schleswig-Holstein werden 31 Prozent aller offenen Gew\u00e4sser gar nicht oder nur noch bedarfsorientiert, 13 Prozent schonend und nur noch 56 Prozent aus wasserwirtschaftlichen Gr\u00fcnden intensiver unterhalten. In den gesch\u00fctzten Bereichen, wie zum Beispiel Naturschutzgebieten, Natura-2000-Gebieten sowie gesetzlich gesch\u00fctzten Biotopen oder Gew\u00e4sserstrecken, in denen gesch\u00fctzte Tier- und Pflanzenarten leben, werden nur noch 24 Prozent intensiv unterhalten. \u201eZiel muss es sein, die Artenvielfalt in den Gew\u00e4ssern zu erhalten beziehungsweise zu f\u00f6rdern und entsprechend Schritte f\u00fcr eine extensivere Gew\u00e4sserunterhaltung umzusetzen\u201c, so Habeck.<\/p>\n<p>Die Ergebnisse der Evaluation sind im Endbericht zur Evaluation der Zielvereinbarung \u201eSchonende Gew\u00e4sserunterhaltung\u201c zusammengefasst und stehen unter <a href=\"https:\/\/www.schleswig-holstein.de\/DE\/Fachinhalte\/F\/fluesse_baeche\/gewaesserunterhaltung.html\" target=\"_blank\" rel=\"noopener\">www.schleswig-holstein.de\/DE\/Fachinhalte\/F\/fluesse_baeche\/gewaesserunterhaltung.html<\/a> zum Herunterladen bereit.<\/p>\n","protected":false},"excerpt":{"rendered":"<p>Land und Verb\u00e4nde einigen sich auf Verl\u00e4ngerung der Zielvereinbarung Landesweit haben sich die Wasser- und Bodenverb\u00e4nde bereit erkl\u00e4rt, die 2014 mit dem Land geschlossene Zielvereinbarung &#8222;Schonende Gew\u00e4sserunterhaltung&#8220; bis 2022 zu verl\u00e4ngern. Das Land stellt in diesem Jahr erstmals weitere 700.000 \u20ac f\u00fcr die Unterhaltung der mehr als 20.000 km Verbandsgew\u00e4sser zur Verf\u00fcgung, w\u00e4hrend sich die&hellip;<\/p>\n","protected":false},"author":2,"featured_media":0,"comment_status":"closed","ping_status":"open","sticky":false,"template":"","format":"standard","meta":{"footnotes":""},"categories":[1],"tags":[],"yoast_head":"<!-- This site is optimized with the Yoast SEO plugin v22.8 - https:\/\/yoast.com\/wordpress\/plugins\/seo\/ -->\n<title>Land und Verb\u00e4nde einigen sich auf Verl\u00e4ngerung der Zielvereinbarung - Landesverband der Wasser- und Bodenverb\u00e4nde<\/title>\n<meta name=\"robots\" content=\"index, follow, max-snippet:-1, max-image-preview:large, max-video-preview:-1\" \/>\n<link rel=\"canonical\" href=\"https:\/\/www.lwbv.de\/lwbv\/verbands-info\/aktuelles\/land-und-verbaende-einigen-sich-auf-verlaengerung-der-zielvereinbarung\/\" \/>\n<meta property=\"og:locale\" content=\"de_DE\" \/>\n<meta property=\"og:type\" content=\"article\" \/>\n<meta property=\"og:title\" content=\"Land und Verb\u00e4nde einigen sich auf Verl\u00e4ngerung der Zielvereinbarung - Landesverband der Wasser- und Bodenverb\u00e4nde\" \/>\n<meta property=\"og:description\" content=\"Land und Verb\u00e4nde einigen sich auf Verl\u00e4ngerung der Zielvereinbarung Landesweit haben sich die Wasser- und Bodenverb\u00e4nde bereit erkl\u00e4rt, die 2014 mit dem Land geschlossene Zielvereinbarung &#8222;Schonende Gew\u00e4sserunterhaltung&#8220; bis 2022 zu verl\u00e4ngern. Das Land stellt in diesem Jahr erstmals weitere 700.000 \u20ac f\u00fcr die Unterhaltung der mehr als 20.000 km Verbandsgew\u00e4sser zur Verf\u00fcgung, w\u00e4hrend sich die&hellip;\" \/>\n<meta property=\"og:url\" content=\"https:\/\/www.lwbv.de\/lwbv\/verbands-info\/aktuelles\/land-und-verbaende-einigen-sich-auf-verlaengerung-der-zielvereinbarung\/\" \/>\n<meta property=\"og:site_name\" content=\"Landesverband der Wasser- und Bodenverb\u00e4nde\" \/>\n<meta property=\"article:published_time\" content=\"2018-07-06T08:08:44+00:00\" \/>\n<meta property=\"article:modified_time\" content=\"2018-09-11T09:40:26+00:00\" \/>\n<meta name=\"author\" content=\"wigital-kt\" \/>\n<meta name=\"twitter:card\" content=\"summary_large_image\" \/>\n<meta name=\"twitter:label1\" content=\"Verfasst von\" \/>\n\t<meta name=\"twitter:data1\" content=\"wigital-kt\" \/>\n\t<meta name=\"twitter:label2\" content=\"Gesch\u00e4tzte Lesezeit\" \/>\n\t<meta name=\"twitter:data2\" content=\"2\u00a0Minuten\" \/>\n<script type=\"application\/ld+json\" class=\"yoast-schema-graph\">{\"@context\":\"https:\/\/schema.org\",\"@graph\":[{\"@type\":\"WebPage\",\"@id\":\"https:\/\/www.lwbv.de\/lwbv\/verbands-info\/aktuelles\/land-und-verbaende-einigen-sich-auf-verlaengerung-der-zielvereinbarung\/\",\"url\":\"https:\/\/www.lwbv.de\/lwbv\/verbands-info\/aktuelles\/land-und-verbaende-einigen-sich-auf-verlaengerung-der-zielvereinbarung\/\",\"name\":\"Land und Verb\u00e4nde einigen sich auf Verl\u00e4ngerung der Zielvereinbarung - Landesverband der Wasser- und Bodenverb\u00e4nde\",\"isPartOf\":{\"@id\":\"https:\/\/www.lwbv.de\/lwbv\/#website\"},\"datePublished\":\"2018-07-06T08:08:44+00:00\",\"dateModified\":\"2018-09-11T09:40:26+00:00\",\"author\":{\"@id\":\"https:\/\/www.lwbv.de\/lwbv\/#\/schema\/person\/c813494bf984879872c97014087180f0\"},\"breadcrumb\":{\"@id\":\"https:\/\/www.lwbv.de\/lwbv\/verbands-info\/aktuelles\/land-und-verbaende-einigen-sich-auf-verlaengerung-der-zielvereinbarung\/#breadcrumb\"},\"inLanguage\":\"de\",\"potentialAction\":[{\"@type\":\"ReadAction\",\"target\":[\"https:\/\/www.lwbv.de\/lwbv\/verbands-info\/aktuelles\/land-und-verbaende-einigen-sich-auf-verlaengerung-der-zielvereinbarung\/\"]}]},{\"@type\":\"BreadcrumbList\",\"@id\":\"https:\/\/www.lwbv.de\/lwbv\/verbands-info\/aktuelles\/land-und-verbaende-einigen-sich-auf-verlaengerung-der-zielvereinbarung\/#breadcrumb\",\"itemListElement\":[{\"@type\":\"ListItem\",\"position\":1,\"name\":\"Startseite\",\"item\":\"https:\/\/www.lwbv.de\/lwbv\/\"},{\"@type\":\"ListItem\",\"position\":2,\"name\":\"Land und Verb\u00e4nde einigen sich auf Verl\u00e4ngerung der Zielvereinbarung\"}]},{\"@type\":\"WebSite\",\"@id\":\"https:\/\/www.lwbv.de\/lwbv\/#website\",\"url\":\"https:\/\/www.lwbv.de\/lwbv\/\",\"name\":\"Landesverband der Wasser- und Bodenverb\u00e4nde\",\"description\":\"\",\"potentialAction\":[{\"@type\":\"SearchAction\",\"target\":{\"@type\":\"EntryPoint\",\"urlTemplate\":\"https:\/\/www.lwbv.de\/lwbv\/?s={search_term_string}\"},\"query-input\":\"required name=search_term_string\"}],\"inLanguage\":\"de\"},{\"@type\":\"Person\",\"@id\":\"https:\/\/www.lwbv.de\/lwbv\/#\/schema\/person\/c813494bf984879872c97014087180f0\",\"name\":\"wigital-kt\",\"image\":{\"@type\":\"ImageObject\",\"inLanguage\":\"de\",\"@id\":\"https:\/\/www.lwbv.de\/lwbv\/#\/schema\/person\/image\/\",\"url\":\"https:\/\/secure.gravatar.com\/avatar\/4df265f6a5ebffcce2fdc94f9013052a?s=96&d=mm&r=g\",\"contentUrl\":\"https:\/\/secure.gravatar.com\/avatar\/4df265f6a5ebffcce2fdc94f9013052a?s=96&d=mm&r=g\",\"caption\":\"wigital-kt\"}}]}<\/script>\n<!-- \/ Yoast SEO plugin. -->","yoast_head_json":{"title":"Land und Verb\u00e4nde einigen sich auf Verl\u00e4ngerung der Zielvereinbarung - Landesverband der Wasser- und Bodenverb\u00e4nde","robots":{"index":"index","follow":"follow","max-snippet":"max-snippet:-1","max-image-preview":"max-image-preview:large","max-video-preview":"max-video-preview:-1"},"canonical":"https:\/\/www.lwbv.de\/lwbv\/verbands-info\/aktuelles\/land-und-verbaende-einigen-sich-auf-verlaengerung-der-zielvereinbarung\/","og_locale":"de_DE","og_type":"article","og_title":"Land und Verb\u00e4nde einigen sich auf Verl\u00e4ngerung der Zielvereinbarung - Landesverband der Wasser- und Bodenverb\u00e4nde","og_description":"Land und Verb\u00e4nde einigen sich auf Verl\u00e4ngerung der Zielvereinbarung Landesweit haben sich die Wasser- und Bodenverb\u00e4nde bereit erkl\u00e4rt, die 2014 mit dem Land geschlossene Zielvereinbarung &#8222;Schonende Gew\u00e4sserunterhaltung&#8220; bis 2022 zu verl\u00e4ngern. Das Land stellt in diesem Jahr erstmals weitere 700.000 \u20ac f\u00fcr die Unterhaltung der mehr als 20.000 km Verbandsgew\u00e4sser zur Verf\u00fcgung, w\u00e4hrend sich die&hellip;","og_url":"https:\/\/www.lwbv.de\/lwbv\/verbands-info\/aktuelles\/land-und-verbaende-einigen-sich-auf-verlaengerung-der-zielvereinbarung\/","og_site_name":"Landesverband der Wasser- und Bodenverb\u00e4nde","article_published_time":"2018-07-06T08:08:44+00:00","article_modified_time":"2018-09-11T09:40:26+00:00","author":"wigital-kt","twitter_card":"summary_large_image","twitter_misc":{"Verfasst von":"wigital-kt","Gesch\u00e4tzte Lesezeit":"2\u00a0Minuten"},"schema":{"@context":"https:\/\/schema.org","@graph":[{"@type":"WebPage","@id":"https:\/\/www.lwbv.de\/lwbv\/verbands-info\/aktuelles\/land-und-verbaende-einigen-sich-auf-verlaengerung-der-zielvereinbarung\/","url":"https:\/\/www.lwbv.de\/lwbv\/verbands-info\/aktuelles\/land-und-verbaende-einigen-sich-auf-verlaengerung-der-zielvereinbarung\/","name":"Land und Verb\u00e4nde einigen sich auf Verl\u00e4ngerung der Zielvereinbarung - Landesverband der Wasser- und Bodenverb\u00e4nde","isPartOf":{"@id":"https:\/\/www.lwbv.de\/lwbv\/#website"},"datePublished":"2018-07-06T08:08:44+00:00","dateModified":"2018-09-11T09:40:26+00:00","author":{"@id":"https:\/\/www.lwbv.de\/lwbv\/#\/schema\/person\/c813494bf984879872c97014087180f0"},"breadcrumb":{"@id":"https:\/\/www.lwbv.de\/lwbv\/verbands-info\/aktuelles\/land-und-verbaende-einigen-sich-auf-verlaengerung-der-zielvereinbarung\/#breadcrumb"},"inLanguage":"de","potentialAction":[{"@type":"ReadAction","target":["https:\/\/www.lwbv.de\/lwbv\/verbands-info\/aktuelles\/land-und-verbaende-einigen-sich-auf-verlaengerung-der-zielvereinbarung\/"]}]},{"@type":"BreadcrumbList","@id":"https:\/\/www.lwbv.de\/lwbv\/verbands-info\/aktuelles\/land-und-verbaende-einigen-sich-auf-verlaengerung-der-zielvereinbarung\/#breadcrumb","itemListElement":[{"@type":"ListItem","position":1,"name":"Startseite","item":"https:\/\/www.lwbv.de\/lwbv\/"},{"@type":"ListItem","position":2,"name":"Land und Verb\u00e4nde einigen sich auf Verl\u00e4ngerung der Zielvereinbarung"}]},{"@type":"WebSite","@id":"https:\/\/www.lwbv.de\/lwbv\/#website","url":"https:\/\/www.lwbv.de\/lwbv\/","name":"Landesverband der Wasser- und Bodenverb\u00e4nde","description":"","potentialAction":[{"@type":"SearchAction","target":{"@type":"EntryPoint","urlTemplate":"https:\/\/www.lwbv.de\/lwbv\/?s={search_term_string}"},"query-input":"required name=search_term_string"}],"inLanguage":"de"},{"@type":"Person","@id":"https:\/\/www.lwbv.de\/lwbv\/#\/schema\/person\/c813494bf984879872c97014087180f0","name":"wigital-kt","image":{"@type":"ImageObject","inLanguage":"de","@id":"https:\/\/www.lwbv.de\/lwbv\/#\/schema\/person\/image\/","url":"https:\/\/secure.gravatar.com\/avatar\/4df265f6a5ebffcce2fdc94f9013052a?s=96&d=mm&r=g","contentUrl":"https:\/\/secure.gravatar.com\/avatar\/4df265f6a5ebffcce2fdc94f9013052a?s=96&d=mm&r=g","caption":"wigital-kt"}}]}},"_links":{"self":[{"href":"https:\/\/www.lwbv.de\/lwbv\/wp-json\/wp\/v2\/posts\/694"}],"collection":[{"href":"https:\/\/www.lwbv.de\/lwbv\/wp-json\/wp\/v2\/posts"}],"about":[{"href":"https:\/\/www.lwbv.de\/lwbv\/wp-json\/wp\/v2\/types\/post"}],"author":[{"embeddable":true,"href":"https:\/\/www.lwbv.de\/lwbv\/wp-json\/wp\/v2\/users\/2"}],"replies":[{"embeddable":true,"href":"https:\/\/www.lwbv.de\/lwbv\/wp-json\/wp\/v2\/comments?post=694"}],"version-history":[{"count":4,"href":"https:\/\/www.lwbv.de\/lwbv\/wp-json\/wp\/v2\/posts\/694\/revisions"}],"predecessor-version":[{"id":1022,"href":"https:\/\/www.lwbv.de\/lwbv\/wp-json\/wp\/v2\/posts\/694\/revisions\/1022"}],"wp:attachment":[{"href":"https:\/\/www.lwbv.de\/lwbv\/wp-json\/wp\/v2\/media?parent=694"}],"wp:term":[{"taxonomy":"category","embeddable":true,"href":"https:\/\/www.lwbv.de\/lwbv\/wp-json\/wp\/v2\/categories?post=694"},{"taxonomy":"post_tag","embeddable":true,"href":"https:\/\/www.lwbv.de\/lwbv\/wp-json\/wp\/v2\/tags?post=694"}],"curies":[{"name":"wp","href":"https:\/\/api.w.org\/{rel}","templated":true}]}}