{"id":747,"date":"2011-07-14T11:11:46","date_gmt":"2011-07-14T09:11:46","guid":{"rendered":"https:\/\/www.lwbv.de\/lwbv\/?p=747"},"modified":"2018-09-03T11:17:31","modified_gmt":"2018-09-03T09:17:31","slug":"verbands-informationen-nr-93-erschienen-2-2-2-2-2","status":"publish","type":"post","link":"https:\/\/www.lwbv.de\/lwbv\/2011\/07\/14\/wind_fuer_wasser\/","title":{"rendered":"&#8222;Wind f\u00fcr Wasser&#8220;: Erster Spatenstich f\u00fcr 4 Windkraftanlagen"},"content":{"rendered":"<h1>&#8222;Wind f\u00fcr Wasser&#8220;: Erster Spatenstich f\u00fcr 4 Windkraftanlagen<\/h1>\n<p>Im Beisein von Ministerialdirigent Dietmar Wienholdt sowie zahlreicher Verbandsvertreter erfolgte vor wenigen Tagen der erste Spatenstich f\u00fcr das Projekt &#8222;Wind f\u00fcr Wasser&#8220; durch den Vorsitzenden des Marschenverbandes Hans-Rudolf Heinsohn.<\/p>\n<p><img loading=\"lazy\" decoding=\"async\" class=\"size-full wp-image-748 alignright\" src=\"https:\/\/www.lwbv.de\/lwbv\/wp-content\/uploads\/2018\/09\/14072011153722_karte.jpg\" alt=\"\" width=\"180\" height=\"135\" \/><\/p>\n<p>Nachdem den Verb\u00e4nden durch die \u00c4nderung im Landeswasserverbandsgesetz die M\u00f6glichkeit zur Nutzung regenerativer Energien er\u00f6ffnet worden war, schlossen sich die im Marschenverband vereinigten Wasser- und Bodenverb\u00e4nde zur &#8222;Wind f\u00fcr Wasser GmbH&#8220; zusammen, um durch den Bau von vier Windkraftanlagen die stetig steigenden Sch\u00f6pfwerkskosten zu senken.<\/p>\n<p>Einen shz-Bericht \u00fcber das bislang bundesweit einzigartige Projekt finden Sie hier.<\/p>\n<p><a href=\"https:\/\/www.lwbv.de\/lwbv\/wp-content\/uploads\/2018\/09\/2011_07_14.pdf\" target=\"_blank\" rel=\"noopener\">Download zu dieser Meldung (186KB)<\/a><\/p>\n","protected":false},"excerpt":{"rendered":"<p>&#8222;Wind f\u00fcr Wasser&#8220;: Erster Spatenstich f\u00fcr 4 Windkraftanlagen Im Beisein von Ministerialdirigent Dietmar Wienholdt sowie zahlreicher Verbandsvertreter erfolgte vor wenigen Tagen der erste Spatenstich f\u00fcr das Projekt &#8222;Wind f\u00fcr Wasser&#8220; durch den Vorsitzenden des Marschenverbandes Hans-Rudolf Heinsohn. Nachdem den Verb\u00e4nden durch die \u00c4nderung im Landeswasserverbandsgesetz die M\u00f6glichkeit zur Nutzung regenerativer Energien er\u00f6ffnet worden war, schlossen&hellip;<\/p>\n","protected":false},"author":4,"featured_media":0,"comment_status":"closed","ping_status":"open","sticky":false,"template":"","format":"standard","meta":{"footnotes":""},"categories":[1],"tags":[],"yoast_head":"<!-- This site is optimized with the Yoast SEO plugin v22.8 - https:\/\/yoast.com\/wordpress\/plugins\/seo\/ -->\n<title>&quot;Wind f\u00fcr Wasser&quot;: Erster Spatenstich f\u00fcr 4 Windkraftanlagen - Landesverband der Wasser- und Bodenverb\u00e4nde<\/title>\n<meta name=\"robots\" content=\"index, follow, max-snippet:-1, max-image-preview:large, max-video-preview:-1\" \/>\n<link rel=\"canonical\" href=\"https:\/\/www.lwbv.de\/lwbv\/2011\/07\/14\/wind_fuer_wasser\/\" \/>\n<meta property=\"og:locale\" content=\"de_DE\" \/>\n<meta property=\"og:type\" content=\"article\" \/>\n<meta property=\"og:title\" content=\"&quot;Wind f\u00fcr Wasser&quot;: Erster Spatenstich f\u00fcr 4 Windkraftanlagen - Landesverband der Wasser- und Bodenverb\u00e4nde\" \/>\n<meta property=\"og:description\" content=\"&#8222;Wind f\u00fcr Wasser&#8220;: Erster Spatenstich f\u00fcr 4 Windkraftanlagen Im Beisein von Ministerialdirigent Dietmar Wienholdt sowie zahlreicher Verbandsvertreter erfolgte vor wenigen Tagen der erste Spatenstich f\u00fcr das Projekt &#8222;Wind f\u00fcr Wasser&#8220; durch den Vorsitzenden des Marschenverbandes Hans-Rudolf Heinsohn. Nachdem den Verb\u00e4nden durch die \u00c4nderung im Landeswasserverbandsgesetz die M\u00f6glichkeit zur Nutzung regenerativer Energien er\u00f6ffnet worden war, schlossen&hellip;\" \/>\n<meta property=\"og:url\" content=\"https:\/\/www.lwbv.de\/lwbv\/2011\/07\/14\/wind_fuer_wasser\/\" \/>\n<meta property=\"og:site_name\" content=\"Landesverband der Wasser- und Bodenverb\u00e4nde\" \/>\n<meta property=\"article:published_time\" content=\"2011-07-14T09:11:46+00:00\" \/>\n<meta property=\"article:modified_time\" content=\"2018-09-03T09:17:31+00:00\" \/>\n<meta property=\"og:image\" content=\"https:\/\/www.lwbv.de\/lwbv\/wp-content\/uploads\/2018\/09\/14072011153722_karte.jpg\" \/>\n<meta name=\"author\" content=\"wigital-dg\" \/>\n<meta name=\"twitter:card\" content=\"summary_large_image\" \/>\n<meta name=\"twitter:label1\" content=\"Verfasst von\" \/>\n\t<meta name=\"twitter:data1\" content=\"wigital-dg\" \/>\n\t<meta name=\"twitter:label2\" content=\"Gesch\u00e4tzte Lesezeit\" \/>\n\t<meta name=\"twitter:data2\" content=\"1\u00a0Minute\" \/>\n<script type=\"application\/ld+json\" class=\"yoast-schema-graph\">{\"@context\":\"https:\/\/schema.org\",\"@graph\":[{\"@type\":\"WebPage\",\"@id\":\"https:\/\/www.lwbv.de\/lwbv\/2011\/07\/14\/wind_fuer_wasser\/\",\"url\":\"https:\/\/www.lwbv.de\/lwbv\/2011\/07\/14\/wind_fuer_wasser\/\",\"name\":\"\\\"Wind f\u00fcr Wasser\\\": Erster Spatenstich f\u00fcr 4 Windkraftanlagen - Landesverband der Wasser- und Bodenverb\u00e4nde\",\"isPartOf\":{\"@id\":\"https:\/\/www.lwbv.de\/lwbv\/#website\"},\"primaryImageOfPage\":{\"@id\":\"https:\/\/www.lwbv.de\/lwbv\/2011\/07\/14\/wind_fuer_wasser\/#primaryimage\"},\"image\":{\"@id\":\"https:\/\/www.lwbv.de\/lwbv\/2011\/07\/14\/wind_fuer_wasser\/#primaryimage\"},\"thumbnailUrl\":\"https:\/\/www.lwbv.de\/lwbv\/wp-content\/uploads\/2018\/09\/14072011153722_karte.jpg\",\"datePublished\":\"2011-07-14T09:11:46+00:00\",\"dateModified\":\"2018-09-03T09:17:31+00:00\",\"author\":{\"@id\":\"https:\/\/www.lwbv.de\/lwbv\/#\/schema\/person\/50ba0d3957b72a32b4eb155593bc065a\"},\"breadcrumb\":{\"@id\":\"https:\/\/www.lwbv.de\/lwbv\/2011\/07\/14\/wind_fuer_wasser\/#breadcrumb\"},\"inLanguage\":\"de\",\"potentialAction\":[{\"@type\":\"ReadAction\",\"target\":[\"https:\/\/www.lwbv.de\/lwbv\/2011\/07\/14\/wind_fuer_wasser\/\"]}]},{\"@type\":\"ImageObject\",\"inLanguage\":\"de\",\"@id\":\"https:\/\/www.lwbv.de\/lwbv\/2011\/07\/14\/wind_fuer_wasser\/#primaryimage\",\"url\":\"https:\/\/www.lwbv.de\/lwbv\/wp-content\/uploads\/2018\/09\/14072011153722_karte.jpg\",\"contentUrl\":\"https:\/\/www.lwbv.de\/lwbv\/wp-content\/uploads\/2018\/09\/14072011153722_karte.jpg\",\"width\":180,\"height\":135},{\"@type\":\"BreadcrumbList\",\"@id\":\"https:\/\/www.lwbv.de\/lwbv\/2011\/07\/14\/wind_fuer_wasser\/#breadcrumb\",\"itemListElement\":[{\"@type\":\"ListItem\",\"position\":1,\"name\":\"Startseite\",\"item\":\"https:\/\/www.lwbv.de\/lwbv\/\"},{\"@type\":\"ListItem\",\"position\":2,\"name\":\"&#8222;Wind f\u00fcr Wasser&#8220;: Erster Spatenstich f\u00fcr 4 Windkraftanlagen\"}]},{\"@type\":\"WebSite\",\"@id\":\"https:\/\/www.lwbv.de\/lwbv\/#website\",\"url\":\"https:\/\/www.lwbv.de\/lwbv\/\",\"name\":\"Landesverband der Wasser- und Bodenverb\u00e4nde\",\"description\":\"\",\"potentialAction\":[{\"@type\":\"SearchAction\",\"target\":{\"@type\":\"EntryPoint\",\"urlTemplate\":\"https:\/\/www.lwbv.de\/lwbv\/?s={search_term_string}\"},\"query-input\":\"required name=search_term_string\"}],\"inLanguage\":\"de\"},{\"@type\":\"Person\",\"@id\":\"https:\/\/www.lwbv.de\/lwbv\/#\/schema\/person\/50ba0d3957b72a32b4eb155593bc065a\",\"name\":\"wigital-dg\",\"image\":{\"@type\":\"ImageObject\",\"inLanguage\":\"de\",\"@id\":\"https:\/\/www.lwbv.de\/lwbv\/#\/schema\/person\/image\/\",\"url\":\"https:\/\/secure.gravatar.com\/avatar\/4d5a2ca08573e3116fcb180f57fec69f?s=96&d=mm&r=g\",\"contentUrl\":\"https:\/\/secure.gravatar.com\/avatar\/4d5a2ca08573e3116fcb180f57fec69f?s=96&d=mm&r=g\",\"caption\":\"wigital-dg\"}}]}<\/script>\n<!-- \/ Yoast SEO plugin. -->","yoast_head_json":{"title":"\"Wind f\u00fcr Wasser\": Erster Spatenstich f\u00fcr 4 Windkraftanlagen - Landesverband der Wasser- und Bodenverb\u00e4nde","robots":{"index":"index","follow":"follow","max-snippet":"max-snippet:-1","max-image-preview":"max-image-preview:large","max-video-preview":"max-video-preview:-1"},"canonical":"https:\/\/www.lwbv.de\/lwbv\/2011\/07\/14\/wind_fuer_wasser\/","og_locale":"de_DE","og_type":"article","og_title":"\"Wind f\u00fcr Wasser\": Erster Spatenstich f\u00fcr 4 Windkraftanlagen - Landesverband der Wasser- und Bodenverb\u00e4nde","og_description":"&#8222;Wind f\u00fcr Wasser&#8220;: Erster Spatenstich f\u00fcr 4 Windkraftanlagen Im Beisein von Ministerialdirigent Dietmar Wienholdt sowie zahlreicher Verbandsvertreter erfolgte vor wenigen Tagen der erste Spatenstich f\u00fcr das Projekt &#8222;Wind f\u00fcr Wasser&#8220; durch den Vorsitzenden des Marschenverbandes Hans-Rudolf Heinsohn. Nachdem den Verb\u00e4nden durch die \u00c4nderung im Landeswasserverbandsgesetz die M\u00f6glichkeit zur Nutzung regenerativer Energien er\u00f6ffnet worden war, schlossen&hellip;","og_url":"https:\/\/www.lwbv.de\/lwbv\/2011\/07\/14\/wind_fuer_wasser\/","og_site_name":"Landesverband der Wasser- und Bodenverb\u00e4nde","article_published_time":"2011-07-14T09:11:46+00:00","article_modified_time":"2018-09-03T09:17:31+00:00","og_image":[{"url":"https:\/\/www.lwbv.de\/lwbv\/wp-content\/uploads\/2018\/09\/14072011153722_karte.jpg"}],"author":"wigital-dg","twitter_card":"summary_large_image","twitter_misc":{"Verfasst von":"wigital-dg","Gesch\u00e4tzte Lesezeit":"1\u00a0Minute"},"schema":{"@context":"https:\/\/schema.org","@graph":[{"@type":"WebPage","@id":"https:\/\/www.lwbv.de\/lwbv\/2011\/07\/14\/wind_fuer_wasser\/","url":"https:\/\/www.lwbv.de\/lwbv\/2011\/07\/14\/wind_fuer_wasser\/","name":"\"Wind f\u00fcr Wasser\": Erster Spatenstich f\u00fcr 4 Windkraftanlagen - Landesverband der Wasser- und Bodenverb\u00e4nde","isPartOf":{"@id":"https:\/\/www.lwbv.de\/lwbv\/#website"},"primaryImageOfPage":{"@id":"https:\/\/www.lwbv.de\/lwbv\/2011\/07\/14\/wind_fuer_wasser\/#primaryimage"},"image":{"@id":"https:\/\/www.lwbv.de\/lwbv\/2011\/07\/14\/wind_fuer_wasser\/#primaryimage"},"thumbnailUrl":"https:\/\/www.lwbv.de\/lwbv\/wp-content\/uploads\/2018\/09\/14072011153722_karte.jpg","datePublished":"2011-07-14T09:11:46+00:00","dateModified":"2018-09-03T09:17:31+00:00","author":{"@id":"https:\/\/www.lwbv.de\/lwbv\/#\/schema\/person\/50ba0d3957b72a32b4eb155593bc065a"},"breadcrumb":{"@id":"https:\/\/www.lwbv.de\/lwbv\/2011\/07\/14\/wind_fuer_wasser\/#breadcrumb"},"inLanguage":"de","potentialAction":[{"@type":"ReadAction","target":["https:\/\/www.lwbv.de\/lwbv\/2011\/07\/14\/wind_fuer_wasser\/"]}]},{"@type":"ImageObject","inLanguage":"de","@id":"https:\/\/www.lwbv.de\/lwbv\/2011\/07\/14\/wind_fuer_wasser\/#primaryimage","url":"https:\/\/www.lwbv.de\/lwbv\/wp-content\/uploads\/2018\/09\/14072011153722_karte.jpg","contentUrl":"https:\/\/www.lwbv.de\/lwbv\/wp-content\/uploads\/2018\/09\/14072011153722_karte.jpg","width":180,"height":135},{"@type":"BreadcrumbList","@id":"https:\/\/www.lwbv.de\/lwbv\/2011\/07\/14\/wind_fuer_wasser\/#breadcrumb","itemListElement":[{"@type":"ListItem","position":1,"name":"Startseite","item":"https:\/\/www.lwbv.de\/lwbv\/"},{"@type":"ListItem","position":2,"name":"&#8222;Wind f\u00fcr Wasser&#8220;: Erster Spatenstich f\u00fcr 4 Windkraftanlagen"}]},{"@type":"WebSite","@id":"https:\/\/www.lwbv.de\/lwbv\/#website","url":"https:\/\/www.lwbv.de\/lwbv\/","name":"Landesverband der Wasser- und Bodenverb\u00e4nde","description":"","potentialAction":[{"@type":"SearchAction","target":{"@type":"EntryPoint","urlTemplate":"https:\/\/www.lwbv.de\/lwbv\/?s={search_term_string}"},"query-input":"required name=search_term_string"}],"inLanguage":"de"},{"@type":"Person","@id":"https:\/\/www.lwbv.de\/lwbv\/#\/schema\/person\/50ba0d3957b72a32b4eb155593bc065a","name":"wigital-dg","image":{"@type":"ImageObject","inLanguage":"de","@id":"https:\/\/www.lwbv.de\/lwbv\/#\/schema\/person\/image\/","url":"https:\/\/secure.gravatar.com\/avatar\/4d5a2ca08573e3116fcb180f57fec69f?s=96&d=mm&r=g","contentUrl":"https:\/\/secure.gravatar.com\/avatar\/4d5a2ca08573e3116fcb180f57fec69f?s=96&d=mm&r=g","caption":"wigital-dg"}}]}},"_links":{"self":[{"href":"https:\/\/www.lwbv.de\/lwbv\/wp-json\/wp\/v2\/posts\/747"}],"collection":[{"href":"https:\/\/www.lwbv.de\/lwbv\/wp-json\/wp\/v2\/posts"}],"about":[{"href":"https:\/\/www.lwbv.de\/lwbv\/wp-json\/wp\/v2\/types\/post"}],"author":[{"embeddable":true,"href":"https:\/\/www.lwbv.de\/lwbv\/wp-json\/wp\/v2\/users\/4"}],"replies":[{"embeddable":true,"href":"https:\/\/www.lwbv.de\/lwbv\/wp-json\/wp\/v2\/comments?post=747"}],"version-history":[{"count":2,"href":"https:\/\/www.lwbv.de\/lwbv\/wp-json\/wp\/v2\/posts\/747\/revisions"}],"predecessor-version":[{"id":755,"href":"https:\/\/www.lwbv.de\/lwbv\/wp-json\/wp\/v2\/posts\/747\/revisions\/755"}],"wp:attachment":[{"href":"https:\/\/www.lwbv.de\/lwbv\/wp-json\/wp\/v2\/media?parent=747"}],"wp:term":[{"taxonomy":"category","embeddable":true,"href":"https:\/\/www.lwbv.de\/lwbv\/wp-json\/wp\/v2\/categories?post=747"},{"taxonomy":"post_tag","embeddable":true,"href":"https:\/\/www.lwbv.de\/lwbv\/wp-json\/wp\/v2\/tags?post=747"}],"curies":[{"name":"wp","href":"https:\/\/api.w.org\/{rel}","templated":true}]}}