{"id":790,"date":"2012-03-22T12:03:45","date_gmt":"2012-03-22T11:03:45","guid":{"rendered":"https:\/\/www.lwbv.de\/lwbv\/?p=790"},"modified":"2018-09-03T12:06:59","modified_gmt":"2018-09-03T10:06:59","slug":"verbands-informationen-nr-93-erschienen-4-2-2-2-2-2-2","status":"publish","type":"post","link":"https:\/\/www.lwbv.de\/lwbv\/2012\/03\/22\/wind_fuer_wasser_feierlich_gestartet\/","title":{"rendered":"&#8222;Wind f\u00fcr Wasser&#8220; feierlich gestartet"},"content":{"rendered":"<h1>&#8222;Wind f\u00fcr Wasser&#8220; feierlich gestartet<\/h1>\n<p>Wesselburen, 16. M\u00e4rz 2012 \u2013 Im Rahmen einer Feierstunde des Marschenverbandes Schleswig-Holstein ist ein Zwischenbericht der Arbeitsgruppe Niederungen 2050 an Landwirtschaftsministerin Dr. Juliane Rumpf \u00fcbergeben worden. Der Bericht beschreibt unter anderem die Ausgangssituation im Hinblick auf die Auswirkungen der Erderw\u00e4rmung auf die Niederungsgebiete in Schleswig-Holstein. \u201eWir Schleswig-Holsteiner werden von dem seit langem prognostizierten Klimawandel direkt betroffen sein. Dabei m\u00fcssen wir vor allem an die Zukunft der Niederungsgebiete mit ihren Siedlungsgebieten, landwirtschaftlich genutzten Fl\u00e4chen und Naturschutzgebieten denken\u201c, sagte die Ministerin in Ihrer Ansprache. Im Rahmen der Klimafolgenforschung m\u00fcsse sich das Land auf verschiedene unterschiedliche Szenarien einstellen, bei denen wasserwirtschaftliche, \u00f6konomische und zudem \u00f6kologische Aspekte zu beachten seien.<\/p>\n<p>Die Ministerin betonte besonders den Aspekt des Umweltschutzes. Sie freue sich besonders \u00fcber das bereits laufende Projekt \u201eWind f\u00fcr Wasser\u201c. \u201eDamit beschreiten Sie hier an der Westk\u00fcste einen richtigen Weg, der sowohl die \u00f6konomische, als auch die \u00f6kologische Komponente des Problems ber\u00fccksichtigt\u201c, sagte Dr. Rumpf. Mithilfe der neuen Windenergieanlagen k\u00f6nnen Sch\u00f6pfwerke indirekt energetisch versorgt werden. Zudem werden die Sch\u00f6pfwerke durch die Kompensation CO2-neutral eingesetzt. Das Projekt, bei dem vier Windenergieanlagen in Norddeich\/Dithmarschen eingesetzt werden, ist mittlerweile auf den Weg gebracht worden. Nach f\u00fcnfj\u00e4hriger Planungszeit sind alle Anlagen in Betrieb.<\/p>\n<p>Im Mittelpunkt der Feier stand zudem das 80-j\u00e4hrige Bestehen des Marschenverbandes. \u201eSeit acht Jahrzehnten k\u00fcmmert sich unser Verband um K\u00fcstenschutz und um Fragen der Entw\u00e4sserung unserer Region . Er hat dabei stets die Belange der Bev\u00f6lkerung vertreten, wenn es um Sicherheit und Wirtschaftlichkeit, aber auch wenn um Naturschutz ging\u201c, sagte der 1. Vorsitzender des Marschenverbandes, Hans-Rudolf Heinsohn, der auch durch das umfangreiche Programm der Feier f\u00fchrte.<\/p>\n<p>In seiner Laudatio ging Dithmarschens Landrat Dr. J\u00f6rn Klimant auf die geschichtliche Entwicklung des Marschenverbandes und seine Bedeutung f\u00fcr die Menschen in der Region ein. \u201eWie in den vergangenen acht Jahrzehnten bildet der Verband auch heute die Klammer f\u00fcr alle Marschenregionen im Westen Schleswig-Holsteins und verhindert, dass wir bei der Bearbeitung der anstehenden Probleme zu kleinteilig denken\u201c, erkl\u00e4rte Dr. Klimant. \u00dcber die Organisation k\u00f6nnten alle Wasser- und Bodenverb\u00e4nde von der d\u00e4nischen Grenze bis in die Elbregionen vom Erfahrungs- und Informationsaustausch profitieren.<\/p>\n<p>Als Gastredner der Veranstaltung ging Dr. Jochen Stemplewski, Pr\u00e4sident der Allianz der \u00f6ffentlichen Wasserwirtschaft (A\u00f6W) e.V., auf das Thema \u201eWasserwirtschaft und Energieerzeugung aus bundesdeutscher Sicht\u201c ein. Dabei lobte er besonders die Bem\u00fchungen des Marschenverbandes im Zusammenhang mit dem Projekt \u201eWind f\u00fcr Wasser\u201c. Man nutze den Wind, um den Gefahren des Wassers zu begegnen. Ein Prinzip, dessen Grundgedanken bereits die Vorv\u00e4ter beherzigten, dessen moderne Nutzung im Zuge der Energiewende jedoch hochaktuell ist, so Stemplewski. Die Vorstandsmitglieder des A\u00d6W, die diesmal in Dithmarschen tagten, hatten sich zuvor selbst ein Bild von den Anlagen in Norddeich gemacht.<\/p>\n<p>Eigens aus Berlin war auch Dr. Helge Wendenburg, Ministerialdirektor im Bundesministerium f\u00fcr Umwelt, Naturschutz und Reaktorsicherheit nach Wesselburen gekommen. In seinem Gru\u00dfwort erl\u00e4uterte er vor allem bundespolitische Zusammenh\u00e4nge rund um das Themenfeld Wasserwirtschaft.<\/p>\n<p>Zum Abschluss des Festaktes betonte Jan Albrecht, erster stellvertretender Vorsitzender des Marschenverbandes Schleswig-Holstein, dass die Region angesichts des Klimawandels und seiner Folgen erneut vor gro\u00dfen Herausforderungen st\u00fcnden. \u201eWir m\u00fcssen an die Menschen und ihre wirtschaftlichen Grundlagen, aber auch an den Naturschutz und die \u00f6kologischen Aspekte des Themas denken. Und das nicht nur f\u00fcr uns, sondern auch f\u00fcr unsere Kinder und Enkel\u201c, betonte Albrecht, bevor er die G\u00e4ste zu einem Marschenverband-Buffet mit zahlreichen Spezialit\u00e4ten aus der Region lud.<\/p>\n<h2>ZUSATZINFOS:<\/h2>\n<h3>Niederungen 2050<\/h3>\n<p>Der Zwischenbericht der Arbeitsgemeinschaft Niederungen 2050 unter dem Titel \u201eDie Auswirkungen des Klimawandels auf die Regenwasserbewirtschaftung der Niederungsgebiete an Schleswig-Holsteins Nord- und Ostseek\u00fcste mit Elbmarschen\u201c ist in einer Kurzform f\u00fcr interessierte Laien gedruckt worden und steht auch unter <a href=\"https:\/\/www.marschenverband.de\/\" target=\"_blank\" rel=\"noopener\">www.marschenverband.de<\/a> im Internet zum Download bereit.<\/p>\n<p>&nbsp;<\/p>\n","protected":false},"excerpt":{"rendered":"<p>&#8222;Wind f\u00fcr Wasser&#8220; feierlich gestartet Wesselburen, 16. M\u00e4rz 2012 \u2013 Im Rahmen einer Feierstunde des Marschenverbandes Schleswig-Holstein ist ein Zwischenbericht der Arbeitsgruppe Niederungen 2050 an Landwirtschaftsministerin Dr. Juliane Rumpf \u00fcbergeben worden. Der Bericht beschreibt unter anderem die Ausgangssituation im Hinblick auf die Auswirkungen der Erderw\u00e4rmung auf die Niederungsgebiete in Schleswig-Holstein. \u201eWir Schleswig-Holsteiner werden von dem&hellip;<\/p>\n","protected":false},"author":4,"featured_media":0,"comment_status":"closed","ping_status":"open","sticky":false,"template":"","format":"standard","meta":{"footnotes":""},"categories":[1],"tags":[],"yoast_head":"<!-- This site is optimized with the Yoast SEO plugin v22.8 - https:\/\/yoast.com\/wordpress\/plugins\/seo\/ -->\n<title>&quot;Wind f\u00fcr Wasser&quot; feierlich gestartet - Landesverband der Wasser- und Bodenverb\u00e4nde<\/title>\n<meta name=\"robots\" content=\"index, follow, max-snippet:-1, max-image-preview:large, max-video-preview:-1\" \/>\n<link rel=\"canonical\" href=\"https:\/\/www.lwbv.de\/lwbv\/2012\/03\/22\/wind_fuer_wasser_feierlich_gestartet\/\" \/>\n<meta property=\"og:locale\" content=\"de_DE\" \/>\n<meta property=\"og:type\" content=\"article\" \/>\n<meta property=\"og:title\" content=\"&quot;Wind f\u00fcr Wasser&quot; feierlich gestartet - Landesverband der Wasser- und Bodenverb\u00e4nde\" \/>\n<meta property=\"og:description\" content=\"&#8222;Wind f\u00fcr Wasser&#8220; feierlich gestartet Wesselburen, 16. M\u00e4rz 2012 \u2013 Im Rahmen einer Feierstunde des Marschenverbandes Schleswig-Holstein ist ein Zwischenbericht der Arbeitsgruppe Niederungen 2050 an Landwirtschaftsministerin Dr. Juliane Rumpf \u00fcbergeben worden. Der Bericht beschreibt unter anderem die Ausgangssituation im Hinblick auf die Auswirkungen der Erderw\u00e4rmung auf die Niederungsgebiete in Schleswig-Holstein. \u201eWir Schleswig-Holsteiner werden von dem&hellip;\" \/>\n<meta property=\"og:url\" content=\"https:\/\/www.lwbv.de\/lwbv\/2012\/03\/22\/wind_fuer_wasser_feierlich_gestartet\/\" \/>\n<meta property=\"og:site_name\" content=\"Landesverband der Wasser- und Bodenverb\u00e4nde\" \/>\n<meta property=\"article:published_time\" content=\"2012-03-22T11:03:45+00:00\" \/>\n<meta property=\"article:modified_time\" content=\"2018-09-03T10:06:59+00:00\" \/>\n<meta name=\"author\" content=\"wigital-dg\" \/>\n<meta name=\"twitter:card\" content=\"summary_large_image\" \/>\n<meta name=\"twitter:label1\" content=\"Verfasst von\" \/>\n\t<meta name=\"twitter:data1\" content=\"wigital-dg\" \/>\n\t<meta name=\"twitter:label2\" content=\"Gesch\u00e4tzte Lesezeit\" \/>\n\t<meta name=\"twitter:data2\" content=\"3\u00a0Minuten\" \/>\n<script type=\"application\/ld+json\" class=\"yoast-schema-graph\">{\"@context\":\"https:\/\/schema.org\",\"@graph\":[{\"@type\":\"WebPage\",\"@id\":\"https:\/\/www.lwbv.de\/lwbv\/2012\/03\/22\/wind_fuer_wasser_feierlich_gestartet\/\",\"url\":\"https:\/\/www.lwbv.de\/lwbv\/2012\/03\/22\/wind_fuer_wasser_feierlich_gestartet\/\",\"name\":\"\\\"Wind f\u00fcr Wasser\\\" feierlich gestartet - Landesverband der Wasser- und Bodenverb\u00e4nde\",\"isPartOf\":{\"@id\":\"https:\/\/www.lwbv.de\/lwbv\/#website\"},\"datePublished\":\"2012-03-22T11:03:45+00:00\",\"dateModified\":\"2018-09-03T10:06:59+00:00\",\"author\":{\"@id\":\"https:\/\/www.lwbv.de\/lwbv\/#\/schema\/person\/50ba0d3957b72a32b4eb155593bc065a\"},\"breadcrumb\":{\"@id\":\"https:\/\/www.lwbv.de\/lwbv\/2012\/03\/22\/wind_fuer_wasser_feierlich_gestartet\/#breadcrumb\"},\"inLanguage\":\"de\",\"potentialAction\":[{\"@type\":\"ReadAction\",\"target\":[\"https:\/\/www.lwbv.de\/lwbv\/2012\/03\/22\/wind_fuer_wasser_feierlich_gestartet\/\"]}]},{\"@type\":\"BreadcrumbList\",\"@id\":\"https:\/\/www.lwbv.de\/lwbv\/2012\/03\/22\/wind_fuer_wasser_feierlich_gestartet\/#breadcrumb\",\"itemListElement\":[{\"@type\":\"ListItem\",\"position\":1,\"name\":\"Startseite\",\"item\":\"https:\/\/www.lwbv.de\/lwbv\/\"},{\"@type\":\"ListItem\",\"position\":2,\"name\":\"&#8222;Wind f\u00fcr Wasser&#8220; feierlich gestartet\"}]},{\"@type\":\"WebSite\",\"@id\":\"https:\/\/www.lwbv.de\/lwbv\/#website\",\"url\":\"https:\/\/www.lwbv.de\/lwbv\/\",\"name\":\"Landesverband der Wasser- und Bodenverb\u00e4nde\",\"description\":\"\",\"potentialAction\":[{\"@type\":\"SearchAction\",\"target\":{\"@type\":\"EntryPoint\",\"urlTemplate\":\"https:\/\/www.lwbv.de\/lwbv\/?s={search_term_string}\"},\"query-input\":\"required name=search_term_string\"}],\"inLanguage\":\"de\"},{\"@type\":\"Person\",\"@id\":\"https:\/\/www.lwbv.de\/lwbv\/#\/schema\/person\/50ba0d3957b72a32b4eb155593bc065a\",\"name\":\"wigital-dg\",\"image\":{\"@type\":\"ImageObject\",\"inLanguage\":\"de\",\"@id\":\"https:\/\/www.lwbv.de\/lwbv\/#\/schema\/person\/image\/\",\"url\":\"https:\/\/secure.gravatar.com\/avatar\/4d5a2ca08573e3116fcb180f57fec69f?s=96&d=mm&r=g\",\"contentUrl\":\"https:\/\/secure.gravatar.com\/avatar\/4d5a2ca08573e3116fcb180f57fec69f?s=96&d=mm&r=g\",\"caption\":\"wigital-dg\"}}]}<\/script>\n<!-- \/ Yoast SEO plugin. -->","yoast_head_json":{"title":"\"Wind f\u00fcr Wasser\" feierlich gestartet - Landesverband der Wasser- und Bodenverb\u00e4nde","robots":{"index":"index","follow":"follow","max-snippet":"max-snippet:-1","max-image-preview":"max-image-preview:large","max-video-preview":"max-video-preview:-1"},"canonical":"https:\/\/www.lwbv.de\/lwbv\/2012\/03\/22\/wind_fuer_wasser_feierlich_gestartet\/","og_locale":"de_DE","og_type":"article","og_title":"\"Wind f\u00fcr Wasser\" feierlich gestartet - Landesverband der Wasser- und Bodenverb\u00e4nde","og_description":"&#8222;Wind f\u00fcr Wasser&#8220; feierlich gestartet Wesselburen, 16. M\u00e4rz 2012 \u2013 Im Rahmen einer Feierstunde des Marschenverbandes Schleswig-Holstein ist ein Zwischenbericht der Arbeitsgruppe Niederungen 2050 an Landwirtschaftsministerin Dr. Juliane Rumpf \u00fcbergeben worden. Der Bericht beschreibt unter anderem die Ausgangssituation im Hinblick auf die Auswirkungen der Erderw\u00e4rmung auf die Niederungsgebiete in Schleswig-Holstein. \u201eWir Schleswig-Holsteiner werden von dem&hellip;","og_url":"https:\/\/www.lwbv.de\/lwbv\/2012\/03\/22\/wind_fuer_wasser_feierlich_gestartet\/","og_site_name":"Landesverband der Wasser- und Bodenverb\u00e4nde","article_published_time":"2012-03-22T11:03:45+00:00","article_modified_time":"2018-09-03T10:06:59+00:00","author":"wigital-dg","twitter_card":"summary_large_image","twitter_misc":{"Verfasst von":"wigital-dg","Gesch\u00e4tzte Lesezeit":"3\u00a0Minuten"},"schema":{"@context":"https:\/\/schema.org","@graph":[{"@type":"WebPage","@id":"https:\/\/www.lwbv.de\/lwbv\/2012\/03\/22\/wind_fuer_wasser_feierlich_gestartet\/","url":"https:\/\/www.lwbv.de\/lwbv\/2012\/03\/22\/wind_fuer_wasser_feierlich_gestartet\/","name":"\"Wind f\u00fcr Wasser\" feierlich gestartet - Landesverband der Wasser- und Bodenverb\u00e4nde","isPartOf":{"@id":"https:\/\/www.lwbv.de\/lwbv\/#website"},"datePublished":"2012-03-22T11:03:45+00:00","dateModified":"2018-09-03T10:06:59+00:00","author":{"@id":"https:\/\/www.lwbv.de\/lwbv\/#\/schema\/person\/50ba0d3957b72a32b4eb155593bc065a"},"breadcrumb":{"@id":"https:\/\/www.lwbv.de\/lwbv\/2012\/03\/22\/wind_fuer_wasser_feierlich_gestartet\/#breadcrumb"},"inLanguage":"de","potentialAction":[{"@type":"ReadAction","target":["https:\/\/www.lwbv.de\/lwbv\/2012\/03\/22\/wind_fuer_wasser_feierlich_gestartet\/"]}]},{"@type":"BreadcrumbList","@id":"https:\/\/www.lwbv.de\/lwbv\/2012\/03\/22\/wind_fuer_wasser_feierlich_gestartet\/#breadcrumb","itemListElement":[{"@type":"ListItem","position":1,"name":"Startseite","item":"https:\/\/www.lwbv.de\/lwbv\/"},{"@type":"ListItem","position":2,"name":"&#8222;Wind f\u00fcr Wasser&#8220; feierlich gestartet"}]},{"@type":"WebSite","@id":"https:\/\/www.lwbv.de\/lwbv\/#website","url":"https:\/\/www.lwbv.de\/lwbv\/","name":"Landesverband der Wasser- und Bodenverb\u00e4nde","description":"","potentialAction":[{"@type":"SearchAction","target":{"@type":"EntryPoint","urlTemplate":"https:\/\/www.lwbv.de\/lwbv\/?s={search_term_string}"},"query-input":"required name=search_term_string"}],"inLanguage":"de"},{"@type":"Person","@id":"https:\/\/www.lwbv.de\/lwbv\/#\/schema\/person\/50ba0d3957b72a32b4eb155593bc065a","name":"wigital-dg","image":{"@type":"ImageObject","inLanguage":"de","@id":"https:\/\/www.lwbv.de\/lwbv\/#\/schema\/person\/image\/","url":"https:\/\/secure.gravatar.com\/avatar\/4d5a2ca08573e3116fcb180f57fec69f?s=96&d=mm&r=g","contentUrl":"https:\/\/secure.gravatar.com\/avatar\/4d5a2ca08573e3116fcb180f57fec69f?s=96&d=mm&r=g","caption":"wigital-dg"}}]}},"_links":{"self":[{"href":"https:\/\/www.lwbv.de\/lwbv\/wp-json\/wp\/v2\/posts\/790"}],"collection":[{"href":"https:\/\/www.lwbv.de\/lwbv\/wp-json\/wp\/v2\/posts"}],"about":[{"href":"https:\/\/www.lwbv.de\/lwbv\/wp-json\/wp\/v2\/types\/post"}],"author":[{"embeddable":true,"href":"https:\/\/www.lwbv.de\/lwbv\/wp-json\/wp\/v2\/users\/4"}],"replies":[{"embeddable":true,"href":"https:\/\/www.lwbv.de\/lwbv\/wp-json\/wp\/v2\/comments?post=790"}],"version-history":[{"count":1,"href":"https:\/\/www.lwbv.de\/lwbv\/wp-json\/wp\/v2\/posts\/790\/revisions"}],"predecessor-version":[{"id":791,"href":"https:\/\/www.lwbv.de\/lwbv\/wp-json\/wp\/v2\/posts\/790\/revisions\/791"}],"wp:attachment":[{"href":"https:\/\/www.lwbv.de\/lwbv\/wp-json\/wp\/v2\/media?parent=790"}],"wp:term":[{"taxonomy":"category","embeddable":true,"href":"https:\/\/www.lwbv.de\/lwbv\/wp-json\/wp\/v2\/categories?post=790"},{"taxonomy":"post_tag","embeddable":true,"href":"https:\/\/www.lwbv.de\/lwbv\/wp-json\/wp\/v2\/tags?post=790"}],"curies":[{"name":"wp","href":"https:\/\/api.w.org\/{rel}","templated":true}]}}