{"id":803,"date":"2012-07-18T12:20:05","date_gmt":"2012-07-18T10:20:05","guid":{"rendered":"https:\/\/www.lwbv.de\/lwbv\/?p=803"},"modified":"2018-09-03T13:49:13","modified_gmt":"2018-09-03T11:49:13","slug":"verbands-informationen-nr-93-erschienen-6-2","status":"publish","type":"post","link":"https:\/\/www.lwbv.de\/lwbv\/2012\/07\/18\/der_landesverband_im_gespraech_mit_minister_habeck\/","title":{"rendered":"Der Landesverband im Gespr\u00e4ch mit Minister Habeck"},"content":{"rendered":"<h1>Der Landesverband im Gespr\u00e4ch mit Minister Habeck<\/h1>\n<p><img loading=\"lazy\" decoding=\"async\" class=\"alignnone size-full wp-image-805\" src=\"https:\/\/www.lwbv.de\/lwbv\/wp-content\/uploads\/2012\/07\/MinGsp170712-4.jpg\" alt=\"\" width=\"255\" height=\"152\" \/><\/p>\n<p>Diskutierten aktuelle Themen der Wasserwirtschaft: Gesch\u00e4ftsf\u00fchrer Mathias Rohde, Staatsekret\u00e4r Dr. Ulf K\u00e4mpfer, Minister Dr. Robert Habeck, Verbandsvorsteher Hans-Adolf Boie (von links)<\/p>\n<p>Auf Einladung des neuen Ministers f\u00fcr Energiewende, Landwirtschaft, Umwelt und l\u00e4ndliche R\u00e4ume Dr. Robert Habeck fand am 17. Juli ein erstes Gespr\u00e4ch mit Vertretern des Landesverbandes statt.<\/p>\n<p>Dabei machte der Minister gleich zu Beginn gegen\u00fcber Verbandsvorsteher Boie deutlich, dass er diesem Austausch aufgrund der gro\u00dfen Bedeutung der Wasser- und Bodenverb\u00e4nde im Lande eine hohe Priorit\u00e4t beimesse.<\/p>\n<p>Verbandsvorsteher Boie, Gesch\u00e4ftsf\u00fchrer Rohde und dessen Stellvertreter Andresen nutzten dann die Gelegenheit zur Diskussion \u00fcber aktuelle wasserwirtschaftliche Themen dem Minister, seinem Staatssekret\u00e4r Dr. K\u00e4mpfer, Abteilungsleiter Wienholdt sowie Referatsleiter Dr. Grett.<\/p>\n<p>Von besonderem Interesse war dabei selbstverst\u00e4ndlich die Umsetzung der Wasserrahmenrichtlinie. Insbesondere Umsetzungsprobleme durch die aktuelle Fl\u00e4chenknappheit sowie die Gef\u00e4hrdung des Grundwassers durch zunehmenden Maisanbau wurden thematisiert.<\/p>\n<p>Gleichzeitig nutzten die Vertreter des Landesverbandes jedoch in diesem Zusammenhang auch die Gelegenheit, den neuen Minister auf die nicht zielf\u00fchrende Artenschutzpolitik seines Hauses in der Vergangenheit hinzuweisen.<\/p>\n<p>Man war jedoch einig, dass es nunmehr die ersten Erfahrungen bei der Umsetzung des &#8222;Artenschutzerlasses&#8220; abzuwarten gelte.<\/p>\n<p>Auf das besonders die l\u00e4ndlichen Wasserversorger bewegende Thema &#8222;CCS&#8220; angesprochen, berichtete Habeck, dass die Landesregierung per Gesetz die unterirdische CO 2-Speicherung ausschliessen wolle.Dies sei die Reaktion auf das im Vermittlungsausschuss gegen die Stimmen Schleswig-Holsteins vereinbarte CO 2-Gesetz auf Bundesebene.<\/p>\n<p>Allein die Bekundung, ein solches Gesetz auf Landesebene erlassen zu wollen, sei eine formelle Blockade gegen entsprechende Antr\u00e4ge zur Kohlendioxid-Verpressung, so der Minister.<\/p>\n","protected":false},"excerpt":{"rendered":"<p>Der Landesverband im Gespr\u00e4ch mit Minister Habeck Diskutierten aktuelle Themen der Wasserwirtschaft: Gesch\u00e4ftsf\u00fchrer Mathias Rohde, Staatsekret\u00e4r Dr. Ulf K\u00e4mpfer, Minister Dr. Robert Habeck, Verbandsvorsteher Hans-Adolf Boie (von links) Auf Einladung des neuen Ministers f\u00fcr Energiewende, Landwirtschaft, Umwelt und l\u00e4ndliche R\u00e4ume Dr. Robert Habeck fand am 17. Juli ein erstes Gespr\u00e4ch mit Vertretern des Landesverbandes statt.&hellip;<\/p>\n","protected":false},"author":4,"featured_media":0,"comment_status":"closed","ping_status":"open","sticky":false,"template":"","format":"standard","meta":{"footnotes":""},"categories":[1],"tags":[],"yoast_head":"<!-- This site is optimized with the Yoast SEO plugin v22.8 - https:\/\/yoast.com\/wordpress\/plugins\/seo\/ -->\n<title>Der Landesverband im Gespr\u00e4ch mit Minister Habeck - Landesverband der Wasser- und Bodenverb\u00e4nde<\/title>\n<meta name=\"robots\" content=\"index, follow, max-snippet:-1, max-image-preview:large, max-video-preview:-1\" \/>\n<link rel=\"canonical\" href=\"https:\/\/www.lwbv.de\/lwbv\/2012\/07\/18\/der_landesverband_im_gespraech_mit_minister_habeck\/\" \/>\n<meta property=\"og:locale\" content=\"de_DE\" \/>\n<meta property=\"og:type\" content=\"article\" \/>\n<meta property=\"og:title\" content=\"Der Landesverband im Gespr\u00e4ch mit Minister Habeck - Landesverband der Wasser- und Bodenverb\u00e4nde\" \/>\n<meta property=\"og:description\" content=\"Der Landesverband im Gespr\u00e4ch mit Minister Habeck Diskutierten aktuelle Themen der Wasserwirtschaft: Gesch\u00e4ftsf\u00fchrer Mathias Rohde, Staatsekret\u00e4r Dr. Ulf K\u00e4mpfer, Minister Dr. Robert Habeck, Verbandsvorsteher Hans-Adolf Boie (von links) Auf Einladung des neuen Ministers f\u00fcr Energiewende, Landwirtschaft, Umwelt und l\u00e4ndliche R\u00e4ume Dr. Robert Habeck fand am 17. Juli ein erstes Gespr\u00e4ch mit Vertretern des Landesverbandes statt.&hellip;\" \/>\n<meta property=\"og:url\" content=\"https:\/\/www.lwbv.de\/lwbv\/2012\/07\/18\/der_landesverband_im_gespraech_mit_minister_habeck\/\" \/>\n<meta property=\"og:site_name\" content=\"Landesverband der Wasser- und Bodenverb\u00e4nde\" \/>\n<meta property=\"article:published_time\" content=\"2012-07-18T10:20:05+00:00\" \/>\n<meta property=\"article:modified_time\" content=\"2018-09-03T11:49:13+00:00\" \/>\n<meta property=\"og:image\" content=\"https:\/\/www.lwbv.de\/lwbv\/wp-content\/uploads\/2012\/07\/MinGsp170712-4.jpg\" \/>\n<meta name=\"author\" content=\"wigital-dg\" \/>\n<meta name=\"twitter:card\" content=\"summary_large_image\" \/>\n<meta name=\"twitter:label1\" content=\"Verfasst von\" \/>\n\t<meta name=\"twitter:data1\" content=\"wigital-dg\" \/>\n\t<meta name=\"twitter:label2\" content=\"Gesch\u00e4tzte Lesezeit\" \/>\n\t<meta name=\"twitter:data2\" content=\"1\u00a0Minute\" \/>\n<script type=\"application\/ld+json\" class=\"yoast-schema-graph\">{\"@context\":\"https:\/\/schema.org\",\"@graph\":[{\"@type\":\"WebPage\",\"@id\":\"https:\/\/www.lwbv.de\/lwbv\/2012\/07\/18\/der_landesverband_im_gespraech_mit_minister_habeck\/\",\"url\":\"https:\/\/www.lwbv.de\/lwbv\/2012\/07\/18\/der_landesverband_im_gespraech_mit_minister_habeck\/\",\"name\":\"Der Landesverband im Gespr\u00e4ch mit Minister Habeck - Landesverband der Wasser- und Bodenverb\u00e4nde\",\"isPartOf\":{\"@id\":\"https:\/\/www.lwbv.de\/lwbv\/#website\"},\"primaryImageOfPage\":{\"@id\":\"https:\/\/www.lwbv.de\/lwbv\/2012\/07\/18\/der_landesverband_im_gespraech_mit_minister_habeck\/#primaryimage\"},\"image\":{\"@id\":\"https:\/\/www.lwbv.de\/lwbv\/2012\/07\/18\/der_landesverband_im_gespraech_mit_minister_habeck\/#primaryimage\"},\"thumbnailUrl\":\"https:\/\/www.lwbv.de\/lwbv\/wp-content\/uploads\/2012\/07\/MinGsp170712-4.jpg\",\"datePublished\":\"2012-07-18T10:20:05+00:00\",\"dateModified\":\"2018-09-03T11:49:13+00:00\",\"author\":{\"@id\":\"https:\/\/www.lwbv.de\/lwbv\/#\/schema\/person\/50ba0d3957b72a32b4eb155593bc065a\"},\"breadcrumb\":{\"@id\":\"https:\/\/www.lwbv.de\/lwbv\/2012\/07\/18\/der_landesverband_im_gespraech_mit_minister_habeck\/#breadcrumb\"},\"inLanguage\":\"de\",\"potentialAction\":[{\"@type\":\"ReadAction\",\"target\":[\"https:\/\/www.lwbv.de\/lwbv\/2012\/07\/18\/der_landesverband_im_gespraech_mit_minister_habeck\/\"]}]},{\"@type\":\"ImageObject\",\"inLanguage\":\"de\",\"@id\":\"https:\/\/www.lwbv.de\/lwbv\/2012\/07\/18\/der_landesverband_im_gespraech_mit_minister_habeck\/#primaryimage\",\"url\":\"https:\/\/www.lwbv.de\/lwbv\/wp-content\/uploads\/2012\/07\/MinGsp170712-4.jpg\",\"contentUrl\":\"https:\/\/www.lwbv.de\/lwbv\/wp-content\/uploads\/2012\/07\/MinGsp170712-4.jpg\",\"width\":255,\"height\":152},{\"@type\":\"BreadcrumbList\",\"@id\":\"https:\/\/www.lwbv.de\/lwbv\/2012\/07\/18\/der_landesverband_im_gespraech_mit_minister_habeck\/#breadcrumb\",\"itemListElement\":[{\"@type\":\"ListItem\",\"position\":1,\"name\":\"Startseite\",\"item\":\"https:\/\/www.lwbv.de\/lwbv\/\"},{\"@type\":\"ListItem\",\"position\":2,\"name\":\"Der Landesverband im Gespr\u00e4ch mit Minister Habeck\"}]},{\"@type\":\"WebSite\",\"@id\":\"https:\/\/www.lwbv.de\/lwbv\/#website\",\"url\":\"https:\/\/www.lwbv.de\/lwbv\/\",\"name\":\"Landesverband der Wasser- und Bodenverb\u00e4nde\",\"description\":\"\",\"potentialAction\":[{\"@type\":\"SearchAction\",\"target\":{\"@type\":\"EntryPoint\",\"urlTemplate\":\"https:\/\/www.lwbv.de\/lwbv\/?s={search_term_string}\"},\"query-input\":\"required name=search_term_string\"}],\"inLanguage\":\"de\"},{\"@type\":\"Person\",\"@id\":\"https:\/\/www.lwbv.de\/lwbv\/#\/schema\/person\/50ba0d3957b72a32b4eb155593bc065a\",\"name\":\"wigital-dg\",\"image\":{\"@type\":\"ImageObject\",\"inLanguage\":\"de\",\"@id\":\"https:\/\/www.lwbv.de\/lwbv\/#\/schema\/person\/image\/\",\"url\":\"https:\/\/secure.gravatar.com\/avatar\/4d5a2ca08573e3116fcb180f57fec69f?s=96&d=mm&r=g\",\"contentUrl\":\"https:\/\/secure.gravatar.com\/avatar\/4d5a2ca08573e3116fcb180f57fec69f?s=96&d=mm&r=g\",\"caption\":\"wigital-dg\"}}]}<\/script>\n<!-- \/ Yoast SEO plugin. -->","yoast_head_json":{"title":"Der Landesverband im Gespr\u00e4ch mit Minister Habeck - Landesverband der Wasser- und Bodenverb\u00e4nde","robots":{"index":"index","follow":"follow","max-snippet":"max-snippet:-1","max-image-preview":"max-image-preview:large","max-video-preview":"max-video-preview:-1"},"canonical":"https:\/\/www.lwbv.de\/lwbv\/2012\/07\/18\/der_landesverband_im_gespraech_mit_minister_habeck\/","og_locale":"de_DE","og_type":"article","og_title":"Der Landesverband im Gespr\u00e4ch mit Minister Habeck - Landesverband der Wasser- und Bodenverb\u00e4nde","og_description":"Der Landesverband im Gespr\u00e4ch mit Minister Habeck Diskutierten aktuelle Themen der Wasserwirtschaft: Gesch\u00e4ftsf\u00fchrer Mathias Rohde, Staatsekret\u00e4r Dr. Ulf K\u00e4mpfer, Minister Dr. Robert Habeck, Verbandsvorsteher Hans-Adolf Boie (von links) Auf Einladung des neuen Ministers f\u00fcr Energiewende, Landwirtschaft, Umwelt und l\u00e4ndliche R\u00e4ume Dr. Robert Habeck fand am 17. Juli ein erstes Gespr\u00e4ch mit Vertretern des Landesverbandes statt.&hellip;","og_url":"https:\/\/www.lwbv.de\/lwbv\/2012\/07\/18\/der_landesverband_im_gespraech_mit_minister_habeck\/","og_site_name":"Landesverband der Wasser- und Bodenverb\u00e4nde","article_published_time":"2012-07-18T10:20:05+00:00","article_modified_time":"2018-09-03T11:49:13+00:00","og_image":[{"url":"https:\/\/www.lwbv.de\/lwbv\/wp-content\/uploads\/2012\/07\/MinGsp170712-4.jpg"}],"author":"wigital-dg","twitter_card":"summary_large_image","twitter_misc":{"Verfasst von":"wigital-dg","Gesch\u00e4tzte Lesezeit":"1\u00a0Minute"},"schema":{"@context":"https:\/\/schema.org","@graph":[{"@type":"WebPage","@id":"https:\/\/www.lwbv.de\/lwbv\/2012\/07\/18\/der_landesverband_im_gespraech_mit_minister_habeck\/","url":"https:\/\/www.lwbv.de\/lwbv\/2012\/07\/18\/der_landesverband_im_gespraech_mit_minister_habeck\/","name":"Der Landesverband im Gespr\u00e4ch mit Minister Habeck - Landesverband der Wasser- und Bodenverb\u00e4nde","isPartOf":{"@id":"https:\/\/www.lwbv.de\/lwbv\/#website"},"primaryImageOfPage":{"@id":"https:\/\/www.lwbv.de\/lwbv\/2012\/07\/18\/der_landesverband_im_gespraech_mit_minister_habeck\/#primaryimage"},"image":{"@id":"https:\/\/www.lwbv.de\/lwbv\/2012\/07\/18\/der_landesverband_im_gespraech_mit_minister_habeck\/#primaryimage"},"thumbnailUrl":"https:\/\/www.lwbv.de\/lwbv\/wp-content\/uploads\/2012\/07\/MinGsp170712-4.jpg","datePublished":"2012-07-18T10:20:05+00:00","dateModified":"2018-09-03T11:49:13+00:00","author":{"@id":"https:\/\/www.lwbv.de\/lwbv\/#\/schema\/person\/50ba0d3957b72a32b4eb155593bc065a"},"breadcrumb":{"@id":"https:\/\/www.lwbv.de\/lwbv\/2012\/07\/18\/der_landesverband_im_gespraech_mit_minister_habeck\/#breadcrumb"},"inLanguage":"de","potentialAction":[{"@type":"ReadAction","target":["https:\/\/www.lwbv.de\/lwbv\/2012\/07\/18\/der_landesverband_im_gespraech_mit_minister_habeck\/"]}]},{"@type":"ImageObject","inLanguage":"de","@id":"https:\/\/www.lwbv.de\/lwbv\/2012\/07\/18\/der_landesverband_im_gespraech_mit_minister_habeck\/#primaryimage","url":"https:\/\/www.lwbv.de\/lwbv\/wp-content\/uploads\/2012\/07\/MinGsp170712-4.jpg","contentUrl":"https:\/\/www.lwbv.de\/lwbv\/wp-content\/uploads\/2012\/07\/MinGsp170712-4.jpg","width":255,"height":152},{"@type":"BreadcrumbList","@id":"https:\/\/www.lwbv.de\/lwbv\/2012\/07\/18\/der_landesverband_im_gespraech_mit_minister_habeck\/#breadcrumb","itemListElement":[{"@type":"ListItem","position":1,"name":"Startseite","item":"https:\/\/www.lwbv.de\/lwbv\/"},{"@type":"ListItem","position":2,"name":"Der Landesverband im Gespr\u00e4ch mit Minister Habeck"}]},{"@type":"WebSite","@id":"https:\/\/www.lwbv.de\/lwbv\/#website","url":"https:\/\/www.lwbv.de\/lwbv\/","name":"Landesverband der Wasser- und Bodenverb\u00e4nde","description":"","potentialAction":[{"@type":"SearchAction","target":{"@type":"EntryPoint","urlTemplate":"https:\/\/www.lwbv.de\/lwbv\/?s={search_term_string}"},"query-input":"required name=search_term_string"}],"inLanguage":"de"},{"@type":"Person","@id":"https:\/\/www.lwbv.de\/lwbv\/#\/schema\/person\/50ba0d3957b72a32b4eb155593bc065a","name":"wigital-dg","image":{"@type":"ImageObject","inLanguage":"de","@id":"https:\/\/www.lwbv.de\/lwbv\/#\/schema\/person\/image\/","url":"https:\/\/secure.gravatar.com\/avatar\/4d5a2ca08573e3116fcb180f57fec69f?s=96&d=mm&r=g","contentUrl":"https:\/\/secure.gravatar.com\/avatar\/4d5a2ca08573e3116fcb180f57fec69f?s=96&d=mm&r=g","caption":"wigital-dg"}}]}},"_links":{"self":[{"href":"https:\/\/www.lwbv.de\/lwbv\/wp-json\/wp\/v2\/posts\/803"}],"collection":[{"href":"https:\/\/www.lwbv.de\/lwbv\/wp-json\/wp\/v2\/posts"}],"about":[{"href":"https:\/\/www.lwbv.de\/lwbv\/wp-json\/wp\/v2\/types\/post"}],"author":[{"embeddable":true,"href":"https:\/\/www.lwbv.de\/lwbv\/wp-json\/wp\/v2\/users\/4"}],"replies":[{"embeddable":true,"href":"https:\/\/www.lwbv.de\/lwbv\/wp-json\/wp\/v2\/comments?post=803"}],"version-history":[{"count":2,"href":"https:\/\/www.lwbv.de\/lwbv\/wp-json\/wp\/v2\/posts\/803\/revisions"}],"predecessor-version":[{"id":806,"href":"https:\/\/www.lwbv.de\/lwbv\/wp-json\/wp\/v2\/posts\/803\/revisions\/806"}],"wp:attachment":[{"href":"https:\/\/www.lwbv.de\/lwbv\/wp-json\/wp\/v2\/media?parent=803"}],"wp:term":[{"taxonomy":"category","embeddable":true,"href":"https:\/\/www.lwbv.de\/lwbv\/wp-json\/wp\/v2\/categories?post=803"},{"taxonomy":"post_tag","embeddable":true,"href":"https:\/\/www.lwbv.de\/lwbv\/wp-json\/wp\/v2\/tags?post=803"}],"curies":[{"name":"wp","href":"https:\/\/api.w.org\/{rel}","templated":true}]}}