{"id":835,"date":"2013-02-13T14:23:22","date_gmt":"2013-02-13T13:23:22","guid":{"rendered":"https:\/\/www.lwbv.de\/lwbv\/?p=835"},"modified":"2018-09-03T14:29:04","modified_gmt":"2018-09-03T12:29:04","slug":"verbands-informationen-nr-93-erschienen-8-2","status":"publish","type":"post","link":"https:\/\/www.lwbv.de\/lwbv\/2013\/02\/13\/weltwassertag-2013-wie-viel-grundwasserschutz-brauchen-wir\/","title":{"rendered":"Weltwassertag 2013: &#8222;Wie viel Grundwasserschutz brauchen wir?&#8220;"},"content":{"rendered":"<h1>Weltwassertag 2013: &#8222;Wie viel Grundwasserschutz brauchen wir?&#8220;<\/h1>\n<p>Anl\u00e4sslich des diesj\u00e4hrigen Weltwassertages f\u00fchrt das Landwirtschafts- und Umweltministerium am 22. M\u00e4rz 2013 eine Tagung unter der \u00dcberschrift &#8222;Wie viel Grundwasserschutz brauchen wir&#8220;? durch.<br \/>\nIm Rendsburger Kulturzentrum &#8222;Hohes Arsenal&#8220; werden Fachleute aus Politik, Verwaltung, Land- und Wasserwirtschaft \u00fcber dieses hochaktuelle Thema informieren und diskutieren.<\/p>\n<p>Den entsprechenden Veranstaltungsflyer k\u00f6nnen Sie hier herunterladen.<\/p>\n<p><a href=\"https:\/\/www.lwbv.de\/lwbv\/wp-content\/uploads\/2018\/09\/Gewsserschutz2013.pdf\" target=\"_blank\" rel=\"noopener\">Flyer (2MB)<\/a><\/p>\n","protected":false},"excerpt":{"rendered":"<p>Weltwassertag 2013: &#8222;Wie viel Grundwasserschutz brauchen wir?&#8220; Anl\u00e4sslich des diesj\u00e4hrigen Weltwassertages f\u00fchrt das Landwirtschafts- und Umweltministerium am 22. M\u00e4rz 2013 eine Tagung unter der \u00dcberschrift &#8222;Wie viel Grundwasserschutz brauchen wir&#8220;? durch. Im Rendsburger Kulturzentrum &#8222;Hohes Arsenal&#8220; werden Fachleute aus Politik, Verwaltung, Land- und Wasserwirtschaft \u00fcber dieses hochaktuelle Thema informieren und diskutieren. Den entsprechenden Veranstaltungsflyer k\u00f6nnen&hellip;<\/p>\n","protected":false},"author":4,"featured_media":0,"comment_status":"closed","ping_status":"open","sticky":false,"template":"","format":"standard","meta":{"footnotes":""},"categories":[1],"tags":[],"yoast_head":"<!-- This site is optimized with the Yoast SEO plugin v22.8 - https:\/\/yoast.com\/wordpress\/plugins\/seo\/ -->\n<title>Weltwassertag 2013: &quot;Wie viel Grundwasserschutz brauchen wir?&quot; - Landesverband der Wasser- und Bodenverb\u00e4nde<\/title>\n<meta name=\"robots\" content=\"index, follow, max-snippet:-1, max-image-preview:large, max-video-preview:-1\" \/>\n<link rel=\"canonical\" href=\"https:\/\/www.lwbv.de\/lwbv\/2013\/02\/13\/weltwassertag-2013-wie-viel-grundwasserschutz-brauchen-wir\/\" \/>\n<meta property=\"og:locale\" content=\"de_DE\" \/>\n<meta property=\"og:type\" content=\"article\" \/>\n<meta property=\"og:title\" content=\"Weltwassertag 2013: &quot;Wie viel Grundwasserschutz brauchen wir?&quot; - Landesverband der Wasser- und Bodenverb\u00e4nde\" \/>\n<meta property=\"og:description\" content=\"Weltwassertag 2013: &#8222;Wie viel Grundwasserschutz brauchen wir?&#8220; Anl\u00e4sslich des diesj\u00e4hrigen Weltwassertages f\u00fchrt das Landwirtschafts- und Umweltministerium am 22. M\u00e4rz 2013 eine Tagung unter der \u00dcberschrift &#8222;Wie viel Grundwasserschutz brauchen wir&#8220;? durch. Im Rendsburger Kulturzentrum &#8222;Hohes Arsenal&#8220; werden Fachleute aus Politik, Verwaltung, Land- und Wasserwirtschaft \u00fcber dieses hochaktuelle Thema informieren und diskutieren. Den entsprechenden Veranstaltungsflyer k\u00f6nnen&hellip;\" \/>\n<meta property=\"og:url\" content=\"https:\/\/www.lwbv.de\/lwbv\/2013\/02\/13\/weltwassertag-2013-wie-viel-grundwasserschutz-brauchen-wir\/\" \/>\n<meta property=\"og:site_name\" content=\"Landesverband der Wasser- und Bodenverb\u00e4nde\" \/>\n<meta property=\"article:published_time\" content=\"2013-02-13T13:23:22+00:00\" \/>\n<meta property=\"article:modified_time\" content=\"2018-09-03T12:29:04+00:00\" \/>\n<meta name=\"author\" content=\"wigital-dg\" \/>\n<meta name=\"twitter:card\" content=\"summary_large_image\" \/>\n<meta name=\"twitter:label1\" content=\"Verfasst von\" \/>\n\t<meta name=\"twitter:data1\" content=\"wigital-dg\" \/>\n<script type=\"application\/ld+json\" class=\"yoast-schema-graph\">{\"@context\":\"https:\/\/schema.org\",\"@graph\":[{\"@type\":\"WebPage\",\"@id\":\"https:\/\/www.lwbv.de\/lwbv\/2013\/02\/13\/weltwassertag-2013-wie-viel-grundwasserschutz-brauchen-wir\/\",\"url\":\"https:\/\/www.lwbv.de\/lwbv\/2013\/02\/13\/weltwassertag-2013-wie-viel-grundwasserschutz-brauchen-wir\/\",\"name\":\"Weltwassertag 2013: \\\"Wie viel Grundwasserschutz brauchen wir?\\\" - Landesverband der Wasser- und Bodenverb\u00e4nde\",\"isPartOf\":{\"@id\":\"https:\/\/www.lwbv.de\/lwbv\/#website\"},\"datePublished\":\"2013-02-13T13:23:22+00:00\",\"dateModified\":\"2018-09-03T12:29:04+00:00\",\"author\":{\"@id\":\"https:\/\/www.lwbv.de\/lwbv\/#\/schema\/person\/50ba0d3957b72a32b4eb155593bc065a\"},\"breadcrumb\":{\"@id\":\"https:\/\/www.lwbv.de\/lwbv\/2013\/02\/13\/weltwassertag-2013-wie-viel-grundwasserschutz-brauchen-wir\/#breadcrumb\"},\"inLanguage\":\"de\",\"potentialAction\":[{\"@type\":\"ReadAction\",\"target\":[\"https:\/\/www.lwbv.de\/lwbv\/2013\/02\/13\/weltwassertag-2013-wie-viel-grundwasserschutz-brauchen-wir\/\"]}]},{\"@type\":\"BreadcrumbList\",\"@id\":\"https:\/\/www.lwbv.de\/lwbv\/2013\/02\/13\/weltwassertag-2013-wie-viel-grundwasserschutz-brauchen-wir\/#breadcrumb\",\"itemListElement\":[{\"@type\":\"ListItem\",\"position\":1,\"name\":\"Startseite\",\"item\":\"https:\/\/www.lwbv.de\/lwbv\/\"},{\"@type\":\"ListItem\",\"position\":2,\"name\":\"Weltwassertag 2013: &#8222;Wie viel Grundwasserschutz brauchen wir?&#8220;\"}]},{\"@type\":\"WebSite\",\"@id\":\"https:\/\/www.lwbv.de\/lwbv\/#website\",\"url\":\"https:\/\/www.lwbv.de\/lwbv\/\",\"name\":\"Landesverband der Wasser- und Bodenverb\u00e4nde\",\"description\":\"\",\"potentialAction\":[{\"@type\":\"SearchAction\",\"target\":{\"@type\":\"EntryPoint\",\"urlTemplate\":\"https:\/\/www.lwbv.de\/lwbv\/?s={search_term_string}\"},\"query-input\":\"required name=search_term_string\"}],\"inLanguage\":\"de\"},{\"@type\":\"Person\",\"@id\":\"https:\/\/www.lwbv.de\/lwbv\/#\/schema\/person\/50ba0d3957b72a32b4eb155593bc065a\",\"name\":\"wigital-dg\",\"image\":{\"@type\":\"ImageObject\",\"inLanguage\":\"de\",\"@id\":\"https:\/\/www.lwbv.de\/lwbv\/#\/schema\/person\/image\/\",\"url\":\"https:\/\/secure.gravatar.com\/avatar\/4d5a2ca08573e3116fcb180f57fec69f?s=96&d=mm&r=g\",\"contentUrl\":\"https:\/\/secure.gravatar.com\/avatar\/4d5a2ca08573e3116fcb180f57fec69f?s=96&d=mm&r=g\",\"caption\":\"wigital-dg\"}}]}<\/script>\n<!-- \/ Yoast SEO plugin. -->","yoast_head_json":{"title":"Weltwassertag 2013: \"Wie viel Grundwasserschutz brauchen wir?\" - Landesverband der Wasser- und Bodenverb\u00e4nde","robots":{"index":"index","follow":"follow","max-snippet":"max-snippet:-1","max-image-preview":"max-image-preview:large","max-video-preview":"max-video-preview:-1"},"canonical":"https:\/\/www.lwbv.de\/lwbv\/2013\/02\/13\/weltwassertag-2013-wie-viel-grundwasserschutz-brauchen-wir\/","og_locale":"de_DE","og_type":"article","og_title":"Weltwassertag 2013: \"Wie viel Grundwasserschutz brauchen wir?\" - Landesverband der Wasser- und Bodenverb\u00e4nde","og_description":"Weltwassertag 2013: &#8222;Wie viel Grundwasserschutz brauchen wir?&#8220; Anl\u00e4sslich des diesj\u00e4hrigen Weltwassertages f\u00fchrt das Landwirtschafts- und Umweltministerium am 22. M\u00e4rz 2013 eine Tagung unter der \u00dcberschrift &#8222;Wie viel Grundwasserschutz brauchen wir&#8220;? durch. Im Rendsburger Kulturzentrum &#8222;Hohes Arsenal&#8220; werden Fachleute aus Politik, Verwaltung, Land- und Wasserwirtschaft \u00fcber dieses hochaktuelle Thema informieren und diskutieren. Den entsprechenden Veranstaltungsflyer k\u00f6nnen&hellip;","og_url":"https:\/\/www.lwbv.de\/lwbv\/2013\/02\/13\/weltwassertag-2013-wie-viel-grundwasserschutz-brauchen-wir\/","og_site_name":"Landesverband der Wasser- und Bodenverb\u00e4nde","article_published_time":"2013-02-13T13:23:22+00:00","article_modified_time":"2018-09-03T12:29:04+00:00","author":"wigital-dg","twitter_card":"summary_large_image","twitter_misc":{"Verfasst von":"wigital-dg"},"schema":{"@context":"https:\/\/schema.org","@graph":[{"@type":"WebPage","@id":"https:\/\/www.lwbv.de\/lwbv\/2013\/02\/13\/weltwassertag-2013-wie-viel-grundwasserschutz-brauchen-wir\/","url":"https:\/\/www.lwbv.de\/lwbv\/2013\/02\/13\/weltwassertag-2013-wie-viel-grundwasserschutz-brauchen-wir\/","name":"Weltwassertag 2013: \"Wie viel Grundwasserschutz brauchen wir?\" - Landesverband der Wasser- und Bodenverb\u00e4nde","isPartOf":{"@id":"https:\/\/www.lwbv.de\/lwbv\/#website"},"datePublished":"2013-02-13T13:23:22+00:00","dateModified":"2018-09-03T12:29:04+00:00","author":{"@id":"https:\/\/www.lwbv.de\/lwbv\/#\/schema\/person\/50ba0d3957b72a32b4eb155593bc065a"},"breadcrumb":{"@id":"https:\/\/www.lwbv.de\/lwbv\/2013\/02\/13\/weltwassertag-2013-wie-viel-grundwasserschutz-brauchen-wir\/#breadcrumb"},"inLanguage":"de","potentialAction":[{"@type":"ReadAction","target":["https:\/\/www.lwbv.de\/lwbv\/2013\/02\/13\/weltwassertag-2013-wie-viel-grundwasserschutz-brauchen-wir\/"]}]},{"@type":"BreadcrumbList","@id":"https:\/\/www.lwbv.de\/lwbv\/2013\/02\/13\/weltwassertag-2013-wie-viel-grundwasserschutz-brauchen-wir\/#breadcrumb","itemListElement":[{"@type":"ListItem","position":1,"name":"Startseite","item":"https:\/\/www.lwbv.de\/lwbv\/"},{"@type":"ListItem","position":2,"name":"Weltwassertag 2013: &#8222;Wie viel Grundwasserschutz brauchen wir?&#8220;"}]},{"@type":"WebSite","@id":"https:\/\/www.lwbv.de\/lwbv\/#website","url":"https:\/\/www.lwbv.de\/lwbv\/","name":"Landesverband der Wasser- und Bodenverb\u00e4nde","description":"","potentialAction":[{"@type":"SearchAction","target":{"@type":"EntryPoint","urlTemplate":"https:\/\/www.lwbv.de\/lwbv\/?s={search_term_string}"},"query-input":"required name=search_term_string"}],"inLanguage":"de"},{"@type":"Person","@id":"https:\/\/www.lwbv.de\/lwbv\/#\/schema\/person\/50ba0d3957b72a32b4eb155593bc065a","name":"wigital-dg","image":{"@type":"ImageObject","inLanguage":"de","@id":"https:\/\/www.lwbv.de\/lwbv\/#\/schema\/person\/image\/","url":"https:\/\/secure.gravatar.com\/avatar\/4d5a2ca08573e3116fcb180f57fec69f?s=96&d=mm&r=g","contentUrl":"https:\/\/secure.gravatar.com\/avatar\/4d5a2ca08573e3116fcb180f57fec69f?s=96&d=mm&r=g","caption":"wigital-dg"}}]}},"_links":{"self":[{"href":"https:\/\/www.lwbv.de\/lwbv\/wp-json\/wp\/v2\/posts\/835"}],"collection":[{"href":"https:\/\/www.lwbv.de\/lwbv\/wp-json\/wp\/v2\/posts"}],"about":[{"href":"https:\/\/www.lwbv.de\/lwbv\/wp-json\/wp\/v2\/types\/post"}],"author":[{"embeddable":true,"href":"https:\/\/www.lwbv.de\/lwbv\/wp-json\/wp\/v2\/users\/4"}],"replies":[{"embeddable":true,"href":"https:\/\/www.lwbv.de\/lwbv\/wp-json\/wp\/v2\/comments?post=835"}],"version-history":[{"count":3,"href":"https:\/\/www.lwbv.de\/lwbv\/wp-json\/wp\/v2\/posts\/835\/revisions"}],"predecessor-version":[{"id":839,"href":"https:\/\/www.lwbv.de\/lwbv\/wp-json\/wp\/v2\/posts\/835\/revisions\/839"}],"wp:attachment":[{"href":"https:\/\/www.lwbv.de\/lwbv\/wp-json\/wp\/v2\/media?parent=835"}],"wp:term":[{"taxonomy":"category","embeddable":true,"href":"https:\/\/www.lwbv.de\/lwbv\/wp-json\/wp\/v2\/categories?post=835"},{"taxonomy":"post_tag","embeddable":true,"href":"https:\/\/www.lwbv.de\/lwbv\/wp-json\/wp\/v2\/tags?post=835"}],"curies":[{"name":"wp","href":"https:\/\/api.w.org\/{rel}","templated":true}]}}