{"id":863,"date":"2014-02-11T15:54:55","date_gmt":"2014-02-11T14:54:55","guid":{"rendered":"https:\/\/www.lwbv.de\/lwbv\/?p=863"},"modified":"2018-09-03T15:56:16","modified_gmt":"2018-09-03T13:56:16","slug":"verbands-informationen-nr-93-erschienen-10-2-2-2-2-2","status":"publish","type":"post","link":"https:\/\/www.lwbv.de\/lwbv\/2014\/02\/11\/arbeitsgemeinschaft-kuestenschutz-ostsee-unter-neuem-vorsitz\/","title":{"rendered":"&#8222;Arbeitsgemeinschaft K\u00fcstenschutz Ostsee&#8220; unter neuem Vorsitz"},"content":{"rendered":"<h1>&#8222;Arbeitsgemeinschaft K\u00fcstenschutz Ostsee&#8220; unter neuem Vorsitz<\/h1>\n<p>Im Rahmen der Mitgliederversammlung der &#8222;Arbeitsgemeinschaft K\u00fcstenschutz Ostsee&#8220; am 6. Februar in Gro\u00df Wittensee fand ein Wechsel an der Spitze der ARGE statt.<\/p>\n<p>Dieter Matz, langj\u00e4hriger Verbandsvorsteher des WBV Oehe-Maasholm und Hauptinitiator der Arbeitsgemeinschaft, stellte sich aus Altersgr\u00fcnden nicht f\u00fcr eine Wiederwahl zum Sprecher der ARGE zur Verf\u00fcgung. Zu seinem Nachfolger wurde einstimmig Dieter Knoll gew\u00e4hlt.<\/p>\n<p>Knoll, der sowohl Verbandsvorsteher des WBV Oldenburg wie auch des GULV Wagrien-Fehmarn ist, dankte Dieter Matz f\u00fcr seinen gro\u00dfen Einsatz f\u00fcr die K\u00fcstenschutzbelange an der Ostsee und gab der Hoffnung Ausdruck, dass die stetig wachsende Mitgliederzahl der ARGE um weitere unterhaltungspflichtige Verb\u00e4nde und Kommunen anwachsen m\u00f6ge.<\/p>\n","protected":false},"excerpt":{"rendered":"<p>&#8222;Arbeitsgemeinschaft K\u00fcstenschutz Ostsee&#8220; unter neuem Vorsitz Im Rahmen der Mitgliederversammlung der &#8222;Arbeitsgemeinschaft K\u00fcstenschutz Ostsee&#8220; am 6. Februar in Gro\u00df Wittensee fand ein Wechsel an der Spitze der ARGE statt. Dieter Matz, langj\u00e4hriger Verbandsvorsteher des WBV Oehe-Maasholm und Hauptinitiator der Arbeitsgemeinschaft, stellte sich aus Altersgr\u00fcnden nicht f\u00fcr eine Wiederwahl zum Sprecher der ARGE zur Verf\u00fcgung. Zu&hellip;<\/p>\n","protected":false},"author":4,"featured_media":0,"comment_status":"closed","ping_status":"open","sticky":false,"template":"","format":"standard","meta":{"footnotes":""},"categories":[1],"tags":[],"yoast_head":"<!-- This site is optimized with the Yoast SEO plugin v22.8 - https:\/\/yoast.com\/wordpress\/plugins\/seo\/ -->\n<title>&quot;Arbeitsgemeinschaft K\u00fcstenschutz Ostsee&quot; unter neuem Vorsitz - Landesverband der Wasser- und Bodenverb\u00e4nde<\/title>\n<meta name=\"robots\" content=\"index, follow, max-snippet:-1, max-image-preview:large, max-video-preview:-1\" \/>\n<link rel=\"canonical\" href=\"https:\/\/www.lwbv.de\/lwbv\/2014\/02\/11\/arbeitsgemeinschaft-kuestenschutz-ostsee-unter-neuem-vorsitz\/\" \/>\n<meta property=\"og:locale\" content=\"de_DE\" \/>\n<meta property=\"og:type\" content=\"article\" \/>\n<meta property=\"og:title\" content=\"&quot;Arbeitsgemeinschaft K\u00fcstenschutz Ostsee&quot; unter neuem Vorsitz - Landesverband der Wasser- und Bodenverb\u00e4nde\" \/>\n<meta property=\"og:description\" content=\"&#8222;Arbeitsgemeinschaft K\u00fcstenschutz Ostsee&#8220; unter neuem Vorsitz Im Rahmen der Mitgliederversammlung der &#8222;Arbeitsgemeinschaft K\u00fcstenschutz Ostsee&#8220; am 6. Februar in Gro\u00df Wittensee fand ein Wechsel an der Spitze der ARGE statt. Dieter Matz, langj\u00e4hriger Verbandsvorsteher des WBV Oehe-Maasholm und Hauptinitiator der Arbeitsgemeinschaft, stellte sich aus Altersgr\u00fcnden nicht f\u00fcr eine Wiederwahl zum Sprecher der ARGE zur Verf\u00fcgung. Zu&hellip;\" \/>\n<meta property=\"og:url\" content=\"https:\/\/www.lwbv.de\/lwbv\/2014\/02\/11\/arbeitsgemeinschaft-kuestenschutz-ostsee-unter-neuem-vorsitz\/\" \/>\n<meta property=\"og:site_name\" content=\"Landesverband der Wasser- und Bodenverb\u00e4nde\" \/>\n<meta property=\"article:published_time\" content=\"2014-02-11T14:54:55+00:00\" \/>\n<meta property=\"article:modified_time\" content=\"2018-09-03T13:56:16+00:00\" \/>\n<meta name=\"author\" content=\"wigital-dg\" \/>\n<meta name=\"twitter:card\" content=\"summary_large_image\" \/>\n<meta name=\"twitter:label1\" content=\"Verfasst von\" \/>\n\t<meta name=\"twitter:data1\" content=\"wigital-dg\" \/>\n\t<meta name=\"twitter:label2\" content=\"Gesch\u00e4tzte Lesezeit\" \/>\n\t<meta name=\"twitter:data2\" content=\"1\u00a0Minute\" \/>\n<script type=\"application\/ld+json\" class=\"yoast-schema-graph\">{\"@context\":\"https:\/\/schema.org\",\"@graph\":[{\"@type\":\"WebPage\",\"@id\":\"https:\/\/www.lwbv.de\/lwbv\/2014\/02\/11\/arbeitsgemeinschaft-kuestenschutz-ostsee-unter-neuem-vorsitz\/\",\"url\":\"https:\/\/www.lwbv.de\/lwbv\/2014\/02\/11\/arbeitsgemeinschaft-kuestenschutz-ostsee-unter-neuem-vorsitz\/\",\"name\":\"\\\"Arbeitsgemeinschaft K\u00fcstenschutz Ostsee\\\" unter neuem Vorsitz - Landesverband der Wasser- und Bodenverb\u00e4nde\",\"isPartOf\":{\"@id\":\"https:\/\/www.lwbv.de\/lwbv\/#website\"},\"datePublished\":\"2014-02-11T14:54:55+00:00\",\"dateModified\":\"2018-09-03T13:56:16+00:00\",\"author\":{\"@id\":\"https:\/\/www.lwbv.de\/lwbv\/#\/schema\/person\/50ba0d3957b72a32b4eb155593bc065a\"},\"breadcrumb\":{\"@id\":\"https:\/\/www.lwbv.de\/lwbv\/2014\/02\/11\/arbeitsgemeinschaft-kuestenschutz-ostsee-unter-neuem-vorsitz\/#breadcrumb\"},\"inLanguage\":\"de\",\"potentialAction\":[{\"@type\":\"ReadAction\",\"target\":[\"https:\/\/www.lwbv.de\/lwbv\/2014\/02\/11\/arbeitsgemeinschaft-kuestenschutz-ostsee-unter-neuem-vorsitz\/\"]}]},{\"@type\":\"BreadcrumbList\",\"@id\":\"https:\/\/www.lwbv.de\/lwbv\/2014\/02\/11\/arbeitsgemeinschaft-kuestenschutz-ostsee-unter-neuem-vorsitz\/#breadcrumb\",\"itemListElement\":[{\"@type\":\"ListItem\",\"position\":1,\"name\":\"Startseite\",\"item\":\"https:\/\/www.lwbv.de\/lwbv\/\"},{\"@type\":\"ListItem\",\"position\":2,\"name\":\"&#8222;Arbeitsgemeinschaft K\u00fcstenschutz Ostsee&#8220; unter neuem Vorsitz\"}]},{\"@type\":\"WebSite\",\"@id\":\"https:\/\/www.lwbv.de\/lwbv\/#website\",\"url\":\"https:\/\/www.lwbv.de\/lwbv\/\",\"name\":\"Landesverband der Wasser- und Bodenverb\u00e4nde\",\"description\":\"\",\"potentialAction\":[{\"@type\":\"SearchAction\",\"target\":{\"@type\":\"EntryPoint\",\"urlTemplate\":\"https:\/\/www.lwbv.de\/lwbv\/?s={search_term_string}\"},\"query-input\":\"required name=search_term_string\"}],\"inLanguage\":\"de\"},{\"@type\":\"Person\",\"@id\":\"https:\/\/www.lwbv.de\/lwbv\/#\/schema\/person\/50ba0d3957b72a32b4eb155593bc065a\",\"name\":\"wigital-dg\",\"image\":{\"@type\":\"ImageObject\",\"inLanguage\":\"de\",\"@id\":\"https:\/\/www.lwbv.de\/lwbv\/#\/schema\/person\/image\/\",\"url\":\"https:\/\/secure.gravatar.com\/avatar\/4d5a2ca08573e3116fcb180f57fec69f?s=96&d=mm&r=g\",\"contentUrl\":\"https:\/\/secure.gravatar.com\/avatar\/4d5a2ca08573e3116fcb180f57fec69f?s=96&d=mm&r=g\",\"caption\":\"wigital-dg\"}}]}<\/script>\n<!-- \/ Yoast SEO plugin. -->","yoast_head_json":{"title":"\"Arbeitsgemeinschaft K\u00fcstenschutz Ostsee\" unter neuem Vorsitz - Landesverband der Wasser- und Bodenverb\u00e4nde","robots":{"index":"index","follow":"follow","max-snippet":"max-snippet:-1","max-image-preview":"max-image-preview:large","max-video-preview":"max-video-preview:-1"},"canonical":"https:\/\/www.lwbv.de\/lwbv\/2014\/02\/11\/arbeitsgemeinschaft-kuestenschutz-ostsee-unter-neuem-vorsitz\/","og_locale":"de_DE","og_type":"article","og_title":"\"Arbeitsgemeinschaft K\u00fcstenschutz Ostsee\" unter neuem Vorsitz - Landesverband der Wasser- und Bodenverb\u00e4nde","og_description":"&#8222;Arbeitsgemeinschaft K\u00fcstenschutz Ostsee&#8220; unter neuem Vorsitz Im Rahmen der Mitgliederversammlung der &#8222;Arbeitsgemeinschaft K\u00fcstenschutz Ostsee&#8220; am 6. Februar in Gro\u00df Wittensee fand ein Wechsel an der Spitze der ARGE statt. Dieter Matz, langj\u00e4hriger Verbandsvorsteher des WBV Oehe-Maasholm und Hauptinitiator der Arbeitsgemeinschaft, stellte sich aus Altersgr\u00fcnden nicht f\u00fcr eine Wiederwahl zum Sprecher der ARGE zur Verf\u00fcgung. Zu&hellip;","og_url":"https:\/\/www.lwbv.de\/lwbv\/2014\/02\/11\/arbeitsgemeinschaft-kuestenschutz-ostsee-unter-neuem-vorsitz\/","og_site_name":"Landesverband der Wasser- und Bodenverb\u00e4nde","article_published_time":"2014-02-11T14:54:55+00:00","article_modified_time":"2018-09-03T13:56:16+00:00","author":"wigital-dg","twitter_card":"summary_large_image","twitter_misc":{"Verfasst von":"wigital-dg","Gesch\u00e4tzte Lesezeit":"1\u00a0Minute"},"schema":{"@context":"https:\/\/schema.org","@graph":[{"@type":"WebPage","@id":"https:\/\/www.lwbv.de\/lwbv\/2014\/02\/11\/arbeitsgemeinschaft-kuestenschutz-ostsee-unter-neuem-vorsitz\/","url":"https:\/\/www.lwbv.de\/lwbv\/2014\/02\/11\/arbeitsgemeinschaft-kuestenschutz-ostsee-unter-neuem-vorsitz\/","name":"\"Arbeitsgemeinschaft K\u00fcstenschutz Ostsee\" unter neuem Vorsitz - Landesverband der Wasser- und Bodenverb\u00e4nde","isPartOf":{"@id":"https:\/\/www.lwbv.de\/lwbv\/#website"},"datePublished":"2014-02-11T14:54:55+00:00","dateModified":"2018-09-03T13:56:16+00:00","author":{"@id":"https:\/\/www.lwbv.de\/lwbv\/#\/schema\/person\/50ba0d3957b72a32b4eb155593bc065a"},"breadcrumb":{"@id":"https:\/\/www.lwbv.de\/lwbv\/2014\/02\/11\/arbeitsgemeinschaft-kuestenschutz-ostsee-unter-neuem-vorsitz\/#breadcrumb"},"inLanguage":"de","potentialAction":[{"@type":"ReadAction","target":["https:\/\/www.lwbv.de\/lwbv\/2014\/02\/11\/arbeitsgemeinschaft-kuestenschutz-ostsee-unter-neuem-vorsitz\/"]}]},{"@type":"BreadcrumbList","@id":"https:\/\/www.lwbv.de\/lwbv\/2014\/02\/11\/arbeitsgemeinschaft-kuestenschutz-ostsee-unter-neuem-vorsitz\/#breadcrumb","itemListElement":[{"@type":"ListItem","position":1,"name":"Startseite","item":"https:\/\/www.lwbv.de\/lwbv\/"},{"@type":"ListItem","position":2,"name":"&#8222;Arbeitsgemeinschaft K\u00fcstenschutz Ostsee&#8220; unter neuem Vorsitz"}]},{"@type":"WebSite","@id":"https:\/\/www.lwbv.de\/lwbv\/#website","url":"https:\/\/www.lwbv.de\/lwbv\/","name":"Landesverband der Wasser- und Bodenverb\u00e4nde","description":"","potentialAction":[{"@type":"SearchAction","target":{"@type":"EntryPoint","urlTemplate":"https:\/\/www.lwbv.de\/lwbv\/?s={search_term_string}"},"query-input":"required name=search_term_string"}],"inLanguage":"de"},{"@type":"Person","@id":"https:\/\/www.lwbv.de\/lwbv\/#\/schema\/person\/50ba0d3957b72a32b4eb155593bc065a","name":"wigital-dg","image":{"@type":"ImageObject","inLanguage":"de","@id":"https:\/\/www.lwbv.de\/lwbv\/#\/schema\/person\/image\/","url":"https:\/\/secure.gravatar.com\/avatar\/4d5a2ca08573e3116fcb180f57fec69f?s=96&d=mm&r=g","contentUrl":"https:\/\/secure.gravatar.com\/avatar\/4d5a2ca08573e3116fcb180f57fec69f?s=96&d=mm&r=g","caption":"wigital-dg"}}]}},"_links":{"self":[{"href":"https:\/\/www.lwbv.de\/lwbv\/wp-json\/wp\/v2\/posts\/863"}],"collection":[{"href":"https:\/\/www.lwbv.de\/lwbv\/wp-json\/wp\/v2\/posts"}],"about":[{"href":"https:\/\/www.lwbv.de\/lwbv\/wp-json\/wp\/v2\/types\/post"}],"author":[{"embeddable":true,"href":"https:\/\/www.lwbv.de\/lwbv\/wp-json\/wp\/v2\/users\/4"}],"replies":[{"embeddable":true,"href":"https:\/\/www.lwbv.de\/lwbv\/wp-json\/wp\/v2\/comments?post=863"}],"version-history":[{"count":2,"href":"https:\/\/www.lwbv.de\/lwbv\/wp-json\/wp\/v2\/posts\/863\/revisions"}],"predecessor-version":[{"id":865,"href":"https:\/\/www.lwbv.de\/lwbv\/wp-json\/wp\/v2\/posts\/863\/revisions\/865"}],"wp:attachment":[{"href":"https:\/\/www.lwbv.de\/lwbv\/wp-json\/wp\/v2\/media?parent=863"}],"wp:term":[{"taxonomy":"category","embeddable":true,"href":"https:\/\/www.lwbv.de\/lwbv\/wp-json\/wp\/v2\/categories?post=863"},{"taxonomy":"post_tag","embeddable":true,"href":"https:\/\/www.lwbv.de\/lwbv\/wp-json\/wp\/v2\/tags?post=863"}],"curies":[{"name":"wp","href":"https:\/\/api.w.org\/{rel}","templated":true}]}}