{"id":869,"date":"2014-05-27T16:00:50","date_gmt":"2014-05-27T14:00:50","guid":{"rendered":"https:\/\/www.lwbv.de\/lwbv\/?p=869"},"modified":"2018-09-03T16:02:58","modified_gmt":"2018-09-03T14:02:58","slug":"verbands-informationen-nr-93-erschienen-10-2-2-2-2-2-2-2","status":"publish","type":"post","link":"https:\/\/www.lwbv.de\/lwbv\/2014\/05\/27\/klaus-uwe-marten-verabschiedet-und-mit-goldener-ehrennadel-ausgezeichnet\/","title":{"rendered":"Klaus Uwe Marten verabschiedet und mit &#8222;Goldener Ehrennadel&#8220; ausgezeichnet"},"content":{"rendered":"<h1>Klaus Uwe Marten verabschiedet und mit &#8222;Goldener Ehrennadel&#8220; ausgezeichnet<\/h1>\n<p><img loading=\"lazy\" decoding=\"async\" class=\"alignnone size-full wp-image-870\" src=\"https:\/\/www.lwbv.de\/lwbv\/wp-content\/uploads\/2018\/09\/MrtnBV200.jpg\" alt=\"\" width=\"258\" height=\"190\" \/><\/p>\n<p>Im Rahmen der Regionalversammlung der Wasserversorger verabschiedete Verbandsvorsteher Boie seinen langj\u00e4hrigen Stellvertreter Klaus Uwe Marten.<\/p>\n<p>Marten, der bereits zum Ende letzten Jahres seinen R\u00fcckzug auf Landesebene erkl\u00e4rt hatte, \u00fcbernahm 2001 das Amt des Stellvertretenden Verbandsvorstehers. Er sei f\u00fcr die langj\u00e4hrige Zusammenarbeit, mit der f\u00fcr den Landesverband au\u00dferordentlich viel bewegt worden sei, sehr dankbar, so Boie. F\u00fcr die gro\u00dfen Verdienste w\u00e4hrend dieser Zeit verlieh Boie dem Ausscheidenden sodann die &#8222;Goldene Ehrennadel des Landesverbandes&#8220;.<\/p>\n<p>Auch Abteilungsleiter Wienholdt lobte das stets konstruktive Miteinander, bei dem Marten stets ein ausgezeichneter Anwalt der Wasserverb\u00e4nde gewesen sei.<\/p>\n<p>In seinem Schlusswort betonte Klaus Uwe Marten, wieviel Freude ihm sein ehrenamtliches Engagement auf kommunaler Ebene und in der Wasserwirtschaft gemacht habe. Insbesondere die Erfahrungen auf \u00fcberregionaler Ebene seien f\u00fcr ihn besonders wertvoll gewesen. Abschlie\u00dfend dankte Klaus Uwe Marten seinen Vorstandskollegen sowie den Mitarbeitern der Gesch\u00e4ftsstelle und w\u00fcnschte dem Landesverband, den erfolgreich eingeschlagenen Weg auch in Zukunft fortzusetzen.<\/p>\n<p>Die Wahl zum Nachfolger Martens findet im Rahmen der n\u00e4chsten Sitzung des Verbandsausschusses am 12. Juni statt.<\/p>\n","protected":false},"excerpt":{"rendered":"<p>Klaus Uwe Marten verabschiedet und mit &#8222;Goldener Ehrennadel&#8220; ausgezeichnet Im Rahmen der Regionalversammlung der Wasserversorger verabschiedete Verbandsvorsteher Boie seinen langj\u00e4hrigen Stellvertreter Klaus Uwe Marten. Marten, der bereits zum Ende letzten Jahres seinen R\u00fcckzug auf Landesebene erkl\u00e4rt hatte, \u00fcbernahm 2001 das Amt des Stellvertretenden Verbandsvorstehers. Er sei f\u00fcr die langj\u00e4hrige Zusammenarbeit, mit der f\u00fcr den Landesverband&hellip;<\/p>\n","protected":false},"author":4,"featured_media":0,"comment_status":"closed","ping_status":"open","sticky":false,"template":"","format":"standard","meta":{"footnotes":""},"categories":[1],"tags":[],"yoast_head":"<!-- This site is optimized with the Yoast SEO plugin v22.8 - https:\/\/yoast.com\/wordpress\/plugins\/seo\/ -->\n<title>Klaus Uwe Marten verabschiedet und mit &quot;Goldener Ehrennadel&quot; ausgezeichnet - Landesverband der Wasser- und Bodenverb\u00e4nde<\/title>\n<meta name=\"robots\" content=\"index, follow, max-snippet:-1, max-image-preview:large, max-video-preview:-1\" \/>\n<link rel=\"canonical\" href=\"https:\/\/www.lwbv.de\/lwbv\/2014\/05\/27\/klaus-uwe-marten-verabschiedet-und-mit-goldener-ehrennadel-ausgezeichnet\/\" \/>\n<meta property=\"og:locale\" content=\"de_DE\" \/>\n<meta property=\"og:type\" content=\"article\" \/>\n<meta property=\"og:title\" content=\"Klaus Uwe Marten verabschiedet und mit &quot;Goldener Ehrennadel&quot; ausgezeichnet - Landesverband der Wasser- und Bodenverb\u00e4nde\" \/>\n<meta property=\"og:description\" content=\"Klaus Uwe Marten verabschiedet und mit &#8222;Goldener Ehrennadel&#8220; ausgezeichnet Im Rahmen der Regionalversammlung der Wasserversorger verabschiedete Verbandsvorsteher Boie seinen langj\u00e4hrigen Stellvertreter Klaus Uwe Marten. Marten, der bereits zum Ende letzten Jahres seinen R\u00fcckzug auf Landesebene erkl\u00e4rt hatte, \u00fcbernahm 2001 das Amt des Stellvertretenden Verbandsvorstehers. Er sei f\u00fcr die langj\u00e4hrige Zusammenarbeit, mit der f\u00fcr den Landesverband&hellip;\" \/>\n<meta property=\"og:url\" content=\"https:\/\/www.lwbv.de\/lwbv\/2014\/05\/27\/klaus-uwe-marten-verabschiedet-und-mit-goldener-ehrennadel-ausgezeichnet\/\" \/>\n<meta property=\"og:site_name\" content=\"Landesverband der Wasser- und Bodenverb\u00e4nde\" \/>\n<meta property=\"article:published_time\" content=\"2014-05-27T14:00:50+00:00\" \/>\n<meta property=\"article:modified_time\" content=\"2018-09-03T14:02:58+00:00\" \/>\n<meta property=\"og:image\" content=\"https:\/\/www.lwbv.de\/lwbv\/wp-content\/uploads\/2018\/09\/MrtnBV200.jpg\" \/>\n<meta name=\"author\" content=\"wigital-dg\" \/>\n<meta name=\"twitter:card\" content=\"summary_large_image\" \/>\n<meta name=\"twitter:label1\" content=\"Verfasst von\" \/>\n\t<meta name=\"twitter:data1\" content=\"wigital-dg\" \/>\n\t<meta name=\"twitter:label2\" content=\"Gesch\u00e4tzte Lesezeit\" \/>\n\t<meta name=\"twitter:data2\" content=\"1\u00a0Minute\" \/>\n<script type=\"application\/ld+json\" class=\"yoast-schema-graph\">{\"@context\":\"https:\/\/schema.org\",\"@graph\":[{\"@type\":\"WebPage\",\"@id\":\"https:\/\/www.lwbv.de\/lwbv\/2014\/05\/27\/klaus-uwe-marten-verabschiedet-und-mit-goldener-ehrennadel-ausgezeichnet\/\",\"url\":\"https:\/\/www.lwbv.de\/lwbv\/2014\/05\/27\/klaus-uwe-marten-verabschiedet-und-mit-goldener-ehrennadel-ausgezeichnet\/\",\"name\":\"Klaus Uwe Marten verabschiedet und mit \\\"Goldener Ehrennadel\\\" ausgezeichnet - Landesverband der Wasser- und Bodenverb\u00e4nde\",\"isPartOf\":{\"@id\":\"https:\/\/www.lwbv.de\/lwbv\/#website\"},\"primaryImageOfPage\":{\"@id\":\"https:\/\/www.lwbv.de\/lwbv\/2014\/05\/27\/klaus-uwe-marten-verabschiedet-und-mit-goldener-ehrennadel-ausgezeichnet\/#primaryimage\"},\"image\":{\"@id\":\"https:\/\/www.lwbv.de\/lwbv\/2014\/05\/27\/klaus-uwe-marten-verabschiedet-und-mit-goldener-ehrennadel-ausgezeichnet\/#primaryimage\"},\"thumbnailUrl\":\"https:\/\/www.lwbv.de\/lwbv\/wp-content\/uploads\/2018\/09\/MrtnBV200.jpg\",\"datePublished\":\"2014-05-27T14:00:50+00:00\",\"dateModified\":\"2018-09-03T14:02:58+00:00\",\"author\":{\"@id\":\"https:\/\/www.lwbv.de\/lwbv\/#\/schema\/person\/50ba0d3957b72a32b4eb155593bc065a\"},\"breadcrumb\":{\"@id\":\"https:\/\/www.lwbv.de\/lwbv\/2014\/05\/27\/klaus-uwe-marten-verabschiedet-und-mit-goldener-ehrennadel-ausgezeichnet\/#breadcrumb\"},\"inLanguage\":\"de\",\"potentialAction\":[{\"@type\":\"ReadAction\",\"target\":[\"https:\/\/www.lwbv.de\/lwbv\/2014\/05\/27\/klaus-uwe-marten-verabschiedet-und-mit-goldener-ehrennadel-ausgezeichnet\/\"]}]},{\"@type\":\"ImageObject\",\"inLanguage\":\"de\",\"@id\":\"https:\/\/www.lwbv.de\/lwbv\/2014\/05\/27\/klaus-uwe-marten-verabschiedet-und-mit-goldener-ehrennadel-ausgezeichnet\/#primaryimage\",\"url\":\"https:\/\/www.lwbv.de\/lwbv\/wp-content\/uploads\/2018\/09\/MrtnBV200.jpg\",\"contentUrl\":\"https:\/\/www.lwbv.de\/lwbv\/wp-content\/uploads\/2018\/09\/MrtnBV200.jpg\",\"width\":258,\"height\":190},{\"@type\":\"BreadcrumbList\",\"@id\":\"https:\/\/www.lwbv.de\/lwbv\/2014\/05\/27\/klaus-uwe-marten-verabschiedet-und-mit-goldener-ehrennadel-ausgezeichnet\/#breadcrumb\",\"itemListElement\":[{\"@type\":\"ListItem\",\"position\":1,\"name\":\"Startseite\",\"item\":\"https:\/\/www.lwbv.de\/lwbv\/\"},{\"@type\":\"ListItem\",\"position\":2,\"name\":\"Klaus Uwe Marten verabschiedet und mit &#8222;Goldener Ehrennadel&#8220; ausgezeichnet\"}]},{\"@type\":\"WebSite\",\"@id\":\"https:\/\/www.lwbv.de\/lwbv\/#website\",\"url\":\"https:\/\/www.lwbv.de\/lwbv\/\",\"name\":\"Landesverband der Wasser- und Bodenverb\u00e4nde\",\"description\":\"\",\"potentialAction\":[{\"@type\":\"SearchAction\",\"target\":{\"@type\":\"EntryPoint\",\"urlTemplate\":\"https:\/\/www.lwbv.de\/lwbv\/?s={search_term_string}\"},\"query-input\":\"required name=search_term_string\"}],\"inLanguage\":\"de\"},{\"@type\":\"Person\",\"@id\":\"https:\/\/www.lwbv.de\/lwbv\/#\/schema\/person\/50ba0d3957b72a32b4eb155593bc065a\",\"name\":\"wigital-dg\",\"image\":{\"@type\":\"ImageObject\",\"inLanguage\":\"de\",\"@id\":\"https:\/\/www.lwbv.de\/lwbv\/#\/schema\/person\/image\/\",\"url\":\"https:\/\/secure.gravatar.com\/avatar\/4d5a2ca08573e3116fcb180f57fec69f?s=96&d=mm&r=g\",\"contentUrl\":\"https:\/\/secure.gravatar.com\/avatar\/4d5a2ca08573e3116fcb180f57fec69f?s=96&d=mm&r=g\",\"caption\":\"wigital-dg\"}}]}<\/script>\n<!-- \/ Yoast SEO plugin. -->","yoast_head_json":{"title":"Klaus Uwe Marten verabschiedet und mit \"Goldener Ehrennadel\" ausgezeichnet - Landesverband der Wasser- und Bodenverb\u00e4nde","robots":{"index":"index","follow":"follow","max-snippet":"max-snippet:-1","max-image-preview":"max-image-preview:large","max-video-preview":"max-video-preview:-1"},"canonical":"https:\/\/www.lwbv.de\/lwbv\/2014\/05\/27\/klaus-uwe-marten-verabschiedet-und-mit-goldener-ehrennadel-ausgezeichnet\/","og_locale":"de_DE","og_type":"article","og_title":"Klaus Uwe Marten verabschiedet und mit \"Goldener Ehrennadel\" ausgezeichnet - Landesverband der Wasser- und Bodenverb\u00e4nde","og_description":"Klaus Uwe Marten verabschiedet und mit &#8222;Goldener Ehrennadel&#8220; ausgezeichnet Im Rahmen der Regionalversammlung der Wasserversorger verabschiedete Verbandsvorsteher Boie seinen langj\u00e4hrigen Stellvertreter Klaus Uwe Marten. Marten, der bereits zum Ende letzten Jahres seinen R\u00fcckzug auf Landesebene erkl\u00e4rt hatte, \u00fcbernahm 2001 das Amt des Stellvertretenden Verbandsvorstehers. Er sei f\u00fcr die langj\u00e4hrige Zusammenarbeit, mit der f\u00fcr den Landesverband&hellip;","og_url":"https:\/\/www.lwbv.de\/lwbv\/2014\/05\/27\/klaus-uwe-marten-verabschiedet-und-mit-goldener-ehrennadel-ausgezeichnet\/","og_site_name":"Landesverband der Wasser- und Bodenverb\u00e4nde","article_published_time":"2014-05-27T14:00:50+00:00","article_modified_time":"2018-09-03T14:02:58+00:00","og_image":[{"url":"https:\/\/www.lwbv.de\/lwbv\/wp-content\/uploads\/2018\/09\/MrtnBV200.jpg"}],"author":"wigital-dg","twitter_card":"summary_large_image","twitter_misc":{"Verfasst von":"wigital-dg","Gesch\u00e4tzte Lesezeit":"1\u00a0Minute"},"schema":{"@context":"https:\/\/schema.org","@graph":[{"@type":"WebPage","@id":"https:\/\/www.lwbv.de\/lwbv\/2014\/05\/27\/klaus-uwe-marten-verabschiedet-und-mit-goldener-ehrennadel-ausgezeichnet\/","url":"https:\/\/www.lwbv.de\/lwbv\/2014\/05\/27\/klaus-uwe-marten-verabschiedet-und-mit-goldener-ehrennadel-ausgezeichnet\/","name":"Klaus Uwe Marten verabschiedet und mit \"Goldener Ehrennadel\" ausgezeichnet - Landesverband der Wasser- und Bodenverb\u00e4nde","isPartOf":{"@id":"https:\/\/www.lwbv.de\/lwbv\/#website"},"primaryImageOfPage":{"@id":"https:\/\/www.lwbv.de\/lwbv\/2014\/05\/27\/klaus-uwe-marten-verabschiedet-und-mit-goldener-ehrennadel-ausgezeichnet\/#primaryimage"},"image":{"@id":"https:\/\/www.lwbv.de\/lwbv\/2014\/05\/27\/klaus-uwe-marten-verabschiedet-und-mit-goldener-ehrennadel-ausgezeichnet\/#primaryimage"},"thumbnailUrl":"https:\/\/www.lwbv.de\/lwbv\/wp-content\/uploads\/2018\/09\/MrtnBV200.jpg","datePublished":"2014-05-27T14:00:50+00:00","dateModified":"2018-09-03T14:02:58+00:00","author":{"@id":"https:\/\/www.lwbv.de\/lwbv\/#\/schema\/person\/50ba0d3957b72a32b4eb155593bc065a"},"breadcrumb":{"@id":"https:\/\/www.lwbv.de\/lwbv\/2014\/05\/27\/klaus-uwe-marten-verabschiedet-und-mit-goldener-ehrennadel-ausgezeichnet\/#breadcrumb"},"inLanguage":"de","potentialAction":[{"@type":"ReadAction","target":["https:\/\/www.lwbv.de\/lwbv\/2014\/05\/27\/klaus-uwe-marten-verabschiedet-und-mit-goldener-ehrennadel-ausgezeichnet\/"]}]},{"@type":"ImageObject","inLanguage":"de","@id":"https:\/\/www.lwbv.de\/lwbv\/2014\/05\/27\/klaus-uwe-marten-verabschiedet-und-mit-goldener-ehrennadel-ausgezeichnet\/#primaryimage","url":"https:\/\/www.lwbv.de\/lwbv\/wp-content\/uploads\/2018\/09\/MrtnBV200.jpg","contentUrl":"https:\/\/www.lwbv.de\/lwbv\/wp-content\/uploads\/2018\/09\/MrtnBV200.jpg","width":258,"height":190},{"@type":"BreadcrumbList","@id":"https:\/\/www.lwbv.de\/lwbv\/2014\/05\/27\/klaus-uwe-marten-verabschiedet-und-mit-goldener-ehrennadel-ausgezeichnet\/#breadcrumb","itemListElement":[{"@type":"ListItem","position":1,"name":"Startseite","item":"https:\/\/www.lwbv.de\/lwbv\/"},{"@type":"ListItem","position":2,"name":"Klaus Uwe Marten verabschiedet und mit &#8222;Goldener Ehrennadel&#8220; ausgezeichnet"}]},{"@type":"WebSite","@id":"https:\/\/www.lwbv.de\/lwbv\/#website","url":"https:\/\/www.lwbv.de\/lwbv\/","name":"Landesverband der Wasser- und Bodenverb\u00e4nde","description":"","potentialAction":[{"@type":"SearchAction","target":{"@type":"EntryPoint","urlTemplate":"https:\/\/www.lwbv.de\/lwbv\/?s={search_term_string}"},"query-input":"required name=search_term_string"}],"inLanguage":"de"},{"@type":"Person","@id":"https:\/\/www.lwbv.de\/lwbv\/#\/schema\/person\/50ba0d3957b72a32b4eb155593bc065a","name":"wigital-dg","image":{"@type":"ImageObject","inLanguage":"de","@id":"https:\/\/www.lwbv.de\/lwbv\/#\/schema\/person\/image\/","url":"https:\/\/secure.gravatar.com\/avatar\/4d5a2ca08573e3116fcb180f57fec69f?s=96&d=mm&r=g","contentUrl":"https:\/\/secure.gravatar.com\/avatar\/4d5a2ca08573e3116fcb180f57fec69f?s=96&d=mm&r=g","caption":"wigital-dg"}}]}},"_links":{"self":[{"href":"https:\/\/www.lwbv.de\/lwbv\/wp-json\/wp\/v2\/posts\/869"}],"collection":[{"href":"https:\/\/www.lwbv.de\/lwbv\/wp-json\/wp\/v2\/posts"}],"about":[{"href":"https:\/\/www.lwbv.de\/lwbv\/wp-json\/wp\/v2\/types\/post"}],"author":[{"embeddable":true,"href":"https:\/\/www.lwbv.de\/lwbv\/wp-json\/wp\/v2\/users\/4"}],"replies":[{"embeddable":true,"href":"https:\/\/www.lwbv.de\/lwbv\/wp-json\/wp\/v2\/comments?post=869"}],"version-history":[{"count":1,"href":"https:\/\/www.lwbv.de\/lwbv\/wp-json\/wp\/v2\/posts\/869\/revisions"}],"predecessor-version":[{"id":871,"href":"https:\/\/www.lwbv.de\/lwbv\/wp-json\/wp\/v2\/posts\/869\/revisions\/871"}],"wp:attachment":[{"href":"https:\/\/www.lwbv.de\/lwbv\/wp-json\/wp\/v2\/media?parent=869"}],"wp:term":[{"taxonomy":"category","embeddable":true,"href":"https:\/\/www.lwbv.de\/lwbv\/wp-json\/wp\/v2\/categories?post=869"},{"taxonomy":"post_tag","embeddable":true,"href":"https:\/\/www.lwbv.de\/lwbv\/wp-json\/wp\/v2\/tags?post=869"}],"curies":[{"name":"wp","href":"https:\/\/api.w.org\/{rel}","templated":true}]}}