{"id":875,"date":"2014-06-16T16:33:57","date_gmt":"2014-06-16T14:33:57","guid":{"rendered":"https:\/\/www.lwbv.de\/lwbv\/?p=875"},"modified":"2018-09-03T16:38:13","modified_gmt":"2018-09-03T14:38:13","slug":"verbands-informationen-nr-93-erschienen-11","status":"publish","type":"post","link":"https:\/\/www.lwbv.de\/lwbv\/2014\/06\/16\/klaus-busch-claussen-zum-stellvertretenden-verbandsvorsteher-gewaehlt\/","title":{"rendered":"Klaus Busch-Clau\u00dfen zum Stellvertretenden Verbandsvorsteher gew\u00e4hlt"},"content":{"rendered":"<h1>Klaus Busch-Clau\u00dfen zum Stellvertretenden Verbandsvorsteher gew\u00e4hlt<\/h1>\n<p><img loading=\"lazy\" decoding=\"async\" class=\"size-medium wp-image-876 alignleft\" src=\"https:\/\/www.lwbv.de\/lwbv\/wp-content\/uploads\/2018\/09\/Busch-CP1100186-300x225.jpg\" alt=\"\" width=\"300\" height=\"225\" srcset=\"https:\/\/www.lwbv.de\/lwbv\/wp-content\/uploads\/2018\/09\/Busch-CP1100186-300x225.jpg 300w, https:\/\/www.lwbv.de\/lwbv\/wp-content\/uploads\/2018\/09\/Busch-CP1100186.jpg 400w\" sizes=\"(max-width: 300px) 100vw, 300px\" \/>Klaus Busch-Clau\u00dfen hei\u00dft der neue Stellvertretende Verbandsvorsteher des Landesverbandes.<\/p>\n<p>Einstimmig w\u00e4hlte der Verbandsausschuss den Vorsteher des Wasserverbandes S\u00fcderdithmarschen zum Nachfolger von Klaus Uwe Marten, der sich bekanntlich zum Jahresende aus der Vorstandst\u00e4tigkeit zur\u00fcckgezogen hatte.<\/p>\n<p>Busch-Clau\u00dfen, gleichzeitig B\u00fcrgermeister der Gemeinde Nindorf, dankte f\u00fcr das in ihn gesetzte Vertrauen und betonte, f\u00fcr ihn sei besonders wichtig, dass die Wasserversorgung in kommunaler Hand bleibe. Gerade beim Lebensmittel Nr. 1 sei es unabdingbar, dass dieses weiterhin ohne Gewinnerzielungsabsicht zur Verf\u00fcgung gestellt werde.<\/p>\n<p>Verbandsvorsteher Boie sprach seinem neuen Stellvertreter herzliche Gl\u00fcckw\u00fcnsche aus. Er sei sicher, mit der Wahl von Klaus Busch-Clau\u00dfen sei der Vorstand des Landesverbandes auch in Zukunft hervorragend aufgestellt, so Boie.<\/p>\n","protected":false},"excerpt":{"rendered":"<p>Klaus Busch-Clau\u00dfen zum Stellvertretenden Verbandsvorsteher gew\u00e4hlt Klaus Busch-Clau\u00dfen hei\u00dft der neue Stellvertretende Verbandsvorsteher des Landesverbandes. Einstimmig w\u00e4hlte der Verbandsausschuss den Vorsteher des Wasserverbandes S\u00fcderdithmarschen zum Nachfolger von Klaus Uwe Marten, der sich bekanntlich zum Jahresende aus der Vorstandst\u00e4tigkeit zur\u00fcckgezogen hatte. Busch-Clau\u00dfen, gleichzeitig B\u00fcrgermeister der Gemeinde Nindorf, dankte f\u00fcr das in ihn gesetzte Vertrauen und betonte,&hellip;<\/p>\n","protected":false},"author":4,"featured_media":0,"comment_status":"closed","ping_status":"open","sticky":false,"template":"","format":"standard","meta":{"footnotes":""},"categories":[1],"tags":[],"yoast_head":"<!-- This site is optimized with the Yoast SEO plugin v22.8 - https:\/\/yoast.com\/wordpress\/plugins\/seo\/ -->\n<title>Klaus Busch-Clau\u00dfen zum Stellvertretenden Verbandsvorsteher gew\u00e4hlt - Landesverband der Wasser- und Bodenverb\u00e4nde<\/title>\n<meta name=\"robots\" content=\"index, follow, max-snippet:-1, max-image-preview:large, max-video-preview:-1\" \/>\n<link rel=\"canonical\" href=\"https:\/\/www.lwbv.de\/lwbv\/2014\/06\/16\/klaus-busch-claussen-zum-stellvertretenden-verbandsvorsteher-gewaehlt\/\" \/>\n<meta property=\"og:locale\" content=\"de_DE\" \/>\n<meta property=\"og:type\" content=\"article\" \/>\n<meta property=\"og:title\" content=\"Klaus Busch-Clau\u00dfen zum Stellvertretenden Verbandsvorsteher gew\u00e4hlt - Landesverband der Wasser- und Bodenverb\u00e4nde\" \/>\n<meta property=\"og:description\" content=\"Klaus Busch-Clau\u00dfen zum Stellvertretenden Verbandsvorsteher gew\u00e4hlt Klaus Busch-Clau\u00dfen hei\u00dft der neue Stellvertretende Verbandsvorsteher des Landesverbandes. Einstimmig w\u00e4hlte der Verbandsausschuss den Vorsteher des Wasserverbandes S\u00fcderdithmarschen zum Nachfolger von Klaus Uwe Marten, der sich bekanntlich zum Jahresende aus der Vorstandst\u00e4tigkeit zur\u00fcckgezogen hatte. Busch-Clau\u00dfen, gleichzeitig B\u00fcrgermeister der Gemeinde Nindorf, dankte f\u00fcr das in ihn gesetzte Vertrauen und betonte,&hellip;\" \/>\n<meta property=\"og:url\" content=\"https:\/\/www.lwbv.de\/lwbv\/2014\/06\/16\/klaus-busch-claussen-zum-stellvertretenden-verbandsvorsteher-gewaehlt\/\" \/>\n<meta property=\"og:site_name\" content=\"Landesverband der Wasser- und Bodenverb\u00e4nde\" \/>\n<meta property=\"article:published_time\" content=\"2014-06-16T14:33:57+00:00\" \/>\n<meta property=\"article:modified_time\" content=\"2018-09-03T14:38:13+00:00\" \/>\n<meta property=\"og:image\" content=\"https:\/\/www.lwbv.de\/lwbv\/wp-content\/uploads\/2018\/09\/Busch-CP1100186-300x225.jpg\" \/>\n<meta name=\"author\" content=\"wigital-dg\" \/>\n<meta name=\"twitter:card\" content=\"summary_large_image\" \/>\n<meta name=\"twitter:label1\" content=\"Verfasst von\" \/>\n\t<meta name=\"twitter:data1\" content=\"wigital-dg\" \/>\n\t<meta name=\"twitter:label2\" content=\"Gesch\u00e4tzte Lesezeit\" \/>\n\t<meta name=\"twitter:data2\" content=\"1\u00a0Minute\" \/>\n<script type=\"application\/ld+json\" class=\"yoast-schema-graph\">{\"@context\":\"https:\/\/schema.org\",\"@graph\":[{\"@type\":\"WebPage\",\"@id\":\"https:\/\/www.lwbv.de\/lwbv\/2014\/06\/16\/klaus-busch-claussen-zum-stellvertretenden-verbandsvorsteher-gewaehlt\/\",\"url\":\"https:\/\/www.lwbv.de\/lwbv\/2014\/06\/16\/klaus-busch-claussen-zum-stellvertretenden-verbandsvorsteher-gewaehlt\/\",\"name\":\"Klaus Busch-Clau\u00dfen zum Stellvertretenden Verbandsvorsteher gew\u00e4hlt - Landesverband der Wasser- und Bodenverb\u00e4nde\",\"isPartOf\":{\"@id\":\"https:\/\/www.lwbv.de\/lwbv\/#website\"},\"primaryImageOfPage\":{\"@id\":\"https:\/\/www.lwbv.de\/lwbv\/2014\/06\/16\/klaus-busch-claussen-zum-stellvertretenden-verbandsvorsteher-gewaehlt\/#primaryimage\"},\"image\":{\"@id\":\"https:\/\/www.lwbv.de\/lwbv\/2014\/06\/16\/klaus-busch-claussen-zum-stellvertretenden-verbandsvorsteher-gewaehlt\/#primaryimage\"},\"thumbnailUrl\":\"https:\/\/www.lwbv.de\/lwbv\/wp-content\/uploads\/2018\/09\/Busch-CP1100186-300x225.jpg\",\"datePublished\":\"2014-06-16T14:33:57+00:00\",\"dateModified\":\"2018-09-03T14:38:13+00:00\",\"author\":{\"@id\":\"https:\/\/www.lwbv.de\/lwbv\/#\/schema\/person\/50ba0d3957b72a32b4eb155593bc065a\"},\"breadcrumb\":{\"@id\":\"https:\/\/www.lwbv.de\/lwbv\/2014\/06\/16\/klaus-busch-claussen-zum-stellvertretenden-verbandsvorsteher-gewaehlt\/#breadcrumb\"},\"inLanguage\":\"de\",\"potentialAction\":[{\"@type\":\"ReadAction\",\"target\":[\"https:\/\/www.lwbv.de\/lwbv\/2014\/06\/16\/klaus-busch-claussen-zum-stellvertretenden-verbandsvorsteher-gewaehlt\/\"]}]},{\"@type\":\"ImageObject\",\"inLanguage\":\"de\",\"@id\":\"https:\/\/www.lwbv.de\/lwbv\/2014\/06\/16\/klaus-busch-claussen-zum-stellvertretenden-verbandsvorsteher-gewaehlt\/#primaryimage\",\"url\":\"https:\/\/www.lwbv.de\/lwbv\/wp-content\/uploads\/2018\/09\/Busch-CP1100186.jpg\",\"contentUrl\":\"https:\/\/www.lwbv.de\/lwbv\/wp-content\/uploads\/2018\/09\/Busch-CP1100186.jpg\",\"width\":400,\"height\":300},{\"@type\":\"BreadcrumbList\",\"@id\":\"https:\/\/www.lwbv.de\/lwbv\/2014\/06\/16\/klaus-busch-claussen-zum-stellvertretenden-verbandsvorsteher-gewaehlt\/#breadcrumb\",\"itemListElement\":[{\"@type\":\"ListItem\",\"position\":1,\"name\":\"Startseite\",\"item\":\"https:\/\/www.lwbv.de\/lwbv\/\"},{\"@type\":\"ListItem\",\"position\":2,\"name\":\"Klaus Busch-Clau\u00dfen zum Stellvertretenden Verbandsvorsteher gew\u00e4hlt\"}]},{\"@type\":\"WebSite\",\"@id\":\"https:\/\/www.lwbv.de\/lwbv\/#website\",\"url\":\"https:\/\/www.lwbv.de\/lwbv\/\",\"name\":\"Landesverband der Wasser- und Bodenverb\u00e4nde\",\"description\":\"\",\"potentialAction\":[{\"@type\":\"SearchAction\",\"target\":{\"@type\":\"EntryPoint\",\"urlTemplate\":\"https:\/\/www.lwbv.de\/lwbv\/?s={search_term_string}\"},\"query-input\":\"required name=search_term_string\"}],\"inLanguage\":\"de\"},{\"@type\":\"Person\",\"@id\":\"https:\/\/www.lwbv.de\/lwbv\/#\/schema\/person\/50ba0d3957b72a32b4eb155593bc065a\",\"name\":\"wigital-dg\",\"image\":{\"@type\":\"ImageObject\",\"inLanguage\":\"de\",\"@id\":\"https:\/\/www.lwbv.de\/lwbv\/#\/schema\/person\/image\/\",\"url\":\"https:\/\/secure.gravatar.com\/avatar\/4d5a2ca08573e3116fcb180f57fec69f?s=96&d=mm&r=g\",\"contentUrl\":\"https:\/\/secure.gravatar.com\/avatar\/4d5a2ca08573e3116fcb180f57fec69f?s=96&d=mm&r=g\",\"caption\":\"wigital-dg\"}}]}<\/script>\n<!-- \/ Yoast SEO plugin. -->","yoast_head_json":{"title":"Klaus Busch-Clau\u00dfen zum Stellvertretenden Verbandsvorsteher gew\u00e4hlt - Landesverband der Wasser- und Bodenverb\u00e4nde","robots":{"index":"index","follow":"follow","max-snippet":"max-snippet:-1","max-image-preview":"max-image-preview:large","max-video-preview":"max-video-preview:-1"},"canonical":"https:\/\/www.lwbv.de\/lwbv\/2014\/06\/16\/klaus-busch-claussen-zum-stellvertretenden-verbandsvorsteher-gewaehlt\/","og_locale":"de_DE","og_type":"article","og_title":"Klaus Busch-Clau\u00dfen zum Stellvertretenden Verbandsvorsteher gew\u00e4hlt - Landesverband der Wasser- und Bodenverb\u00e4nde","og_description":"Klaus Busch-Clau\u00dfen zum Stellvertretenden Verbandsvorsteher gew\u00e4hlt Klaus Busch-Clau\u00dfen hei\u00dft der neue Stellvertretende Verbandsvorsteher des Landesverbandes. Einstimmig w\u00e4hlte der Verbandsausschuss den Vorsteher des Wasserverbandes S\u00fcderdithmarschen zum Nachfolger von Klaus Uwe Marten, der sich bekanntlich zum Jahresende aus der Vorstandst\u00e4tigkeit zur\u00fcckgezogen hatte. Busch-Clau\u00dfen, gleichzeitig B\u00fcrgermeister der Gemeinde Nindorf, dankte f\u00fcr das in ihn gesetzte Vertrauen und betonte,&hellip;","og_url":"https:\/\/www.lwbv.de\/lwbv\/2014\/06\/16\/klaus-busch-claussen-zum-stellvertretenden-verbandsvorsteher-gewaehlt\/","og_site_name":"Landesverband der Wasser- und Bodenverb\u00e4nde","article_published_time":"2014-06-16T14:33:57+00:00","article_modified_time":"2018-09-03T14:38:13+00:00","og_image":[{"url":"https:\/\/www.lwbv.de\/lwbv\/wp-content\/uploads\/2018\/09\/Busch-CP1100186-300x225.jpg"}],"author":"wigital-dg","twitter_card":"summary_large_image","twitter_misc":{"Verfasst von":"wigital-dg","Gesch\u00e4tzte Lesezeit":"1\u00a0Minute"},"schema":{"@context":"https:\/\/schema.org","@graph":[{"@type":"WebPage","@id":"https:\/\/www.lwbv.de\/lwbv\/2014\/06\/16\/klaus-busch-claussen-zum-stellvertretenden-verbandsvorsteher-gewaehlt\/","url":"https:\/\/www.lwbv.de\/lwbv\/2014\/06\/16\/klaus-busch-claussen-zum-stellvertretenden-verbandsvorsteher-gewaehlt\/","name":"Klaus Busch-Clau\u00dfen zum Stellvertretenden Verbandsvorsteher gew\u00e4hlt - Landesverband der Wasser- und Bodenverb\u00e4nde","isPartOf":{"@id":"https:\/\/www.lwbv.de\/lwbv\/#website"},"primaryImageOfPage":{"@id":"https:\/\/www.lwbv.de\/lwbv\/2014\/06\/16\/klaus-busch-claussen-zum-stellvertretenden-verbandsvorsteher-gewaehlt\/#primaryimage"},"image":{"@id":"https:\/\/www.lwbv.de\/lwbv\/2014\/06\/16\/klaus-busch-claussen-zum-stellvertretenden-verbandsvorsteher-gewaehlt\/#primaryimage"},"thumbnailUrl":"https:\/\/www.lwbv.de\/lwbv\/wp-content\/uploads\/2018\/09\/Busch-CP1100186-300x225.jpg","datePublished":"2014-06-16T14:33:57+00:00","dateModified":"2018-09-03T14:38:13+00:00","author":{"@id":"https:\/\/www.lwbv.de\/lwbv\/#\/schema\/person\/50ba0d3957b72a32b4eb155593bc065a"},"breadcrumb":{"@id":"https:\/\/www.lwbv.de\/lwbv\/2014\/06\/16\/klaus-busch-claussen-zum-stellvertretenden-verbandsvorsteher-gewaehlt\/#breadcrumb"},"inLanguage":"de","potentialAction":[{"@type":"ReadAction","target":["https:\/\/www.lwbv.de\/lwbv\/2014\/06\/16\/klaus-busch-claussen-zum-stellvertretenden-verbandsvorsteher-gewaehlt\/"]}]},{"@type":"ImageObject","inLanguage":"de","@id":"https:\/\/www.lwbv.de\/lwbv\/2014\/06\/16\/klaus-busch-claussen-zum-stellvertretenden-verbandsvorsteher-gewaehlt\/#primaryimage","url":"https:\/\/www.lwbv.de\/lwbv\/wp-content\/uploads\/2018\/09\/Busch-CP1100186.jpg","contentUrl":"https:\/\/www.lwbv.de\/lwbv\/wp-content\/uploads\/2018\/09\/Busch-CP1100186.jpg","width":400,"height":300},{"@type":"BreadcrumbList","@id":"https:\/\/www.lwbv.de\/lwbv\/2014\/06\/16\/klaus-busch-claussen-zum-stellvertretenden-verbandsvorsteher-gewaehlt\/#breadcrumb","itemListElement":[{"@type":"ListItem","position":1,"name":"Startseite","item":"https:\/\/www.lwbv.de\/lwbv\/"},{"@type":"ListItem","position":2,"name":"Klaus Busch-Clau\u00dfen zum Stellvertretenden Verbandsvorsteher gew\u00e4hlt"}]},{"@type":"WebSite","@id":"https:\/\/www.lwbv.de\/lwbv\/#website","url":"https:\/\/www.lwbv.de\/lwbv\/","name":"Landesverband der Wasser- und Bodenverb\u00e4nde","description":"","potentialAction":[{"@type":"SearchAction","target":{"@type":"EntryPoint","urlTemplate":"https:\/\/www.lwbv.de\/lwbv\/?s={search_term_string}"},"query-input":"required name=search_term_string"}],"inLanguage":"de"},{"@type":"Person","@id":"https:\/\/www.lwbv.de\/lwbv\/#\/schema\/person\/50ba0d3957b72a32b4eb155593bc065a","name":"wigital-dg","image":{"@type":"ImageObject","inLanguage":"de","@id":"https:\/\/www.lwbv.de\/lwbv\/#\/schema\/person\/image\/","url":"https:\/\/secure.gravatar.com\/avatar\/4d5a2ca08573e3116fcb180f57fec69f?s=96&d=mm&r=g","contentUrl":"https:\/\/secure.gravatar.com\/avatar\/4d5a2ca08573e3116fcb180f57fec69f?s=96&d=mm&r=g","caption":"wigital-dg"}}]}},"_links":{"self":[{"href":"https:\/\/www.lwbv.de\/lwbv\/wp-json\/wp\/v2\/posts\/875"}],"collection":[{"href":"https:\/\/www.lwbv.de\/lwbv\/wp-json\/wp\/v2\/posts"}],"about":[{"href":"https:\/\/www.lwbv.de\/lwbv\/wp-json\/wp\/v2\/types\/post"}],"author":[{"embeddable":true,"href":"https:\/\/www.lwbv.de\/lwbv\/wp-json\/wp\/v2\/users\/4"}],"replies":[{"embeddable":true,"href":"https:\/\/www.lwbv.de\/lwbv\/wp-json\/wp\/v2\/comments?post=875"}],"version-history":[{"count":2,"href":"https:\/\/www.lwbv.de\/lwbv\/wp-json\/wp\/v2\/posts\/875\/revisions"}],"predecessor-version":[{"id":879,"href":"https:\/\/www.lwbv.de\/lwbv\/wp-json\/wp\/v2\/posts\/875\/revisions\/879"}],"wp:attachment":[{"href":"https:\/\/www.lwbv.de\/lwbv\/wp-json\/wp\/v2\/media?parent=875"}],"wp:term":[{"taxonomy":"category","embeddable":true,"href":"https:\/\/www.lwbv.de\/lwbv\/wp-json\/wp\/v2\/categories?post=875"},{"taxonomy":"post_tag","embeddable":true,"href":"https:\/\/www.lwbv.de\/lwbv\/wp-json\/wp\/v2\/tags?post=875"}],"curies":[{"name":"wp","href":"https:\/\/api.w.org\/{rel}","templated":true}]}}