{"id":894,"date":"2015-02-12T16:51:26","date_gmt":"2015-02-12T15:51:26","guid":{"rendered":"https:\/\/www.lwbv.de\/lwbv\/?p=894"},"modified":"2018-09-03T17:02:24","modified_gmt":"2018-09-03T15:02:24","slug":"verbands-informationen-nr-93-erschienen-12-2-2-2-2-2","status":"publish","type":"post","link":"https:\/\/www.lwbv.de\/lwbv\/2015\/02\/12\/entwurf-des-landesnaturschutzgesetzes-in-der-verbaendeanhoerung\/","title":{"rendered":"Entwurf des Landesnaturschutzgesetzes in der Verb\u00e4ndeanh\u00f6rung"},"content":{"rendered":"<h1>Entwurf des Landesnaturschutzgesetzes in der Verb\u00e4ndeanh\u00f6rung<\/h1>\n<p>Mit einer Novelle des Landesnaturschutzgesetzes will die Landesregierung die Artenvielfalt besser sch\u00fctzen und die Natur als Freiheits- und Erlebnisraum bewahren und weiter \u00f6ffnen. Ein entsprechender Entwurf des Umweltministeriums befindet sich jetzt in der Verb\u00e4ndeanh\u00f6rung und wurde den Dachverb\u00e4nden vom Landesverband zugestellt.<br \/>\nKernpunkte sind ein Vorkaufsrecht des Landes f\u00fcr \u00f6kologisch besonders wertvolle Naturfl\u00e4chen, eine Erh\u00f6hung der miteinander zu verbindenden Vorrangfl\u00e4chen f\u00fcr Natur auf 15 Prozent und der Schutz der Biotope. Zudem soll das Verbot, ungenutzte Fl\u00e4chen, etwa abgeerntete Felder, zu betreten, aufgehoben werden.<\/p>\n<p>Weitere Infos sowie den Gesetzesentwurf finden Sie hier<\/p>\n","protected":false},"excerpt":{"rendered":"<p>Entwurf des Landesnaturschutzgesetzes in der Verb\u00e4ndeanh\u00f6rung Mit einer Novelle des Landesnaturschutzgesetzes will die Landesregierung die Artenvielfalt besser sch\u00fctzen und die Natur als Freiheits- und Erlebnisraum bewahren und weiter \u00f6ffnen. Ein entsprechender Entwurf des Umweltministeriums befindet sich jetzt in der Verb\u00e4ndeanh\u00f6rung und wurde den Dachverb\u00e4nden vom Landesverband zugestellt. Kernpunkte sind ein Vorkaufsrecht des Landes f\u00fcr \u00f6kologisch&hellip;<\/p>\n","protected":false},"author":4,"featured_media":0,"comment_status":"closed","ping_status":"open","sticky":false,"template":"","format":"standard","meta":{"footnotes":""},"categories":[1],"tags":[],"yoast_head":"<!-- This site is optimized with the Yoast SEO plugin v22.8 - https:\/\/yoast.com\/wordpress\/plugins\/seo\/ -->\n<title>Entwurf des Landesnaturschutzgesetzes in der Verb\u00e4ndeanh\u00f6rung - Landesverband der Wasser- und Bodenverb\u00e4nde<\/title>\n<meta name=\"robots\" content=\"index, follow, max-snippet:-1, max-image-preview:large, max-video-preview:-1\" \/>\n<link rel=\"canonical\" href=\"https:\/\/www.lwbv.de\/lwbv\/2015\/02\/12\/entwurf-des-landesnaturschutzgesetzes-in-der-verbaendeanhoerung\/\" \/>\n<meta property=\"og:locale\" content=\"de_DE\" \/>\n<meta property=\"og:type\" content=\"article\" \/>\n<meta property=\"og:title\" content=\"Entwurf des Landesnaturschutzgesetzes in der Verb\u00e4ndeanh\u00f6rung - Landesverband der Wasser- und Bodenverb\u00e4nde\" \/>\n<meta property=\"og:description\" content=\"Entwurf des Landesnaturschutzgesetzes in der Verb\u00e4ndeanh\u00f6rung Mit einer Novelle des Landesnaturschutzgesetzes will die Landesregierung die Artenvielfalt besser sch\u00fctzen und die Natur als Freiheits- und Erlebnisraum bewahren und weiter \u00f6ffnen. Ein entsprechender Entwurf des Umweltministeriums befindet sich jetzt in der Verb\u00e4ndeanh\u00f6rung und wurde den Dachverb\u00e4nden vom Landesverband zugestellt. Kernpunkte sind ein Vorkaufsrecht des Landes f\u00fcr \u00f6kologisch&hellip;\" \/>\n<meta property=\"og:url\" content=\"https:\/\/www.lwbv.de\/lwbv\/2015\/02\/12\/entwurf-des-landesnaturschutzgesetzes-in-der-verbaendeanhoerung\/\" \/>\n<meta property=\"og:site_name\" content=\"Landesverband der Wasser- und Bodenverb\u00e4nde\" \/>\n<meta property=\"article:published_time\" content=\"2015-02-12T15:51:26+00:00\" \/>\n<meta property=\"article:modified_time\" content=\"2018-09-03T15:02:24+00:00\" \/>\n<meta name=\"author\" content=\"wigital-dg\" \/>\n<meta name=\"twitter:card\" content=\"summary_large_image\" \/>\n<meta name=\"twitter:label1\" content=\"Verfasst von\" \/>\n\t<meta name=\"twitter:data1\" content=\"wigital-dg\" \/>\n\t<meta name=\"twitter:label2\" content=\"Gesch\u00e4tzte Lesezeit\" \/>\n\t<meta name=\"twitter:data2\" content=\"1\u00a0Minute\" \/>\n<script type=\"application\/ld+json\" class=\"yoast-schema-graph\">{\"@context\":\"https:\/\/schema.org\",\"@graph\":[{\"@type\":\"WebPage\",\"@id\":\"https:\/\/www.lwbv.de\/lwbv\/2015\/02\/12\/entwurf-des-landesnaturschutzgesetzes-in-der-verbaendeanhoerung\/\",\"url\":\"https:\/\/www.lwbv.de\/lwbv\/2015\/02\/12\/entwurf-des-landesnaturschutzgesetzes-in-der-verbaendeanhoerung\/\",\"name\":\"Entwurf des Landesnaturschutzgesetzes in der Verb\u00e4ndeanh\u00f6rung - Landesverband der Wasser- und Bodenverb\u00e4nde\",\"isPartOf\":{\"@id\":\"https:\/\/www.lwbv.de\/lwbv\/#website\"},\"datePublished\":\"2015-02-12T15:51:26+00:00\",\"dateModified\":\"2018-09-03T15:02:24+00:00\",\"author\":{\"@id\":\"https:\/\/www.lwbv.de\/lwbv\/#\/schema\/person\/50ba0d3957b72a32b4eb155593bc065a\"},\"breadcrumb\":{\"@id\":\"https:\/\/www.lwbv.de\/lwbv\/2015\/02\/12\/entwurf-des-landesnaturschutzgesetzes-in-der-verbaendeanhoerung\/#breadcrumb\"},\"inLanguage\":\"de\",\"potentialAction\":[{\"@type\":\"ReadAction\",\"target\":[\"https:\/\/www.lwbv.de\/lwbv\/2015\/02\/12\/entwurf-des-landesnaturschutzgesetzes-in-der-verbaendeanhoerung\/\"]}]},{\"@type\":\"BreadcrumbList\",\"@id\":\"https:\/\/www.lwbv.de\/lwbv\/2015\/02\/12\/entwurf-des-landesnaturschutzgesetzes-in-der-verbaendeanhoerung\/#breadcrumb\",\"itemListElement\":[{\"@type\":\"ListItem\",\"position\":1,\"name\":\"Startseite\",\"item\":\"https:\/\/www.lwbv.de\/lwbv\/\"},{\"@type\":\"ListItem\",\"position\":2,\"name\":\"Entwurf des Landesnaturschutzgesetzes in der Verb\u00e4ndeanh\u00f6rung\"}]},{\"@type\":\"WebSite\",\"@id\":\"https:\/\/www.lwbv.de\/lwbv\/#website\",\"url\":\"https:\/\/www.lwbv.de\/lwbv\/\",\"name\":\"Landesverband der Wasser- und Bodenverb\u00e4nde\",\"description\":\"\",\"potentialAction\":[{\"@type\":\"SearchAction\",\"target\":{\"@type\":\"EntryPoint\",\"urlTemplate\":\"https:\/\/www.lwbv.de\/lwbv\/?s={search_term_string}\"},\"query-input\":\"required name=search_term_string\"}],\"inLanguage\":\"de\"},{\"@type\":\"Person\",\"@id\":\"https:\/\/www.lwbv.de\/lwbv\/#\/schema\/person\/50ba0d3957b72a32b4eb155593bc065a\",\"name\":\"wigital-dg\",\"image\":{\"@type\":\"ImageObject\",\"inLanguage\":\"de\",\"@id\":\"https:\/\/www.lwbv.de\/lwbv\/#\/schema\/person\/image\/\",\"url\":\"https:\/\/secure.gravatar.com\/avatar\/4d5a2ca08573e3116fcb180f57fec69f?s=96&d=mm&r=g\",\"contentUrl\":\"https:\/\/secure.gravatar.com\/avatar\/4d5a2ca08573e3116fcb180f57fec69f?s=96&d=mm&r=g\",\"caption\":\"wigital-dg\"}}]}<\/script>\n<!-- \/ Yoast SEO plugin. -->","yoast_head_json":{"title":"Entwurf des Landesnaturschutzgesetzes in der Verb\u00e4ndeanh\u00f6rung - Landesverband der Wasser- und Bodenverb\u00e4nde","robots":{"index":"index","follow":"follow","max-snippet":"max-snippet:-1","max-image-preview":"max-image-preview:large","max-video-preview":"max-video-preview:-1"},"canonical":"https:\/\/www.lwbv.de\/lwbv\/2015\/02\/12\/entwurf-des-landesnaturschutzgesetzes-in-der-verbaendeanhoerung\/","og_locale":"de_DE","og_type":"article","og_title":"Entwurf des Landesnaturschutzgesetzes in der Verb\u00e4ndeanh\u00f6rung - Landesverband der Wasser- und Bodenverb\u00e4nde","og_description":"Entwurf des Landesnaturschutzgesetzes in der Verb\u00e4ndeanh\u00f6rung Mit einer Novelle des Landesnaturschutzgesetzes will die Landesregierung die Artenvielfalt besser sch\u00fctzen und die Natur als Freiheits- und Erlebnisraum bewahren und weiter \u00f6ffnen. Ein entsprechender Entwurf des Umweltministeriums befindet sich jetzt in der Verb\u00e4ndeanh\u00f6rung und wurde den Dachverb\u00e4nden vom Landesverband zugestellt. Kernpunkte sind ein Vorkaufsrecht des Landes f\u00fcr \u00f6kologisch&hellip;","og_url":"https:\/\/www.lwbv.de\/lwbv\/2015\/02\/12\/entwurf-des-landesnaturschutzgesetzes-in-der-verbaendeanhoerung\/","og_site_name":"Landesverband der Wasser- und Bodenverb\u00e4nde","article_published_time":"2015-02-12T15:51:26+00:00","article_modified_time":"2018-09-03T15:02:24+00:00","author":"wigital-dg","twitter_card":"summary_large_image","twitter_misc":{"Verfasst von":"wigital-dg","Gesch\u00e4tzte Lesezeit":"1\u00a0Minute"},"schema":{"@context":"https:\/\/schema.org","@graph":[{"@type":"WebPage","@id":"https:\/\/www.lwbv.de\/lwbv\/2015\/02\/12\/entwurf-des-landesnaturschutzgesetzes-in-der-verbaendeanhoerung\/","url":"https:\/\/www.lwbv.de\/lwbv\/2015\/02\/12\/entwurf-des-landesnaturschutzgesetzes-in-der-verbaendeanhoerung\/","name":"Entwurf des Landesnaturschutzgesetzes in der Verb\u00e4ndeanh\u00f6rung - Landesverband der Wasser- und Bodenverb\u00e4nde","isPartOf":{"@id":"https:\/\/www.lwbv.de\/lwbv\/#website"},"datePublished":"2015-02-12T15:51:26+00:00","dateModified":"2018-09-03T15:02:24+00:00","author":{"@id":"https:\/\/www.lwbv.de\/lwbv\/#\/schema\/person\/50ba0d3957b72a32b4eb155593bc065a"},"breadcrumb":{"@id":"https:\/\/www.lwbv.de\/lwbv\/2015\/02\/12\/entwurf-des-landesnaturschutzgesetzes-in-der-verbaendeanhoerung\/#breadcrumb"},"inLanguage":"de","potentialAction":[{"@type":"ReadAction","target":["https:\/\/www.lwbv.de\/lwbv\/2015\/02\/12\/entwurf-des-landesnaturschutzgesetzes-in-der-verbaendeanhoerung\/"]}]},{"@type":"BreadcrumbList","@id":"https:\/\/www.lwbv.de\/lwbv\/2015\/02\/12\/entwurf-des-landesnaturschutzgesetzes-in-der-verbaendeanhoerung\/#breadcrumb","itemListElement":[{"@type":"ListItem","position":1,"name":"Startseite","item":"https:\/\/www.lwbv.de\/lwbv\/"},{"@type":"ListItem","position":2,"name":"Entwurf des Landesnaturschutzgesetzes in der Verb\u00e4ndeanh\u00f6rung"}]},{"@type":"WebSite","@id":"https:\/\/www.lwbv.de\/lwbv\/#website","url":"https:\/\/www.lwbv.de\/lwbv\/","name":"Landesverband der Wasser- und Bodenverb\u00e4nde","description":"","potentialAction":[{"@type":"SearchAction","target":{"@type":"EntryPoint","urlTemplate":"https:\/\/www.lwbv.de\/lwbv\/?s={search_term_string}"},"query-input":"required name=search_term_string"}],"inLanguage":"de"},{"@type":"Person","@id":"https:\/\/www.lwbv.de\/lwbv\/#\/schema\/person\/50ba0d3957b72a32b4eb155593bc065a","name":"wigital-dg","image":{"@type":"ImageObject","inLanguage":"de","@id":"https:\/\/www.lwbv.de\/lwbv\/#\/schema\/person\/image\/","url":"https:\/\/secure.gravatar.com\/avatar\/4d5a2ca08573e3116fcb180f57fec69f?s=96&d=mm&r=g","contentUrl":"https:\/\/secure.gravatar.com\/avatar\/4d5a2ca08573e3116fcb180f57fec69f?s=96&d=mm&r=g","caption":"wigital-dg"}}]}},"_links":{"self":[{"href":"https:\/\/www.lwbv.de\/lwbv\/wp-json\/wp\/v2\/posts\/894"}],"collection":[{"href":"https:\/\/www.lwbv.de\/lwbv\/wp-json\/wp\/v2\/posts"}],"about":[{"href":"https:\/\/www.lwbv.de\/lwbv\/wp-json\/wp\/v2\/types\/post"}],"author":[{"embeddable":true,"href":"https:\/\/www.lwbv.de\/lwbv\/wp-json\/wp\/v2\/users\/4"}],"replies":[{"embeddable":true,"href":"https:\/\/www.lwbv.de\/lwbv\/wp-json\/wp\/v2\/comments?post=894"}],"version-history":[{"count":2,"href":"https:\/\/www.lwbv.de\/lwbv\/wp-json\/wp\/v2\/posts\/894\/revisions"}],"predecessor-version":[{"id":896,"href":"https:\/\/www.lwbv.de\/lwbv\/wp-json\/wp\/v2\/posts\/894\/revisions\/896"}],"wp:attachment":[{"href":"https:\/\/www.lwbv.de\/lwbv\/wp-json\/wp\/v2\/media?parent=894"}],"wp:term":[{"taxonomy":"category","embeddable":true,"href":"https:\/\/www.lwbv.de\/lwbv\/wp-json\/wp\/v2\/categories?post=894"},{"taxonomy":"post_tag","embeddable":true,"href":"https:\/\/www.lwbv.de\/lwbv\/wp-json\/wp\/v2\/tags?post=894"}],"curies":[{"name":"wp","href":"https:\/\/api.w.org\/{rel}","templated":true}]}}