{"id":925,"date":"2015-12-11T09:33:25","date_gmt":"2015-12-11T08:33:25","guid":{"rendered":"https:\/\/www.lwbv.de\/lwbv\/?p=925"},"modified":"2018-09-04T09:35:33","modified_gmt":"2018-09-04T07:35:33","slug":"verbands-informationen-nr-93-erschienen-14-3-2-2","status":"publish","type":"post","link":"https:\/\/www.lwbv.de\/lwbv\/2015\/12\/11\/hans-heinrich-gloy-zum-verbandsvorsteher-des-landesverbandes-gewaehlt\/","title":{"rendered":"Hans-Heinrich Gloy zum Verbandsvorsteher des Landesverbandes gew\u00e4hlt"},"content":{"rendered":"<h1>Hans-Heinrich Gloy zum Verbandsvorsteher des Landesverbandes gew\u00e4hlt<\/h1>\n<p>Hans-Heinrich Gloy hei\u00dft der neue Verbandsvorsteher des Landesverbandes der Wasser- und Bodenverb\u00e4nde Schleswig-Holstein!<\/p>\n<p><img loading=\"lazy\" decoding=\"async\" class=\"alignnone size-medium wp-image-926\" src=\"https:\/\/www.lwbv.de\/lwbv\/wp-content\/uploads\/2018\/09\/Gloy225-214x300.jpg\" alt=\"\" width=\"214\" height=\"300\" srcset=\"https:\/\/www.lwbv.de\/lwbv\/wp-content\/uploads\/2018\/09\/Gloy225-214x300.jpg 214w, https:\/\/www.lwbv.de\/lwbv\/wp-content\/uploads\/2018\/09\/Gloy225.jpg 225w\" sizes=\"(max-width: 214px) 100vw, 214px\" \/><\/p>\n<p>Der 56-j\u00e4hrige Landwirt aus Poyenberg (Kreis Steinburg) tritt damit zum 1. Januar 2016 die Nachfolge von Hans-Adolf Boie an, der sich nach 15-j\u00e4hriger Amtszeit aus Altersgr\u00fcnden nicht zur Wiederwahl stellte.<\/p>\n<p>Auch die langj\u00e4hrigen Vorstandsmitglieder Peter Lorenzen und Hans Kr\u00f6ger verzichteten auf eine weitere Kandidatur, sodass bereits vor der gestrigen Wahl feststand, dass der f\u00fcnfk\u00f6pfige Vorstand k\u00fcnftig ein anderes Gesicht erhalten w\u00fcrde.<\/p>\n<p>Neben Hans-Heinrich Gloy w\u00e4hlte der Verbandsausschuss Klaus Busch-Clau\u00dfen (Wasserverband S\u00fcderdithmarschen) zum Stellvertretenden Verbandsvorsteher sowie Jan J\u00fcrgen Rabeler (DHSV Eiderstedt), Robert Muus (WBV Ostholstein) und Wolfgang Pagel (GLV Herzogtum Lauenburg) zu weiteren Vorstandsmitgliedern.<\/p>\n<p>Hans-Adolf Boie dankte seinen langj\u00e4hrigen Vorstandskollegen Lorenzen und Kr\u00f6ger f\u00fcr die immer konstruktive und unkomplizierte Zusammenarbeit und verband seine Gl\u00fcckw\u00fcnsche an den neuen Vorstand mit der Versicherung, der Ausschuss habe eine sehr gute Wahl getroffen.<\/p>\n<p>Klaus Busch-Clau\u00dfen, Ministerialdirigent Dietmar Wienholdt und Hans-Heinrich Gloy betonten die gro\u00dfen Verdienste Boies f\u00fcr das schleswig-holsteinische Verbandswesen.<\/p>\n<p>Der frischgew\u00e4hlte Verbandsvorsteher Gloy dankte f\u00fcr das ihm entgegengebrachte Vertrauen und wies auf gro\u00dfe, k\u00fcnftige Herausforderungen f\u00fcr die Verb\u00e4nde hin. \u00dcbereinstimmend stellten alle Mitglieder des neuen Vorstandes fest, dass diese insbesondere in durch den Klimawandel bedingten Ver\u00e4nderungen, dem notwendigen Ausgleich zwischen wasserwirtschaftlichen und \u00f6kologischen Interessen in der Gew\u00e4sserunterhaltung sowie in der Sicherstellung einer optimalen Trinkwasserversorgung zu sehen seien.<\/p>\n<p><img loading=\"lazy\" decoding=\"async\" class=\"size-medium wp-image-927\" src=\"https:\/\/www.lwbv.de\/lwbv\/wp-content\/uploads\/2018\/09\/PC100221-kl-300x187.jpg\" alt=\"\" width=\"300\" height=\"187\" srcset=\"https:\/\/www.lwbv.de\/lwbv\/wp-content\/uploads\/2018\/09\/PC100221-kl-300x187.jpg 300w, https:\/\/www.lwbv.de\/lwbv\/wp-content\/uploads\/2018\/09\/PC100221-kl.jpg 337w\" sizes=\"(max-width: 300px) 100vw, 300px\" \/><\/p>\n<p>&nbsp;<\/p>\n<p>Alter und neuer Vorstand des Landesverbandes: Robert Muus, Peter Lorenzen, Jan Rabeler, Klaus Busch-Clau\u00dfen, Hans-Adolf Boie, Hans-Heinrich Gloy, Wolfgang Pagel, Hans Kr\u00f6ger (v.l.n.r)<\/p>\n","protected":false},"excerpt":{"rendered":"<p>Hans-Heinrich Gloy zum Verbandsvorsteher des Landesverbandes gew\u00e4hlt Hans-Heinrich Gloy hei\u00dft der neue Verbandsvorsteher des Landesverbandes der Wasser- und Bodenverb\u00e4nde Schleswig-Holstein! Der 56-j\u00e4hrige Landwirt aus Poyenberg (Kreis Steinburg) tritt damit zum 1. Januar 2016 die Nachfolge von Hans-Adolf Boie an, der sich nach 15-j\u00e4hriger Amtszeit aus Altersgr\u00fcnden nicht zur Wiederwahl stellte. Auch die langj\u00e4hrigen Vorstandsmitglieder Peter&hellip;<\/p>\n","protected":false},"author":4,"featured_media":0,"comment_status":"closed","ping_status":"open","sticky":false,"template":"","format":"standard","meta":{"footnotes":""},"categories":[1],"tags":[],"yoast_head":"<!-- This site is optimized with the Yoast SEO plugin v22.8 - https:\/\/yoast.com\/wordpress\/plugins\/seo\/ -->\n<title>Hans-Heinrich Gloy zum Verbandsvorsteher des Landesverbandes gew\u00e4hlt - Landesverband der Wasser- und Bodenverb\u00e4nde<\/title>\n<meta name=\"robots\" content=\"index, follow, max-snippet:-1, max-image-preview:large, max-video-preview:-1\" \/>\n<link rel=\"canonical\" href=\"https:\/\/www.lwbv.de\/lwbv\/2015\/12\/11\/hans-heinrich-gloy-zum-verbandsvorsteher-des-landesverbandes-gewaehlt\/\" \/>\n<meta property=\"og:locale\" content=\"de_DE\" \/>\n<meta property=\"og:type\" content=\"article\" \/>\n<meta property=\"og:title\" content=\"Hans-Heinrich Gloy zum Verbandsvorsteher des Landesverbandes gew\u00e4hlt - Landesverband der Wasser- und Bodenverb\u00e4nde\" \/>\n<meta property=\"og:description\" content=\"Hans-Heinrich Gloy zum Verbandsvorsteher des Landesverbandes gew\u00e4hlt Hans-Heinrich Gloy hei\u00dft der neue Verbandsvorsteher des Landesverbandes der Wasser- und Bodenverb\u00e4nde Schleswig-Holstein! Der 56-j\u00e4hrige Landwirt aus Poyenberg (Kreis Steinburg) tritt damit zum 1. Januar 2016 die Nachfolge von Hans-Adolf Boie an, der sich nach 15-j\u00e4hriger Amtszeit aus Altersgr\u00fcnden nicht zur Wiederwahl stellte. Auch die langj\u00e4hrigen Vorstandsmitglieder Peter&hellip;\" \/>\n<meta property=\"og:url\" content=\"https:\/\/www.lwbv.de\/lwbv\/2015\/12\/11\/hans-heinrich-gloy-zum-verbandsvorsteher-des-landesverbandes-gewaehlt\/\" \/>\n<meta property=\"og:site_name\" content=\"Landesverband der Wasser- und Bodenverb\u00e4nde\" \/>\n<meta property=\"article:published_time\" content=\"2015-12-11T08:33:25+00:00\" \/>\n<meta property=\"article:modified_time\" content=\"2018-09-04T07:35:33+00:00\" \/>\n<meta property=\"og:image\" content=\"https:\/\/www.lwbv.de\/lwbv\/wp-content\/uploads\/2018\/09\/Gloy225-214x300.jpg\" \/>\n<meta name=\"author\" content=\"wigital-dg\" \/>\n<meta name=\"twitter:card\" content=\"summary_large_image\" \/>\n<meta name=\"twitter:label1\" content=\"Verfasst von\" \/>\n\t<meta name=\"twitter:data1\" content=\"wigital-dg\" \/>\n\t<meta name=\"twitter:label2\" content=\"Gesch\u00e4tzte Lesezeit\" \/>\n\t<meta name=\"twitter:data2\" content=\"1\u00a0Minute\" \/>\n<script type=\"application\/ld+json\" class=\"yoast-schema-graph\">{\"@context\":\"https:\/\/schema.org\",\"@graph\":[{\"@type\":\"WebPage\",\"@id\":\"https:\/\/www.lwbv.de\/lwbv\/2015\/12\/11\/hans-heinrich-gloy-zum-verbandsvorsteher-des-landesverbandes-gewaehlt\/\",\"url\":\"https:\/\/www.lwbv.de\/lwbv\/2015\/12\/11\/hans-heinrich-gloy-zum-verbandsvorsteher-des-landesverbandes-gewaehlt\/\",\"name\":\"Hans-Heinrich Gloy zum Verbandsvorsteher des Landesverbandes gew\u00e4hlt - Landesverband der Wasser- und Bodenverb\u00e4nde\",\"isPartOf\":{\"@id\":\"https:\/\/www.lwbv.de\/lwbv\/#website\"},\"primaryImageOfPage\":{\"@id\":\"https:\/\/www.lwbv.de\/lwbv\/2015\/12\/11\/hans-heinrich-gloy-zum-verbandsvorsteher-des-landesverbandes-gewaehlt\/#primaryimage\"},\"image\":{\"@id\":\"https:\/\/www.lwbv.de\/lwbv\/2015\/12\/11\/hans-heinrich-gloy-zum-verbandsvorsteher-des-landesverbandes-gewaehlt\/#primaryimage\"},\"thumbnailUrl\":\"https:\/\/www.lwbv.de\/lwbv\/wp-content\/uploads\/2018\/09\/Gloy225-214x300.jpg\",\"datePublished\":\"2015-12-11T08:33:25+00:00\",\"dateModified\":\"2018-09-04T07:35:33+00:00\",\"author\":{\"@id\":\"https:\/\/www.lwbv.de\/lwbv\/#\/schema\/person\/50ba0d3957b72a32b4eb155593bc065a\"},\"breadcrumb\":{\"@id\":\"https:\/\/www.lwbv.de\/lwbv\/2015\/12\/11\/hans-heinrich-gloy-zum-verbandsvorsteher-des-landesverbandes-gewaehlt\/#breadcrumb\"},\"inLanguage\":\"de\",\"potentialAction\":[{\"@type\":\"ReadAction\",\"target\":[\"https:\/\/www.lwbv.de\/lwbv\/2015\/12\/11\/hans-heinrich-gloy-zum-verbandsvorsteher-des-landesverbandes-gewaehlt\/\"]}]},{\"@type\":\"ImageObject\",\"inLanguage\":\"de\",\"@id\":\"https:\/\/www.lwbv.de\/lwbv\/2015\/12\/11\/hans-heinrich-gloy-zum-verbandsvorsteher-des-landesverbandes-gewaehlt\/#primaryimage\",\"url\":\"https:\/\/www.lwbv.de\/lwbv\/wp-content\/uploads\/2018\/09\/Gloy225.jpg\",\"contentUrl\":\"https:\/\/www.lwbv.de\/lwbv\/wp-content\/uploads\/2018\/09\/Gloy225.jpg\",\"width\":225,\"height\":315},{\"@type\":\"BreadcrumbList\",\"@id\":\"https:\/\/www.lwbv.de\/lwbv\/2015\/12\/11\/hans-heinrich-gloy-zum-verbandsvorsteher-des-landesverbandes-gewaehlt\/#breadcrumb\",\"itemListElement\":[{\"@type\":\"ListItem\",\"position\":1,\"name\":\"Startseite\",\"item\":\"https:\/\/www.lwbv.de\/lwbv\/\"},{\"@type\":\"ListItem\",\"position\":2,\"name\":\"Hans-Heinrich Gloy zum Verbandsvorsteher des Landesverbandes gew\u00e4hlt\"}]},{\"@type\":\"WebSite\",\"@id\":\"https:\/\/www.lwbv.de\/lwbv\/#website\",\"url\":\"https:\/\/www.lwbv.de\/lwbv\/\",\"name\":\"Landesverband der Wasser- und Bodenverb\u00e4nde\",\"description\":\"\",\"potentialAction\":[{\"@type\":\"SearchAction\",\"target\":{\"@type\":\"EntryPoint\",\"urlTemplate\":\"https:\/\/www.lwbv.de\/lwbv\/?s={search_term_string}\"},\"query-input\":\"required name=search_term_string\"}],\"inLanguage\":\"de\"},{\"@type\":\"Person\",\"@id\":\"https:\/\/www.lwbv.de\/lwbv\/#\/schema\/person\/50ba0d3957b72a32b4eb155593bc065a\",\"name\":\"wigital-dg\",\"image\":{\"@type\":\"ImageObject\",\"inLanguage\":\"de\",\"@id\":\"https:\/\/www.lwbv.de\/lwbv\/#\/schema\/person\/image\/\",\"url\":\"https:\/\/secure.gravatar.com\/avatar\/4d5a2ca08573e3116fcb180f57fec69f?s=96&d=mm&r=g\",\"contentUrl\":\"https:\/\/secure.gravatar.com\/avatar\/4d5a2ca08573e3116fcb180f57fec69f?s=96&d=mm&r=g\",\"caption\":\"wigital-dg\"}}]}<\/script>\n<!-- \/ Yoast SEO plugin. -->","yoast_head_json":{"title":"Hans-Heinrich Gloy zum Verbandsvorsteher des Landesverbandes gew\u00e4hlt - Landesverband der Wasser- und Bodenverb\u00e4nde","robots":{"index":"index","follow":"follow","max-snippet":"max-snippet:-1","max-image-preview":"max-image-preview:large","max-video-preview":"max-video-preview:-1"},"canonical":"https:\/\/www.lwbv.de\/lwbv\/2015\/12\/11\/hans-heinrich-gloy-zum-verbandsvorsteher-des-landesverbandes-gewaehlt\/","og_locale":"de_DE","og_type":"article","og_title":"Hans-Heinrich Gloy zum Verbandsvorsteher des Landesverbandes gew\u00e4hlt - Landesverband der Wasser- und Bodenverb\u00e4nde","og_description":"Hans-Heinrich Gloy zum Verbandsvorsteher des Landesverbandes gew\u00e4hlt Hans-Heinrich Gloy hei\u00dft der neue Verbandsvorsteher des Landesverbandes der Wasser- und Bodenverb\u00e4nde Schleswig-Holstein! Der 56-j\u00e4hrige Landwirt aus Poyenberg (Kreis Steinburg) tritt damit zum 1. Januar 2016 die Nachfolge von Hans-Adolf Boie an, der sich nach 15-j\u00e4hriger Amtszeit aus Altersgr\u00fcnden nicht zur Wiederwahl stellte. Auch die langj\u00e4hrigen Vorstandsmitglieder Peter&hellip;","og_url":"https:\/\/www.lwbv.de\/lwbv\/2015\/12\/11\/hans-heinrich-gloy-zum-verbandsvorsteher-des-landesverbandes-gewaehlt\/","og_site_name":"Landesverband der Wasser- und Bodenverb\u00e4nde","article_published_time":"2015-12-11T08:33:25+00:00","article_modified_time":"2018-09-04T07:35:33+00:00","og_image":[{"url":"https:\/\/www.lwbv.de\/lwbv\/wp-content\/uploads\/2018\/09\/Gloy225-214x300.jpg"}],"author":"wigital-dg","twitter_card":"summary_large_image","twitter_misc":{"Verfasst von":"wigital-dg","Gesch\u00e4tzte Lesezeit":"1\u00a0Minute"},"schema":{"@context":"https:\/\/schema.org","@graph":[{"@type":"WebPage","@id":"https:\/\/www.lwbv.de\/lwbv\/2015\/12\/11\/hans-heinrich-gloy-zum-verbandsvorsteher-des-landesverbandes-gewaehlt\/","url":"https:\/\/www.lwbv.de\/lwbv\/2015\/12\/11\/hans-heinrich-gloy-zum-verbandsvorsteher-des-landesverbandes-gewaehlt\/","name":"Hans-Heinrich Gloy zum Verbandsvorsteher des Landesverbandes gew\u00e4hlt - Landesverband der Wasser- und Bodenverb\u00e4nde","isPartOf":{"@id":"https:\/\/www.lwbv.de\/lwbv\/#website"},"primaryImageOfPage":{"@id":"https:\/\/www.lwbv.de\/lwbv\/2015\/12\/11\/hans-heinrich-gloy-zum-verbandsvorsteher-des-landesverbandes-gewaehlt\/#primaryimage"},"image":{"@id":"https:\/\/www.lwbv.de\/lwbv\/2015\/12\/11\/hans-heinrich-gloy-zum-verbandsvorsteher-des-landesverbandes-gewaehlt\/#primaryimage"},"thumbnailUrl":"https:\/\/www.lwbv.de\/lwbv\/wp-content\/uploads\/2018\/09\/Gloy225-214x300.jpg","datePublished":"2015-12-11T08:33:25+00:00","dateModified":"2018-09-04T07:35:33+00:00","author":{"@id":"https:\/\/www.lwbv.de\/lwbv\/#\/schema\/person\/50ba0d3957b72a32b4eb155593bc065a"},"breadcrumb":{"@id":"https:\/\/www.lwbv.de\/lwbv\/2015\/12\/11\/hans-heinrich-gloy-zum-verbandsvorsteher-des-landesverbandes-gewaehlt\/#breadcrumb"},"inLanguage":"de","potentialAction":[{"@type":"ReadAction","target":["https:\/\/www.lwbv.de\/lwbv\/2015\/12\/11\/hans-heinrich-gloy-zum-verbandsvorsteher-des-landesverbandes-gewaehlt\/"]}]},{"@type":"ImageObject","inLanguage":"de","@id":"https:\/\/www.lwbv.de\/lwbv\/2015\/12\/11\/hans-heinrich-gloy-zum-verbandsvorsteher-des-landesverbandes-gewaehlt\/#primaryimage","url":"https:\/\/www.lwbv.de\/lwbv\/wp-content\/uploads\/2018\/09\/Gloy225.jpg","contentUrl":"https:\/\/www.lwbv.de\/lwbv\/wp-content\/uploads\/2018\/09\/Gloy225.jpg","width":225,"height":315},{"@type":"BreadcrumbList","@id":"https:\/\/www.lwbv.de\/lwbv\/2015\/12\/11\/hans-heinrich-gloy-zum-verbandsvorsteher-des-landesverbandes-gewaehlt\/#breadcrumb","itemListElement":[{"@type":"ListItem","position":1,"name":"Startseite","item":"https:\/\/www.lwbv.de\/lwbv\/"},{"@type":"ListItem","position":2,"name":"Hans-Heinrich Gloy zum Verbandsvorsteher des Landesverbandes gew\u00e4hlt"}]},{"@type":"WebSite","@id":"https:\/\/www.lwbv.de\/lwbv\/#website","url":"https:\/\/www.lwbv.de\/lwbv\/","name":"Landesverband der Wasser- und Bodenverb\u00e4nde","description":"","potentialAction":[{"@type":"SearchAction","target":{"@type":"EntryPoint","urlTemplate":"https:\/\/www.lwbv.de\/lwbv\/?s={search_term_string}"},"query-input":"required name=search_term_string"}],"inLanguage":"de"},{"@type":"Person","@id":"https:\/\/www.lwbv.de\/lwbv\/#\/schema\/person\/50ba0d3957b72a32b4eb155593bc065a","name":"wigital-dg","image":{"@type":"ImageObject","inLanguage":"de","@id":"https:\/\/www.lwbv.de\/lwbv\/#\/schema\/person\/image\/","url":"https:\/\/secure.gravatar.com\/avatar\/4d5a2ca08573e3116fcb180f57fec69f?s=96&d=mm&r=g","contentUrl":"https:\/\/secure.gravatar.com\/avatar\/4d5a2ca08573e3116fcb180f57fec69f?s=96&d=mm&r=g","caption":"wigital-dg"}}]}},"_links":{"self":[{"href":"https:\/\/www.lwbv.de\/lwbv\/wp-json\/wp\/v2\/posts\/925"}],"collection":[{"href":"https:\/\/www.lwbv.de\/lwbv\/wp-json\/wp\/v2\/posts"}],"about":[{"href":"https:\/\/www.lwbv.de\/lwbv\/wp-json\/wp\/v2\/types\/post"}],"author":[{"embeddable":true,"href":"https:\/\/www.lwbv.de\/lwbv\/wp-json\/wp\/v2\/users\/4"}],"replies":[{"embeddable":true,"href":"https:\/\/www.lwbv.de\/lwbv\/wp-json\/wp\/v2\/comments?post=925"}],"version-history":[{"count":1,"href":"https:\/\/www.lwbv.de\/lwbv\/wp-json\/wp\/v2\/posts\/925\/revisions"}],"predecessor-version":[{"id":928,"href":"https:\/\/www.lwbv.de\/lwbv\/wp-json\/wp\/v2\/posts\/925\/revisions\/928"}],"wp:attachment":[{"href":"https:\/\/www.lwbv.de\/lwbv\/wp-json\/wp\/v2\/media?parent=925"}],"wp:term":[{"taxonomy":"category","embeddable":true,"href":"https:\/\/www.lwbv.de\/lwbv\/wp-json\/wp\/v2\/categories?post=925"},{"taxonomy":"post_tag","embeddable":true,"href":"https:\/\/www.lwbv.de\/lwbv\/wp-json\/wp\/v2\/tags?post=925"}],"curies":[{"name":"wp","href":"https:\/\/api.w.org\/{rel}","templated":true}]}}