{"id":950,"date":"2016-04-12T13:27:22","date_gmt":"2016-04-12T11:27:22","guid":{"rendered":"https:\/\/www.lwbv.de\/lwbv\/?p=950"},"modified":"2018-09-04T13:31:13","modified_gmt":"2018-09-04T11:31:13","slug":"verbands-informationen-nr-93-erschienen-15-2-2-2-2-2","status":"publish","type":"post","link":"https:\/\/www.lwbv.de\/lwbv\/2016\/04\/12\/hans-adolf-boie-feierlich-verabschiedet\/","title":{"rendered":"Hans-Adolf Boie feierlich verabschiedet"},"content":{"rendered":"<h1>Hans-Adolf Boie feierlich verabschiedet<\/h1>\n<p>Mit einer w\u00fcrdigen Feier ist Hans-Adolf Boie aus seinem Amt als Verbandsvorsteher des Landesverbandes der Wasser- und Bodenverb\u00e4nde Schleswig-Holstein (LWBV) verabschiedet worden.<\/p>\n<p>In Anwesenheit von 150 G\u00e4sten aus ganz Deutschland w\u00fcrdigte Landwirtschaftsminister Dr. Robert Habeck die Verdienste des Nordermeldorfers. \u201eDurch Ihre gradlinige Art haben Sie als Mittler zwischen den Konfliktfeldern deutlich zur Befriedung des Verh\u00e4ltnisses von Wasserwirtschaft und Landwirtschaft zum Naturschutz beigetragen. Sie sind eine Type, ein Mann und auch ein Herr im besten norddeutschen Sinn\u201c, sagte der Minister auf dem Empfang in Meldorf, Dithmarschen.<\/p>\n<p><img loading=\"lazy\" decoding=\"async\" class=\"alignnone wp-image-951 size-full\" src=\"https:\/\/www.lwbv.de\/lwbv\/wp-content\/uploads\/2018\/09\/Habeck-230316.jpg\" alt=\"\" width=\"292\" height=\"274\" \/><\/p>\n<p>Auch der Vizepr\u00e4sident des Deutschen Bundes der verbandlichen Wasserwirtschaft (DBVW), Michael Constien, Ministerialdirigent Dietmar Wienholdt und der LWBV-Gesch\u00e4ftsf\u00fchrer Mathias Rohde sowie Boies Nachfolger Hans-Heinrich Gloy sprachen dem scheidenden Vorsteher ihre Anerkennung aus. Zum Abschluss gab es stehende Ovationen f\u00fcr den sichtlich ger\u00fchrten Dithmarscher.<\/p>\n<p><img loading=\"lazy\" decoding=\"async\" class=\"alignnone size-full wp-image-952\" src=\"https:\/\/www.lwbv.de\/lwbv\/wp-content\/uploads\/2018\/09\/Boie-Gloy-230316.jpg\" alt=\"\" width=\"391\" height=\"274\" srcset=\"https:\/\/www.lwbv.de\/lwbv\/wp-content\/uploads\/2018\/09\/Boie-Gloy-230316.jpg 391w, https:\/\/www.lwbv.de\/lwbv\/wp-content\/uploads\/2018\/09\/Boie-Gloy-230316-300x210.jpg 300w\" sizes=\"(max-width: 391px) 100vw, 391px\" \/><\/p>\n<p>Einige Presseberichte zur Verabschiedung finden Sie hier:<br \/>\n<a href=\"https:\/\/www.lwbv.de\/lwbv\/wp-content\/uploads\/2018\/09\/Boie-Verabschiedung-Presse.pdf\" target=\"_blank\" rel=\"noopener\">Klick (675 KB)<\/a><\/p>\n","protected":false},"excerpt":{"rendered":"<p>Hans-Adolf Boie feierlich verabschiedet Mit einer w\u00fcrdigen Feier ist Hans-Adolf Boie aus seinem Amt als Verbandsvorsteher des Landesverbandes der Wasser- und Bodenverb\u00e4nde Schleswig-Holstein (LWBV) verabschiedet worden. In Anwesenheit von 150 G\u00e4sten aus ganz Deutschland w\u00fcrdigte Landwirtschaftsminister Dr. Robert Habeck die Verdienste des Nordermeldorfers. \u201eDurch Ihre gradlinige Art haben Sie als Mittler zwischen den Konfliktfeldern deutlich&hellip;<\/p>\n","protected":false},"author":4,"featured_media":0,"comment_status":"closed","ping_status":"open","sticky":false,"template":"","format":"standard","meta":{"footnotes":""},"categories":[1],"tags":[],"yoast_head":"<!-- This site is optimized with the Yoast SEO plugin v22.8 - https:\/\/yoast.com\/wordpress\/plugins\/seo\/ -->\n<title>Hans-Adolf Boie feierlich verabschiedet - Landesverband der Wasser- und Bodenverb\u00e4nde<\/title>\n<meta name=\"robots\" content=\"index, follow, max-snippet:-1, max-image-preview:large, max-video-preview:-1\" \/>\n<link rel=\"canonical\" href=\"https:\/\/www.lwbv.de\/lwbv\/2016\/04\/12\/hans-adolf-boie-feierlich-verabschiedet\/\" \/>\n<meta property=\"og:locale\" content=\"de_DE\" \/>\n<meta property=\"og:type\" content=\"article\" \/>\n<meta property=\"og:title\" content=\"Hans-Adolf Boie feierlich verabschiedet - Landesverband der Wasser- und Bodenverb\u00e4nde\" \/>\n<meta property=\"og:description\" content=\"Hans-Adolf Boie feierlich verabschiedet Mit einer w\u00fcrdigen Feier ist Hans-Adolf Boie aus seinem Amt als Verbandsvorsteher des Landesverbandes der Wasser- und Bodenverb\u00e4nde Schleswig-Holstein (LWBV) verabschiedet worden. In Anwesenheit von 150 G\u00e4sten aus ganz Deutschland w\u00fcrdigte Landwirtschaftsminister Dr. Robert Habeck die Verdienste des Nordermeldorfers. \u201eDurch Ihre gradlinige Art haben Sie als Mittler zwischen den Konfliktfeldern deutlich&hellip;\" \/>\n<meta property=\"og:url\" content=\"https:\/\/www.lwbv.de\/lwbv\/2016\/04\/12\/hans-adolf-boie-feierlich-verabschiedet\/\" \/>\n<meta property=\"og:site_name\" content=\"Landesverband der Wasser- und Bodenverb\u00e4nde\" \/>\n<meta property=\"article:published_time\" content=\"2016-04-12T11:27:22+00:00\" \/>\n<meta property=\"article:modified_time\" content=\"2018-09-04T11:31:13+00:00\" \/>\n<meta property=\"og:image\" content=\"https:\/\/www.lwbv.de\/lwbv\/wp-content\/uploads\/2018\/09\/Habeck-230316.jpg\" \/>\n<meta name=\"author\" content=\"wigital-dg\" \/>\n<meta name=\"twitter:card\" content=\"summary_large_image\" \/>\n<meta name=\"twitter:label1\" content=\"Verfasst von\" \/>\n\t<meta name=\"twitter:data1\" content=\"wigital-dg\" \/>\n\t<meta name=\"twitter:label2\" content=\"Gesch\u00e4tzte Lesezeit\" \/>\n\t<meta name=\"twitter:data2\" content=\"1\u00a0Minute\" \/>\n<script type=\"application\/ld+json\" class=\"yoast-schema-graph\">{\"@context\":\"https:\/\/schema.org\",\"@graph\":[{\"@type\":\"WebPage\",\"@id\":\"https:\/\/www.lwbv.de\/lwbv\/2016\/04\/12\/hans-adolf-boie-feierlich-verabschiedet\/\",\"url\":\"https:\/\/www.lwbv.de\/lwbv\/2016\/04\/12\/hans-adolf-boie-feierlich-verabschiedet\/\",\"name\":\"Hans-Adolf Boie feierlich verabschiedet - Landesverband der Wasser- und Bodenverb\u00e4nde\",\"isPartOf\":{\"@id\":\"https:\/\/www.lwbv.de\/lwbv\/#website\"},\"primaryImageOfPage\":{\"@id\":\"https:\/\/www.lwbv.de\/lwbv\/2016\/04\/12\/hans-adolf-boie-feierlich-verabschiedet\/#primaryimage\"},\"image\":{\"@id\":\"https:\/\/www.lwbv.de\/lwbv\/2016\/04\/12\/hans-adolf-boie-feierlich-verabschiedet\/#primaryimage\"},\"thumbnailUrl\":\"https:\/\/www.lwbv.de\/lwbv\/wp-content\/uploads\/2018\/09\/Habeck-230316.jpg\",\"datePublished\":\"2016-04-12T11:27:22+00:00\",\"dateModified\":\"2018-09-04T11:31:13+00:00\",\"author\":{\"@id\":\"https:\/\/www.lwbv.de\/lwbv\/#\/schema\/person\/50ba0d3957b72a32b4eb155593bc065a\"},\"breadcrumb\":{\"@id\":\"https:\/\/www.lwbv.de\/lwbv\/2016\/04\/12\/hans-adolf-boie-feierlich-verabschiedet\/#breadcrumb\"},\"inLanguage\":\"de\",\"potentialAction\":[{\"@type\":\"ReadAction\",\"target\":[\"https:\/\/www.lwbv.de\/lwbv\/2016\/04\/12\/hans-adolf-boie-feierlich-verabschiedet\/\"]}]},{\"@type\":\"ImageObject\",\"inLanguage\":\"de\",\"@id\":\"https:\/\/www.lwbv.de\/lwbv\/2016\/04\/12\/hans-adolf-boie-feierlich-verabschiedet\/#primaryimage\",\"url\":\"https:\/\/www.lwbv.de\/lwbv\/wp-content\/uploads\/2018\/09\/Habeck-230316.jpg\",\"contentUrl\":\"https:\/\/www.lwbv.de\/lwbv\/wp-content\/uploads\/2018\/09\/Habeck-230316.jpg\",\"width\":292,\"height\":274,\"caption\":\"????????????????????????????????????\"},{\"@type\":\"BreadcrumbList\",\"@id\":\"https:\/\/www.lwbv.de\/lwbv\/2016\/04\/12\/hans-adolf-boie-feierlich-verabschiedet\/#breadcrumb\",\"itemListElement\":[{\"@type\":\"ListItem\",\"position\":1,\"name\":\"Startseite\",\"item\":\"https:\/\/www.lwbv.de\/lwbv\/\"},{\"@type\":\"ListItem\",\"position\":2,\"name\":\"Hans-Adolf Boie feierlich verabschiedet\"}]},{\"@type\":\"WebSite\",\"@id\":\"https:\/\/www.lwbv.de\/lwbv\/#website\",\"url\":\"https:\/\/www.lwbv.de\/lwbv\/\",\"name\":\"Landesverband der Wasser- und Bodenverb\u00e4nde\",\"description\":\"\",\"potentialAction\":[{\"@type\":\"SearchAction\",\"target\":{\"@type\":\"EntryPoint\",\"urlTemplate\":\"https:\/\/www.lwbv.de\/lwbv\/?s={search_term_string}\"},\"query-input\":\"required name=search_term_string\"}],\"inLanguage\":\"de\"},{\"@type\":\"Person\",\"@id\":\"https:\/\/www.lwbv.de\/lwbv\/#\/schema\/person\/50ba0d3957b72a32b4eb155593bc065a\",\"name\":\"wigital-dg\",\"image\":{\"@type\":\"ImageObject\",\"inLanguage\":\"de\",\"@id\":\"https:\/\/www.lwbv.de\/lwbv\/#\/schema\/person\/image\/\",\"url\":\"https:\/\/secure.gravatar.com\/avatar\/4d5a2ca08573e3116fcb180f57fec69f?s=96&d=mm&r=g\",\"contentUrl\":\"https:\/\/secure.gravatar.com\/avatar\/4d5a2ca08573e3116fcb180f57fec69f?s=96&d=mm&r=g\",\"caption\":\"wigital-dg\"}}]}<\/script>\n<!-- \/ Yoast SEO plugin. -->","yoast_head_json":{"title":"Hans-Adolf Boie feierlich verabschiedet - Landesverband der Wasser- und Bodenverb\u00e4nde","robots":{"index":"index","follow":"follow","max-snippet":"max-snippet:-1","max-image-preview":"max-image-preview:large","max-video-preview":"max-video-preview:-1"},"canonical":"https:\/\/www.lwbv.de\/lwbv\/2016\/04\/12\/hans-adolf-boie-feierlich-verabschiedet\/","og_locale":"de_DE","og_type":"article","og_title":"Hans-Adolf Boie feierlich verabschiedet - Landesverband der Wasser- und Bodenverb\u00e4nde","og_description":"Hans-Adolf Boie feierlich verabschiedet Mit einer w\u00fcrdigen Feier ist Hans-Adolf Boie aus seinem Amt als Verbandsvorsteher des Landesverbandes der Wasser- und Bodenverb\u00e4nde Schleswig-Holstein (LWBV) verabschiedet worden. In Anwesenheit von 150 G\u00e4sten aus ganz Deutschland w\u00fcrdigte Landwirtschaftsminister Dr. Robert Habeck die Verdienste des Nordermeldorfers. \u201eDurch Ihre gradlinige Art haben Sie als Mittler zwischen den Konfliktfeldern deutlich&hellip;","og_url":"https:\/\/www.lwbv.de\/lwbv\/2016\/04\/12\/hans-adolf-boie-feierlich-verabschiedet\/","og_site_name":"Landesverband der Wasser- und Bodenverb\u00e4nde","article_published_time":"2016-04-12T11:27:22+00:00","article_modified_time":"2018-09-04T11:31:13+00:00","og_image":[{"url":"https:\/\/www.lwbv.de\/lwbv\/wp-content\/uploads\/2018\/09\/Habeck-230316.jpg"}],"author":"wigital-dg","twitter_card":"summary_large_image","twitter_misc":{"Verfasst von":"wigital-dg","Gesch\u00e4tzte Lesezeit":"1\u00a0Minute"},"schema":{"@context":"https:\/\/schema.org","@graph":[{"@type":"WebPage","@id":"https:\/\/www.lwbv.de\/lwbv\/2016\/04\/12\/hans-adolf-boie-feierlich-verabschiedet\/","url":"https:\/\/www.lwbv.de\/lwbv\/2016\/04\/12\/hans-adolf-boie-feierlich-verabschiedet\/","name":"Hans-Adolf Boie feierlich verabschiedet - Landesverband der Wasser- und Bodenverb\u00e4nde","isPartOf":{"@id":"https:\/\/www.lwbv.de\/lwbv\/#website"},"primaryImageOfPage":{"@id":"https:\/\/www.lwbv.de\/lwbv\/2016\/04\/12\/hans-adolf-boie-feierlich-verabschiedet\/#primaryimage"},"image":{"@id":"https:\/\/www.lwbv.de\/lwbv\/2016\/04\/12\/hans-adolf-boie-feierlich-verabschiedet\/#primaryimage"},"thumbnailUrl":"https:\/\/www.lwbv.de\/lwbv\/wp-content\/uploads\/2018\/09\/Habeck-230316.jpg","datePublished":"2016-04-12T11:27:22+00:00","dateModified":"2018-09-04T11:31:13+00:00","author":{"@id":"https:\/\/www.lwbv.de\/lwbv\/#\/schema\/person\/50ba0d3957b72a32b4eb155593bc065a"},"breadcrumb":{"@id":"https:\/\/www.lwbv.de\/lwbv\/2016\/04\/12\/hans-adolf-boie-feierlich-verabschiedet\/#breadcrumb"},"inLanguage":"de","potentialAction":[{"@type":"ReadAction","target":["https:\/\/www.lwbv.de\/lwbv\/2016\/04\/12\/hans-adolf-boie-feierlich-verabschiedet\/"]}]},{"@type":"ImageObject","inLanguage":"de","@id":"https:\/\/www.lwbv.de\/lwbv\/2016\/04\/12\/hans-adolf-boie-feierlich-verabschiedet\/#primaryimage","url":"https:\/\/www.lwbv.de\/lwbv\/wp-content\/uploads\/2018\/09\/Habeck-230316.jpg","contentUrl":"https:\/\/www.lwbv.de\/lwbv\/wp-content\/uploads\/2018\/09\/Habeck-230316.jpg","width":292,"height":274,"caption":"????????????????????????????????????"},{"@type":"BreadcrumbList","@id":"https:\/\/www.lwbv.de\/lwbv\/2016\/04\/12\/hans-adolf-boie-feierlich-verabschiedet\/#breadcrumb","itemListElement":[{"@type":"ListItem","position":1,"name":"Startseite","item":"https:\/\/www.lwbv.de\/lwbv\/"},{"@type":"ListItem","position":2,"name":"Hans-Adolf Boie feierlich verabschiedet"}]},{"@type":"WebSite","@id":"https:\/\/www.lwbv.de\/lwbv\/#website","url":"https:\/\/www.lwbv.de\/lwbv\/","name":"Landesverband der Wasser- und Bodenverb\u00e4nde","description":"","potentialAction":[{"@type":"SearchAction","target":{"@type":"EntryPoint","urlTemplate":"https:\/\/www.lwbv.de\/lwbv\/?s={search_term_string}"},"query-input":"required name=search_term_string"}],"inLanguage":"de"},{"@type":"Person","@id":"https:\/\/www.lwbv.de\/lwbv\/#\/schema\/person\/50ba0d3957b72a32b4eb155593bc065a","name":"wigital-dg","image":{"@type":"ImageObject","inLanguage":"de","@id":"https:\/\/www.lwbv.de\/lwbv\/#\/schema\/person\/image\/","url":"https:\/\/secure.gravatar.com\/avatar\/4d5a2ca08573e3116fcb180f57fec69f?s=96&d=mm&r=g","contentUrl":"https:\/\/secure.gravatar.com\/avatar\/4d5a2ca08573e3116fcb180f57fec69f?s=96&d=mm&r=g","caption":"wigital-dg"}}]}},"_links":{"self":[{"href":"https:\/\/www.lwbv.de\/lwbv\/wp-json\/wp\/v2\/posts\/950"}],"collection":[{"href":"https:\/\/www.lwbv.de\/lwbv\/wp-json\/wp\/v2\/posts"}],"about":[{"href":"https:\/\/www.lwbv.de\/lwbv\/wp-json\/wp\/v2\/types\/post"}],"author":[{"embeddable":true,"href":"https:\/\/www.lwbv.de\/lwbv\/wp-json\/wp\/v2\/users\/4"}],"replies":[{"embeddable":true,"href":"https:\/\/www.lwbv.de\/lwbv\/wp-json\/wp\/v2\/comments?post=950"}],"version-history":[{"count":1,"href":"https:\/\/www.lwbv.de\/lwbv\/wp-json\/wp\/v2\/posts\/950\/revisions"}],"predecessor-version":[{"id":954,"href":"https:\/\/www.lwbv.de\/lwbv\/wp-json\/wp\/v2\/posts\/950\/revisions\/954"}],"wp:attachment":[{"href":"https:\/\/www.lwbv.de\/lwbv\/wp-json\/wp\/v2\/media?parent=950"}],"wp:term":[{"taxonomy":"category","embeddable":true,"href":"https:\/\/www.lwbv.de\/lwbv\/wp-json\/wp\/v2\/categories?post=950"},{"taxonomy":"post_tag","embeddable":true,"href":"https:\/\/www.lwbv.de\/lwbv\/wp-json\/wp\/v2\/tags?post=950"}],"curies":[{"name":"wp","href":"https:\/\/api.w.org\/{rel}","templated":true}]}}