{"id":956,"date":"2016-05-03T13:32:08","date_gmt":"2016-05-03T11:32:08","guid":{"rendered":"https:\/\/www.lwbv.de\/lwbv\/?p=956"},"modified":"2018-09-04T13:34:31","modified_gmt":"2018-09-04T11:34:31","slug":"verbands-informationen-nr-93-erschienen-15-2-2-2-2-2-2","status":"publish","type":"post","link":"https:\/\/www.lwbv.de\/lwbv\/2016\/05\/03\/nitrat-eu-kommission-verklagt-deutschland\/","title":{"rendered":"Nitrat: EU-Kommission verklagt Deutschland"},"content":{"rendered":"<h1>Nitrat: EU-Kommission verklagt Deutschland<\/h1>\n<p>Die Europ\u00e4ische Kommission hat heute beschlossen, verschiedene Klagen beim Europ\u00e4ischen Gerichthof einzuleiten. Darunter die erwartete Klage gegen Deutschland wegen Nichtumsetzung der Nitratrichtlinie.<\/p>\n<p>Ausl\u00f6ser hierf\u00fcr ist die D\u00fcngeverordnung (D\u00fcV), die der Umsetzung der Nitrat-Richtlinie dient. Ein Entwurf wurde der EU-Kommission im Dezember zur Notifizierung vorgelegt. Ende M\u00e4rz hatte die EU-Kommission hierauf reagiert und der Bundesregierung eine ausf\u00fchrliche Stellungnahme zum Verordnungsentwurf \u00fcbermittelt. Demnach sieht die Kommission noch Nachbesserungsbedarf.<\/p>\n<p>N\u00e4heres zur jetzt eigeleiteten Klage k\u00f6nnen Sie der anliegenden Pressemitteilung der EU-Kommission entnehmen.<\/p>\n<p><a href=\"https:\/\/www.lwbv.de\/lwbv\/wp-content\/uploads\/2018\/09\/2016_04_28_PM_Klage_Nitrat-RL2.pdf\" target=\"_blank\" rel=\"noopener\">EU-Pressemitteilung (40 KB)<\/a><\/p>\n","protected":false},"excerpt":{"rendered":"<p>Nitrat: EU-Kommission verklagt Deutschland Die Europ\u00e4ische Kommission hat heute beschlossen, verschiedene Klagen beim Europ\u00e4ischen Gerichthof einzuleiten. Darunter die erwartete Klage gegen Deutschland wegen Nichtumsetzung der Nitratrichtlinie. Ausl\u00f6ser hierf\u00fcr ist die D\u00fcngeverordnung (D\u00fcV), die der Umsetzung der Nitrat-Richtlinie dient. Ein Entwurf wurde der EU-Kommission im Dezember zur Notifizierung vorgelegt. Ende M\u00e4rz hatte die EU-Kommission hierauf reagiert&hellip;<\/p>\n","protected":false},"author":4,"featured_media":0,"comment_status":"closed","ping_status":"open","sticky":false,"template":"","format":"standard","meta":{"footnotes":""},"categories":[1],"tags":[],"yoast_head":"<!-- This site is optimized with the Yoast SEO plugin v22.8 - https:\/\/yoast.com\/wordpress\/plugins\/seo\/ -->\n<title>Nitrat: EU-Kommission verklagt Deutschland - Landesverband der Wasser- und Bodenverb\u00e4nde<\/title>\n<meta name=\"robots\" content=\"index, follow, max-snippet:-1, max-image-preview:large, max-video-preview:-1\" \/>\n<link rel=\"canonical\" href=\"https:\/\/www.lwbv.de\/lwbv\/2016\/05\/03\/nitrat-eu-kommission-verklagt-deutschland\/\" \/>\n<meta property=\"og:locale\" content=\"de_DE\" \/>\n<meta property=\"og:type\" content=\"article\" \/>\n<meta property=\"og:title\" content=\"Nitrat: EU-Kommission verklagt Deutschland - Landesverband der Wasser- und Bodenverb\u00e4nde\" \/>\n<meta property=\"og:description\" content=\"Nitrat: EU-Kommission verklagt Deutschland Die Europ\u00e4ische Kommission hat heute beschlossen, verschiedene Klagen beim Europ\u00e4ischen Gerichthof einzuleiten. Darunter die erwartete Klage gegen Deutschland wegen Nichtumsetzung der Nitratrichtlinie. Ausl\u00f6ser hierf\u00fcr ist die D\u00fcngeverordnung (D\u00fcV), die der Umsetzung der Nitrat-Richtlinie dient. Ein Entwurf wurde der EU-Kommission im Dezember zur Notifizierung vorgelegt. Ende M\u00e4rz hatte die EU-Kommission hierauf reagiert&hellip;\" \/>\n<meta property=\"og:url\" content=\"https:\/\/www.lwbv.de\/lwbv\/2016\/05\/03\/nitrat-eu-kommission-verklagt-deutschland\/\" \/>\n<meta property=\"og:site_name\" content=\"Landesverband der Wasser- und Bodenverb\u00e4nde\" \/>\n<meta property=\"article:published_time\" content=\"2016-05-03T11:32:08+00:00\" \/>\n<meta property=\"article:modified_time\" content=\"2018-09-04T11:34:31+00:00\" \/>\n<meta name=\"author\" content=\"wigital-dg\" \/>\n<meta name=\"twitter:card\" content=\"summary_large_image\" \/>\n<meta name=\"twitter:label1\" content=\"Verfasst von\" \/>\n\t<meta name=\"twitter:data1\" content=\"wigital-dg\" \/>\n<script type=\"application\/ld+json\" class=\"yoast-schema-graph\">{\"@context\":\"https:\/\/schema.org\",\"@graph\":[{\"@type\":\"WebPage\",\"@id\":\"https:\/\/www.lwbv.de\/lwbv\/2016\/05\/03\/nitrat-eu-kommission-verklagt-deutschland\/\",\"url\":\"https:\/\/www.lwbv.de\/lwbv\/2016\/05\/03\/nitrat-eu-kommission-verklagt-deutschland\/\",\"name\":\"Nitrat: EU-Kommission verklagt Deutschland - Landesverband der Wasser- und Bodenverb\u00e4nde\",\"isPartOf\":{\"@id\":\"https:\/\/www.lwbv.de\/lwbv\/#website\"},\"datePublished\":\"2016-05-03T11:32:08+00:00\",\"dateModified\":\"2018-09-04T11:34:31+00:00\",\"author\":{\"@id\":\"https:\/\/www.lwbv.de\/lwbv\/#\/schema\/person\/50ba0d3957b72a32b4eb155593bc065a\"},\"breadcrumb\":{\"@id\":\"https:\/\/www.lwbv.de\/lwbv\/2016\/05\/03\/nitrat-eu-kommission-verklagt-deutschland\/#breadcrumb\"},\"inLanguage\":\"de\",\"potentialAction\":[{\"@type\":\"ReadAction\",\"target\":[\"https:\/\/www.lwbv.de\/lwbv\/2016\/05\/03\/nitrat-eu-kommission-verklagt-deutschland\/\"]}]},{\"@type\":\"BreadcrumbList\",\"@id\":\"https:\/\/www.lwbv.de\/lwbv\/2016\/05\/03\/nitrat-eu-kommission-verklagt-deutschland\/#breadcrumb\",\"itemListElement\":[{\"@type\":\"ListItem\",\"position\":1,\"name\":\"Startseite\",\"item\":\"https:\/\/www.lwbv.de\/lwbv\/\"},{\"@type\":\"ListItem\",\"position\":2,\"name\":\"Nitrat: EU-Kommission verklagt Deutschland\"}]},{\"@type\":\"WebSite\",\"@id\":\"https:\/\/www.lwbv.de\/lwbv\/#website\",\"url\":\"https:\/\/www.lwbv.de\/lwbv\/\",\"name\":\"Landesverband der Wasser- und Bodenverb\u00e4nde\",\"description\":\"\",\"potentialAction\":[{\"@type\":\"SearchAction\",\"target\":{\"@type\":\"EntryPoint\",\"urlTemplate\":\"https:\/\/www.lwbv.de\/lwbv\/?s={search_term_string}\"},\"query-input\":\"required name=search_term_string\"}],\"inLanguage\":\"de\"},{\"@type\":\"Person\",\"@id\":\"https:\/\/www.lwbv.de\/lwbv\/#\/schema\/person\/50ba0d3957b72a32b4eb155593bc065a\",\"name\":\"wigital-dg\",\"image\":{\"@type\":\"ImageObject\",\"inLanguage\":\"de\",\"@id\":\"https:\/\/www.lwbv.de\/lwbv\/#\/schema\/person\/image\/\",\"url\":\"https:\/\/secure.gravatar.com\/avatar\/4d5a2ca08573e3116fcb180f57fec69f?s=96&d=mm&r=g\",\"contentUrl\":\"https:\/\/secure.gravatar.com\/avatar\/4d5a2ca08573e3116fcb180f57fec69f?s=96&d=mm&r=g\",\"caption\":\"wigital-dg\"}}]}<\/script>\n<!-- \/ Yoast SEO plugin. -->","yoast_head_json":{"title":"Nitrat: EU-Kommission verklagt Deutschland - Landesverband der Wasser- und Bodenverb\u00e4nde","robots":{"index":"index","follow":"follow","max-snippet":"max-snippet:-1","max-image-preview":"max-image-preview:large","max-video-preview":"max-video-preview:-1"},"canonical":"https:\/\/www.lwbv.de\/lwbv\/2016\/05\/03\/nitrat-eu-kommission-verklagt-deutschland\/","og_locale":"de_DE","og_type":"article","og_title":"Nitrat: EU-Kommission verklagt Deutschland - Landesverband der Wasser- und Bodenverb\u00e4nde","og_description":"Nitrat: EU-Kommission verklagt Deutschland Die Europ\u00e4ische Kommission hat heute beschlossen, verschiedene Klagen beim Europ\u00e4ischen Gerichthof einzuleiten. Darunter die erwartete Klage gegen Deutschland wegen Nichtumsetzung der Nitratrichtlinie. Ausl\u00f6ser hierf\u00fcr ist die D\u00fcngeverordnung (D\u00fcV), die der Umsetzung der Nitrat-Richtlinie dient. Ein Entwurf wurde der EU-Kommission im Dezember zur Notifizierung vorgelegt. Ende M\u00e4rz hatte die EU-Kommission hierauf reagiert&hellip;","og_url":"https:\/\/www.lwbv.de\/lwbv\/2016\/05\/03\/nitrat-eu-kommission-verklagt-deutschland\/","og_site_name":"Landesverband der Wasser- und Bodenverb\u00e4nde","article_published_time":"2016-05-03T11:32:08+00:00","article_modified_time":"2018-09-04T11:34:31+00:00","author":"wigital-dg","twitter_card":"summary_large_image","twitter_misc":{"Verfasst von":"wigital-dg"},"schema":{"@context":"https:\/\/schema.org","@graph":[{"@type":"WebPage","@id":"https:\/\/www.lwbv.de\/lwbv\/2016\/05\/03\/nitrat-eu-kommission-verklagt-deutschland\/","url":"https:\/\/www.lwbv.de\/lwbv\/2016\/05\/03\/nitrat-eu-kommission-verklagt-deutschland\/","name":"Nitrat: EU-Kommission verklagt Deutschland - Landesverband der Wasser- und Bodenverb\u00e4nde","isPartOf":{"@id":"https:\/\/www.lwbv.de\/lwbv\/#website"},"datePublished":"2016-05-03T11:32:08+00:00","dateModified":"2018-09-04T11:34:31+00:00","author":{"@id":"https:\/\/www.lwbv.de\/lwbv\/#\/schema\/person\/50ba0d3957b72a32b4eb155593bc065a"},"breadcrumb":{"@id":"https:\/\/www.lwbv.de\/lwbv\/2016\/05\/03\/nitrat-eu-kommission-verklagt-deutschland\/#breadcrumb"},"inLanguage":"de","potentialAction":[{"@type":"ReadAction","target":["https:\/\/www.lwbv.de\/lwbv\/2016\/05\/03\/nitrat-eu-kommission-verklagt-deutschland\/"]}]},{"@type":"BreadcrumbList","@id":"https:\/\/www.lwbv.de\/lwbv\/2016\/05\/03\/nitrat-eu-kommission-verklagt-deutschland\/#breadcrumb","itemListElement":[{"@type":"ListItem","position":1,"name":"Startseite","item":"https:\/\/www.lwbv.de\/lwbv\/"},{"@type":"ListItem","position":2,"name":"Nitrat: EU-Kommission verklagt Deutschland"}]},{"@type":"WebSite","@id":"https:\/\/www.lwbv.de\/lwbv\/#website","url":"https:\/\/www.lwbv.de\/lwbv\/","name":"Landesverband der Wasser- und Bodenverb\u00e4nde","description":"","potentialAction":[{"@type":"SearchAction","target":{"@type":"EntryPoint","urlTemplate":"https:\/\/www.lwbv.de\/lwbv\/?s={search_term_string}"},"query-input":"required name=search_term_string"}],"inLanguage":"de"},{"@type":"Person","@id":"https:\/\/www.lwbv.de\/lwbv\/#\/schema\/person\/50ba0d3957b72a32b4eb155593bc065a","name":"wigital-dg","image":{"@type":"ImageObject","inLanguage":"de","@id":"https:\/\/www.lwbv.de\/lwbv\/#\/schema\/person\/image\/","url":"https:\/\/secure.gravatar.com\/avatar\/4d5a2ca08573e3116fcb180f57fec69f?s=96&d=mm&r=g","contentUrl":"https:\/\/secure.gravatar.com\/avatar\/4d5a2ca08573e3116fcb180f57fec69f?s=96&d=mm&r=g","caption":"wigital-dg"}}]}},"_links":{"self":[{"href":"https:\/\/www.lwbv.de\/lwbv\/wp-json\/wp\/v2\/posts\/956"}],"collection":[{"href":"https:\/\/www.lwbv.de\/lwbv\/wp-json\/wp\/v2\/posts"}],"about":[{"href":"https:\/\/www.lwbv.de\/lwbv\/wp-json\/wp\/v2\/types\/post"}],"author":[{"embeddable":true,"href":"https:\/\/www.lwbv.de\/lwbv\/wp-json\/wp\/v2\/users\/4"}],"replies":[{"embeddable":true,"href":"https:\/\/www.lwbv.de\/lwbv\/wp-json\/wp\/v2\/comments?post=956"}],"version-history":[{"count":1,"href":"https:\/\/www.lwbv.de\/lwbv\/wp-json\/wp\/v2\/posts\/956\/revisions"}],"predecessor-version":[{"id":957,"href":"https:\/\/www.lwbv.de\/lwbv\/wp-json\/wp\/v2\/posts\/956\/revisions\/957"}],"wp:attachment":[{"href":"https:\/\/www.lwbv.de\/lwbv\/wp-json\/wp\/v2\/media?parent=956"}],"wp:term":[{"taxonomy":"category","embeddable":true,"href":"https:\/\/www.lwbv.de\/lwbv\/wp-json\/wp\/v2\/categories?post=956"},{"taxonomy":"post_tag","embeddable":true,"href":"https:\/\/www.lwbv.de\/lwbv\/wp-json\/wp\/v2\/tags?post=956"}],"curies":[{"name":"wp","href":"https:\/\/api.w.org\/{rel}","templated":true}]}}