{"id":986,"date":"2017-08-04T14:03:09","date_gmt":"2017-08-04T12:03:09","guid":{"rendered":"https:\/\/www.lwbv.de\/lwbv\/?p=986"},"modified":"2018-09-04T14:06:05","modified_gmt":"2018-09-04T12:06:05","slug":"verbands-informationen-nr-93-erschienen-16-2-2-2-2-2","status":"publish","type":"post","link":"https:\/\/www.lwbv.de\/lwbv\/2017\/08\/04\/landesverband-uebergibt-weitblick-wasser-an-minister-habeck\/","title":{"rendered":"Landesverband \u00fcbergibt &#8222;Weitblick Wasser&#8220; an Minister Habeck"},"content":{"rendered":"<h1>Landesverband \u00fcbergibt &#8222;Weitblick Wasser&#8220; an Minister Habeck<\/h1>\n<p>Bekm\u00fcnde\/Westerr\u00f6nfeld, 03.08.2017 \u2013 Gr\u00f6\u00dfere Niederschlagsmengen, steigender Meeresspiegel, verschlickende Tidefl\u00fcsse und immer mehr versiegelte Fl\u00e4chen \u2013 die Wasserwirtschaft in Schleswig-Holstein steht bereits heute vor gro\u00dfen Herausforderungen. \u201eUnsere Analysen zeigen ganz deutlich, dass wir zahlreiche Ma\u00dfnahmen ergreifen m\u00fcssen, um unsere Arbeit nicht nur in den Niederungsgebieten, sondern im gesamten Landesgebiet zukunftsf\u00e4hig zu gestalten\u201c, erkl\u00e4rte Hans-Heinrich Gloy, Verbandsvorsteher des Landesverbandes der Wasser- und Bodenverb\u00e4nde (LWBV) bei der \u00dcbergabe eines Berichts an Dr. Robert Habeck. Der schleswig-holsteinische Umweltminister besuchte das Hauptsch\u00f6pfwerk des Wasserverbandes Bekau bei Itzehoe, um sich \u00fcber die ver\u00e4nderten Rahmenbedingungen und m\u00f6gliche Strategien im Zusammenhang mit der Entw\u00e4sserung zu informieren.<\/p>\n<p>Unter dem Titel \u201eWeitBlick Wasser &#8211; Gemeinsam in die Zukunft Schleswig-Holstein\u201c legte der Verband eine Analyse vor, die sich mit den wachsenden Aufgaben der Wasserwirtschaft, aber auch mit den Problemfeldern und notwendigen Ma\u00dfnahmen befasst. Die Autoren der 46 Seiten starken Studie beleuchten dabei unter anderem die ver\u00e4nderten Rahmenbedingungen, die zum Teil durch den Klimawandel verschuldet sind. Gr\u00f6\u00dfere Niederschlagsmengen im Winter f\u00fchren demnach zu ver\u00e4nderten Grundwasserst\u00e4nden und zu gr\u00f6\u00dferen Abflussmengen. Starkregenereignisse und langanhaltende Trockenperioden im Sommer, Anstieg des Meereswasserspiegels und dadurch kleinere Zeitfenster f\u00fcr die Entw\u00e4sserung in Meere und Fl\u00fcsse sind nur einige der Herausforderungen. Weitere Probleme entstehen durch die zunehmende Verschlickung von Elbe, Eider, St\u00f6r, Kr\u00fcckau und des Wattenmeers im s\u00fcdlichen Schleswig-Holstein sowie durch die vermehrte Versiegelung von Fl\u00e4chen.<\/p>\n<p>Damit besonders in den Niederungen die zumeist landwirtschaftlich genutzten Fl\u00e4chen nicht permanent unter Wasser stehen, m\u00fcssen die Sch\u00f6pfwerke immer h\u00e4ufiger in Betrieb genommen werden. Das ist jedoch ist mit steigenden Energiekosten verbunden, die den Betreibern, also den Wasser- und Bodenverb\u00e4nden, zu schaffen machen. Die laufenden Kosten m\u00fcssen n\u00e4mlich \u00fcber Beitragserhebungen der Mitglieder der mehr als 500 Einzelverb\u00e4nde in Schleswig-Holstein gedeckt werden. Und das sind vor allem Landwirte, aber auch Kommunen und einzelne Grundst\u00fccksbesitzer. \u201eDie Entw\u00e4sserung ist ein unverzichtbaren Beitrag zur Daseinsvorsorge und damit eine gesamtgesellschaftliche Aufgabe, die nicht allein auf diejenigen abgew\u00e4lzt werden darf, die ihr Land zuf\u00e4llig im Bereich der Niederungen haben\u201c, erl\u00e4uterte LWBV-Gesch\u00e4ftsf\u00fchrer Mathias Rohde und sprach sich daf\u00fcr aus, dass die Lasten k\u00fcnftig \u201eauf mehr Schultern\u201c verteilt werden m\u00fcssten. Das gelte auch f\u00fcr die notwendigen Investitionen im Bereich der Bauwerke.<\/p>\n<p>Nicht zuletzt durch eine st\u00e4rker sensibilisierte Bev\u00f6lkerung, die Ausweisung von FFH- und Vogelschutzgebieten und die Einf\u00fchrung der Europ\u00e4ischen Wasserrahmenrichtlinie haben sich die Rahmenbedingungen im Zusammenhang mit der Unterhaltung von Gew\u00e4ssern deutlich ver\u00e4ndert. Die Vertreter des Landesverbandes machten jedoch deutlich, dass es mittlerweile ein harmonisches Nebeneinander von klassischer und \u00f6kologischer Gew\u00e4sserunterhaltung gebe. Neben Erhalt, Sanierung, Umbau und Neubau von Sch\u00f6pfwerken sowie Rohrleitungen und anderen Anlagen wird daher die Konzeption nachhaltiger Strategien eine besondere Rolle spielen.<\/p>\n<p>Um steigenden Energiepreisen zu begegnen sind unter anderem neue Energiemanagementsysteme notwendig. Ein Beispiel daf\u00fcr ist das Projekt \u201eWind f\u00fcr Wasser\u201c an der Westk\u00fcste Schleswig-Holsteins. In Anlehnung an die alte Tradition, Fl\u00e4chen mit Hilfe von Windkraft zu entw\u00e4ssern, sind Windkraftanlagen errichtet worden, um den steigenden Stromkosten zu begegnen.<\/p>\n<p><img loading=\"lazy\" decoding=\"async\" class=\"alignnone size-full wp-image-987\" src=\"https:\/\/www.lwbv.de\/lwbv\/wp-content\/uploads\/2018\/09\/lwbv-bericht-uebergabe_01-klein.jpg\" alt=\"\" width=\"292\" height=\"278\" \/><\/p>\n<p>Die Langfassung des &#8222;Weitblicks Wasser&#8220; k\u00f6nnen Sie hier herunterladen.<\/p>\n<p><a href=\"https:\/\/www.lwbv.de\/lwbv\/wp-content\/uploads\/2018\/09\/WeitblickWasser_Druck_Bericht.pdf\" target=\"_blank\" rel=\"noopener\">&#8222;Weitblick Wasser&#8220; (13 MB)<\/a><\/p>\n","protected":false},"excerpt":{"rendered":"<p>Landesverband \u00fcbergibt &#8222;Weitblick Wasser&#8220; an Minister Habeck Bekm\u00fcnde\/Westerr\u00f6nfeld, 03.08.2017 \u2013 Gr\u00f6\u00dfere Niederschlagsmengen, steigender Meeresspiegel, verschlickende Tidefl\u00fcsse und immer mehr versiegelte Fl\u00e4chen \u2013 die Wasserwirtschaft in Schleswig-Holstein steht bereits heute vor gro\u00dfen Herausforderungen. \u201eUnsere Analysen zeigen ganz deutlich, dass wir zahlreiche Ma\u00dfnahmen ergreifen m\u00fcssen, um unsere Arbeit nicht nur in den Niederungsgebieten, sondern im gesamten Landesgebiet&hellip;<\/p>\n","protected":false},"author":4,"featured_media":0,"comment_status":"closed","ping_status":"open","sticky":false,"template":"","format":"standard","meta":{"footnotes":""},"categories":[1],"tags":[],"yoast_head":"<!-- This site is optimized with the Yoast SEO plugin v22.8 - https:\/\/yoast.com\/wordpress\/plugins\/seo\/ -->\n<title>Landesverband \u00fcbergibt &quot;Weitblick Wasser&quot; an Minister Habeck - Landesverband der Wasser- und Bodenverb\u00e4nde<\/title>\n<meta name=\"robots\" content=\"index, follow, max-snippet:-1, max-image-preview:large, max-video-preview:-1\" \/>\n<link rel=\"canonical\" href=\"https:\/\/www.lwbv.de\/lwbv\/2017\/08\/04\/landesverband-uebergibt-weitblick-wasser-an-minister-habeck\/\" \/>\n<meta property=\"og:locale\" content=\"de_DE\" \/>\n<meta property=\"og:type\" content=\"article\" \/>\n<meta property=\"og:title\" content=\"Landesverband \u00fcbergibt &quot;Weitblick Wasser&quot; an Minister Habeck - Landesverband der Wasser- und Bodenverb\u00e4nde\" \/>\n<meta property=\"og:description\" content=\"Landesverband \u00fcbergibt &#8222;Weitblick Wasser&#8220; an Minister Habeck Bekm\u00fcnde\/Westerr\u00f6nfeld, 03.08.2017 \u2013 Gr\u00f6\u00dfere Niederschlagsmengen, steigender Meeresspiegel, verschlickende Tidefl\u00fcsse und immer mehr versiegelte Fl\u00e4chen \u2013 die Wasserwirtschaft in Schleswig-Holstein steht bereits heute vor gro\u00dfen Herausforderungen. \u201eUnsere Analysen zeigen ganz deutlich, dass wir zahlreiche Ma\u00dfnahmen ergreifen m\u00fcssen, um unsere Arbeit nicht nur in den Niederungsgebieten, sondern im gesamten Landesgebiet&hellip;\" \/>\n<meta property=\"og:url\" content=\"https:\/\/www.lwbv.de\/lwbv\/2017\/08\/04\/landesverband-uebergibt-weitblick-wasser-an-minister-habeck\/\" \/>\n<meta property=\"og:site_name\" content=\"Landesverband der Wasser- und Bodenverb\u00e4nde\" \/>\n<meta property=\"article:published_time\" content=\"2017-08-04T12:03:09+00:00\" \/>\n<meta property=\"article:modified_time\" content=\"2018-09-04T12:06:05+00:00\" \/>\n<meta property=\"og:image\" content=\"https:\/\/www.lwbv.de\/lwbv\/wp-content\/uploads\/2018\/09\/lwbv-bericht-uebergabe_01-klein.jpg\" \/>\n<meta name=\"author\" content=\"wigital-dg\" \/>\n<meta name=\"twitter:card\" content=\"summary_large_image\" \/>\n<meta name=\"twitter:label1\" content=\"Verfasst von\" \/>\n\t<meta name=\"twitter:data1\" content=\"wigital-dg\" \/>\n\t<meta name=\"twitter:label2\" content=\"Gesch\u00e4tzte Lesezeit\" \/>\n\t<meta name=\"twitter:data2\" content=\"3\u00a0Minuten\" \/>\n<script type=\"application\/ld+json\" class=\"yoast-schema-graph\">{\"@context\":\"https:\/\/schema.org\",\"@graph\":[{\"@type\":\"WebPage\",\"@id\":\"https:\/\/www.lwbv.de\/lwbv\/2017\/08\/04\/landesverband-uebergibt-weitblick-wasser-an-minister-habeck\/\",\"url\":\"https:\/\/www.lwbv.de\/lwbv\/2017\/08\/04\/landesverband-uebergibt-weitblick-wasser-an-minister-habeck\/\",\"name\":\"Landesverband \u00fcbergibt \\\"Weitblick Wasser\\\" an Minister Habeck - Landesverband der Wasser- und Bodenverb\u00e4nde\",\"isPartOf\":{\"@id\":\"https:\/\/www.lwbv.de\/lwbv\/#website\"},\"primaryImageOfPage\":{\"@id\":\"https:\/\/www.lwbv.de\/lwbv\/2017\/08\/04\/landesverband-uebergibt-weitblick-wasser-an-minister-habeck\/#primaryimage\"},\"image\":{\"@id\":\"https:\/\/www.lwbv.de\/lwbv\/2017\/08\/04\/landesverband-uebergibt-weitblick-wasser-an-minister-habeck\/#primaryimage\"},\"thumbnailUrl\":\"https:\/\/www.lwbv.de\/lwbv\/wp-content\/uploads\/2018\/09\/lwbv-bericht-uebergabe_01-klein.jpg\",\"datePublished\":\"2017-08-04T12:03:09+00:00\",\"dateModified\":\"2018-09-04T12:06:05+00:00\",\"author\":{\"@id\":\"https:\/\/www.lwbv.de\/lwbv\/#\/schema\/person\/50ba0d3957b72a32b4eb155593bc065a\"},\"breadcrumb\":{\"@id\":\"https:\/\/www.lwbv.de\/lwbv\/2017\/08\/04\/landesverband-uebergibt-weitblick-wasser-an-minister-habeck\/#breadcrumb\"},\"inLanguage\":\"de\",\"potentialAction\":[{\"@type\":\"ReadAction\",\"target\":[\"https:\/\/www.lwbv.de\/lwbv\/2017\/08\/04\/landesverband-uebergibt-weitblick-wasser-an-minister-habeck\/\"]}]},{\"@type\":\"ImageObject\",\"inLanguage\":\"de\",\"@id\":\"https:\/\/www.lwbv.de\/lwbv\/2017\/08\/04\/landesverband-uebergibt-weitblick-wasser-an-minister-habeck\/#primaryimage\",\"url\":\"https:\/\/www.lwbv.de\/lwbv\/wp-content\/uploads\/2018\/09\/lwbv-bericht-uebergabe_01-klein.jpg\",\"contentUrl\":\"https:\/\/www.lwbv.de\/lwbv\/wp-content\/uploads\/2018\/09\/lwbv-bericht-uebergabe_01-klein.jpg\",\"width\":292,\"height\":278},{\"@type\":\"BreadcrumbList\",\"@id\":\"https:\/\/www.lwbv.de\/lwbv\/2017\/08\/04\/landesverband-uebergibt-weitblick-wasser-an-minister-habeck\/#breadcrumb\",\"itemListElement\":[{\"@type\":\"ListItem\",\"position\":1,\"name\":\"Startseite\",\"item\":\"https:\/\/www.lwbv.de\/lwbv\/\"},{\"@type\":\"ListItem\",\"position\":2,\"name\":\"Landesverband \u00fcbergibt &#8222;Weitblick Wasser&#8220; an Minister Habeck\"}]},{\"@type\":\"WebSite\",\"@id\":\"https:\/\/www.lwbv.de\/lwbv\/#website\",\"url\":\"https:\/\/www.lwbv.de\/lwbv\/\",\"name\":\"Landesverband der Wasser- und Bodenverb\u00e4nde\",\"description\":\"\",\"potentialAction\":[{\"@type\":\"SearchAction\",\"target\":{\"@type\":\"EntryPoint\",\"urlTemplate\":\"https:\/\/www.lwbv.de\/lwbv\/?s={search_term_string}\"},\"query-input\":\"required name=search_term_string\"}],\"inLanguage\":\"de\"},{\"@type\":\"Person\",\"@id\":\"https:\/\/www.lwbv.de\/lwbv\/#\/schema\/person\/50ba0d3957b72a32b4eb155593bc065a\",\"name\":\"wigital-dg\",\"image\":{\"@type\":\"ImageObject\",\"inLanguage\":\"de\",\"@id\":\"https:\/\/www.lwbv.de\/lwbv\/#\/schema\/person\/image\/\",\"url\":\"https:\/\/secure.gravatar.com\/avatar\/4d5a2ca08573e3116fcb180f57fec69f?s=96&d=mm&r=g\",\"contentUrl\":\"https:\/\/secure.gravatar.com\/avatar\/4d5a2ca08573e3116fcb180f57fec69f?s=96&d=mm&r=g\",\"caption\":\"wigital-dg\"}}]}<\/script>\n<!-- \/ Yoast SEO plugin. -->","yoast_head_json":{"title":"Landesverband \u00fcbergibt \"Weitblick Wasser\" an Minister Habeck - Landesverband der Wasser- und Bodenverb\u00e4nde","robots":{"index":"index","follow":"follow","max-snippet":"max-snippet:-1","max-image-preview":"max-image-preview:large","max-video-preview":"max-video-preview:-1"},"canonical":"https:\/\/www.lwbv.de\/lwbv\/2017\/08\/04\/landesverband-uebergibt-weitblick-wasser-an-minister-habeck\/","og_locale":"de_DE","og_type":"article","og_title":"Landesverband \u00fcbergibt \"Weitblick Wasser\" an Minister Habeck - Landesverband der Wasser- und Bodenverb\u00e4nde","og_description":"Landesverband \u00fcbergibt &#8222;Weitblick Wasser&#8220; an Minister Habeck Bekm\u00fcnde\/Westerr\u00f6nfeld, 03.08.2017 \u2013 Gr\u00f6\u00dfere Niederschlagsmengen, steigender Meeresspiegel, verschlickende Tidefl\u00fcsse und immer mehr versiegelte Fl\u00e4chen \u2013 die Wasserwirtschaft in Schleswig-Holstein steht bereits heute vor gro\u00dfen Herausforderungen. \u201eUnsere Analysen zeigen ganz deutlich, dass wir zahlreiche Ma\u00dfnahmen ergreifen m\u00fcssen, um unsere Arbeit nicht nur in den Niederungsgebieten, sondern im gesamten Landesgebiet&hellip;","og_url":"https:\/\/www.lwbv.de\/lwbv\/2017\/08\/04\/landesverband-uebergibt-weitblick-wasser-an-minister-habeck\/","og_site_name":"Landesverband der Wasser- und Bodenverb\u00e4nde","article_published_time":"2017-08-04T12:03:09+00:00","article_modified_time":"2018-09-04T12:06:05+00:00","og_image":[{"url":"https:\/\/www.lwbv.de\/lwbv\/wp-content\/uploads\/2018\/09\/lwbv-bericht-uebergabe_01-klein.jpg"}],"author":"wigital-dg","twitter_card":"summary_large_image","twitter_misc":{"Verfasst von":"wigital-dg","Gesch\u00e4tzte Lesezeit":"3\u00a0Minuten"},"schema":{"@context":"https:\/\/schema.org","@graph":[{"@type":"WebPage","@id":"https:\/\/www.lwbv.de\/lwbv\/2017\/08\/04\/landesverband-uebergibt-weitblick-wasser-an-minister-habeck\/","url":"https:\/\/www.lwbv.de\/lwbv\/2017\/08\/04\/landesverband-uebergibt-weitblick-wasser-an-minister-habeck\/","name":"Landesverband \u00fcbergibt \"Weitblick Wasser\" an Minister Habeck - Landesverband der Wasser- und Bodenverb\u00e4nde","isPartOf":{"@id":"https:\/\/www.lwbv.de\/lwbv\/#website"},"primaryImageOfPage":{"@id":"https:\/\/www.lwbv.de\/lwbv\/2017\/08\/04\/landesverband-uebergibt-weitblick-wasser-an-minister-habeck\/#primaryimage"},"image":{"@id":"https:\/\/www.lwbv.de\/lwbv\/2017\/08\/04\/landesverband-uebergibt-weitblick-wasser-an-minister-habeck\/#primaryimage"},"thumbnailUrl":"https:\/\/www.lwbv.de\/lwbv\/wp-content\/uploads\/2018\/09\/lwbv-bericht-uebergabe_01-klein.jpg","datePublished":"2017-08-04T12:03:09+00:00","dateModified":"2018-09-04T12:06:05+00:00","author":{"@id":"https:\/\/www.lwbv.de\/lwbv\/#\/schema\/person\/50ba0d3957b72a32b4eb155593bc065a"},"breadcrumb":{"@id":"https:\/\/www.lwbv.de\/lwbv\/2017\/08\/04\/landesverband-uebergibt-weitblick-wasser-an-minister-habeck\/#breadcrumb"},"inLanguage":"de","potentialAction":[{"@type":"ReadAction","target":["https:\/\/www.lwbv.de\/lwbv\/2017\/08\/04\/landesverband-uebergibt-weitblick-wasser-an-minister-habeck\/"]}]},{"@type":"ImageObject","inLanguage":"de","@id":"https:\/\/www.lwbv.de\/lwbv\/2017\/08\/04\/landesverband-uebergibt-weitblick-wasser-an-minister-habeck\/#primaryimage","url":"https:\/\/www.lwbv.de\/lwbv\/wp-content\/uploads\/2018\/09\/lwbv-bericht-uebergabe_01-klein.jpg","contentUrl":"https:\/\/www.lwbv.de\/lwbv\/wp-content\/uploads\/2018\/09\/lwbv-bericht-uebergabe_01-klein.jpg","width":292,"height":278},{"@type":"BreadcrumbList","@id":"https:\/\/www.lwbv.de\/lwbv\/2017\/08\/04\/landesverband-uebergibt-weitblick-wasser-an-minister-habeck\/#breadcrumb","itemListElement":[{"@type":"ListItem","position":1,"name":"Startseite","item":"https:\/\/www.lwbv.de\/lwbv\/"},{"@type":"ListItem","position":2,"name":"Landesverband \u00fcbergibt &#8222;Weitblick Wasser&#8220; an Minister Habeck"}]},{"@type":"WebSite","@id":"https:\/\/www.lwbv.de\/lwbv\/#website","url":"https:\/\/www.lwbv.de\/lwbv\/","name":"Landesverband der Wasser- und Bodenverb\u00e4nde","description":"","potentialAction":[{"@type":"SearchAction","target":{"@type":"EntryPoint","urlTemplate":"https:\/\/www.lwbv.de\/lwbv\/?s={search_term_string}"},"query-input":"required name=search_term_string"}],"inLanguage":"de"},{"@type":"Person","@id":"https:\/\/www.lwbv.de\/lwbv\/#\/schema\/person\/50ba0d3957b72a32b4eb155593bc065a","name":"wigital-dg","image":{"@type":"ImageObject","inLanguage":"de","@id":"https:\/\/www.lwbv.de\/lwbv\/#\/schema\/person\/image\/","url":"https:\/\/secure.gravatar.com\/avatar\/4d5a2ca08573e3116fcb180f57fec69f?s=96&d=mm&r=g","contentUrl":"https:\/\/secure.gravatar.com\/avatar\/4d5a2ca08573e3116fcb180f57fec69f?s=96&d=mm&r=g","caption":"wigital-dg"}}]}},"_links":{"self":[{"href":"https:\/\/www.lwbv.de\/lwbv\/wp-json\/wp\/v2\/posts\/986"}],"collection":[{"href":"https:\/\/www.lwbv.de\/lwbv\/wp-json\/wp\/v2\/posts"}],"about":[{"href":"https:\/\/www.lwbv.de\/lwbv\/wp-json\/wp\/v2\/types\/post"}],"author":[{"embeddable":true,"href":"https:\/\/www.lwbv.de\/lwbv\/wp-json\/wp\/v2\/users\/4"}],"replies":[{"embeddable":true,"href":"https:\/\/www.lwbv.de\/lwbv\/wp-json\/wp\/v2\/comments?post=986"}],"version-history":[{"count":1,"href":"https:\/\/www.lwbv.de\/lwbv\/wp-json\/wp\/v2\/posts\/986\/revisions"}],"predecessor-version":[{"id":989,"href":"https:\/\/www.lwbv.de\/lwbv\/wp-json\/wp\/v2\/posts\/986\/revisions\/989"}],"wp:attachment":[{"href":"https:\/\/www.lwbv.de\/lwbv\/wp-json\/wp\/v2\/media?parent=986"}],"wp:term":[{"taxonomy":"category","embeddable":true,"href":"https:\/\/www.lwbv.de\/lwbv\/wp-json\/wp\/v2\/categories?post=986"},{"taxonomy":"post_tag","embeddable":true,"href":"https:\/\/www.lwbv.de\/lwbv\/wp-json\/wp\/v2\/tags?post=986"}],"curies":[{"name":"wp","href":"https:\/\/api.w.org\/{rel}","templated":true}]}}