{"id":996,"date":"2017-09-07T14:11:38","date_gmt":"2017-09-07T12:11:38","guid":{"rendered":"https:\/\/www.lwbv.de\/lwbv\/?p=996"},"modified":"2018-09-04T14:13:02","modified_gmt":"2018-09-04T12:13:02","slug":"verbands-informationen-nr-93-erschienen-16-2-2-2-2-2-2-2-2","status":"publish","type":"post","link":"https:\/\/www.lwbv.de\/lwbv\/2017\/09\/07\/landesverband-tritt-allianz-fuer-den-gewaesserschutz-bei\/","title":{"rendered":"Landesverband tritt &#8222;Allianz f\u00fcr den Gew\u00e4sserschutz&#8220; bei"},"content":{"rendered":"<h1>Landesverband tritt &#8222;Allianz f\u00fcr den Gew\u00e4sserschutz&#8220; bei<\/h1>\n<p><img loading=\"lazy\" decoding=\"async\" class=\"alignnone size-full wp-image-997\" src=\"https:\/\/www.lwbv.de\/lwbv\/wp-content\/uploads\/2018\/09\/AllfG10.jpg\" alt=\"\" width=\"304\" height=\"147\" srcset=\"https:\/\/www.lwbv.de\/lwbv\/wp-content\/uploads\/2018\/09\/AllfG10.jpg 304w, https:\/\/www.lwbv.de\/lwbv\/wp-content\/uploads\/2018\/09\/AllfG10-300x145.jpg 300w\" sizes=\"(max-width: 304px) 100vw, 304px\" \/><\/p>\n<p>RENDSBURG. Die Allianz f\u00fcr den Gew\u00e4sserschutz des Bauernverbandes Schleswig-Holstein und Landwirtschafts- und Umweltministerium wird ausgebaut. K\u00fcnftig werden auch die Landesgruppe des Bundesverbandes f\u00fcr Energie- und Wasserwirtschaft sowie der Landesverband der Wasser- und Bodenverb\u00e4nde mit im Boot sein. Eine entsprechende Vereinbarung unterzeichneten die vier Akteure heute (7. September 2017) im Rahmen der Landwirtschaftsmesse NORLA in Rendsburg.<\/p>\n<p>\u201eUns eint das Ziel, alle Gew\u00e4sser besser zu sch\u00fctzen. Insbesondere Grundwasserschutz ist eine der wichtigsten Aufgaben. Wir m\u00fcssen f\u00fcr k\u00fcnftige Generationen sauberes Trinkwasser sichern\u201c, sagte Landwirtschafts- und Umweltminister Robert Habeck. Daf\u00fcr wollen die Beteiligten gemeinsam weiter die N\u00e4hrstoff- und Schadstoffeintr\u00e4ge reduzieren. \u201eDie Nitratbelastung der Gew\u00e4sser und des Grundwasser in Schleswig-Holstein ist ohne Frage zu hoch. Daf\u00fcr werden wir an konkreten L\u00f6sungen arbeiten. Wir sind dabei sicherlich nicht immer einer Meinung, aber die letzten Jahre haben gezeigt, dass wir mit viel Kraft und Willen gemeinsame Wege finden k\u00f6nnen. In diesem Geist schreiben wir die Allianz fort \u2013 gemeinsam mit den Akteuren, die sich besonders um die Gew\u00e4sser und die Trinkwassergewinnung k\u00fcmmern. Auf diese Zusammenarbeit freue ich mich\u201c, sagte Habeck.<\/p>\n<p>Der Pr\u00e4sident des Bauernverbandes Werner Schwarz erkl\u00e4rte: \u201eWasser ist unser wichtigstes Lebensmittel. Wir Bauern f\u00fchlen uns daf\u00fcr verantwortlich. Uns liegt daran, die schon erreichten Fortschritte der Gew\u00e4sserallianz zu sichern und fortzusetzen. Wir wollen den Schutz des Trinkwasser unter dem Acker und die Erzeugung von Nahrungsmitteln auf dem Acker gew\u00e4hrleisten.\u201c<\/p>\n<p>Dr. Torsten Birkholz vom BDEW erg\u00e4nzte: \u201eDa unser Trinkwasser in Schleswig-Holstein zu 100 Prozent aus Grundwasser gewonnen wird, hat, der nachhaltige Schutz dieser Ressource h\u00f6chste Priorit\u00e4t f\u00fcr die Wasserversorger in Schleswig-Holstein. Wir freuen uns daher sehr als Vertreter der Wasserwirtschaft an der Allianz f\u00fcr den Gew\u00e4sserschutz mitwirken und in Kooperation mit den weiteren Akteuren gemeinsam L\u00f6sungen f\u00fcr die spezifischen Herausforderungen vor Ort finden zu k\u00f6nnen. Ziel ist es, so den Grundwasserschutz nachhaltig auch f\u00fcr die n\u00e4chsten Generationen sicherzustellen.\u201c<\/p>\n<p>Der Landesvorsitzende der Wasser- und Bodenverb\u00e4nden, Hans-Heinrich Gloy, betonte: \u201eIn Schleswig-Holstein sind wir Wasser- und Bodenverb\u00e4nde f\u00fcr die Gew\u00e4sserunterhaltung zust\u00e4ndig, aber in weiten Landesteilen auch f\u00fcr die Trinkwasserversorgung. Egal, ob \u00fcber oder unter der Erde: der gute Zustand des Wassers liegt uns besonders am Herzen. Wir sollten alle Anstrengungen unternehmen, dieses wertvolle Gut zu sch\u00fctzen.\u201c<\/p>\n<p>Die Allianzpartner werden gezielte Vorschl\u00e4ge machen f\u00fcr eine am Pflanzenbedarf und Gew\u00e4sserschutz ausgerichtete und optimierte D\u00fcngung, die Reduzierung des Minerald\u00fcngereinsatzes und bessere regionale Verteilung der organischen D\u00fcnger im Land. Neue Bewirtschaftungsma\u00dfnahmen und innovative Techniken, die auch durch die Digitalisierung m\u00f6glich werden, sollen erarbeitet und die Datentransparenz erh\u00f6ht werden. Auch die Auswirkungen von Spurenstoffen auf Gew\u00e4sser sollen in den Blick genommen werden. Die Allianz ist eine Erg\u00e4nzung zu den rechtlichen Vorgaben wie jenen aus dem novellierten D\u00fcngerecht. Sie wird auch die Umsetzung der D\u00fcngeverordnung intensiv begleiten. Die Allianz war Anfang 2013 vom Bauernverband Schleswig-Holstein und dem Landwirtschafts- und Umweltministerium ins Leben gerufen worden.<\/p>\n<p>Die fachliche Arbeit der Allianzpartner erfolgt am Runden Tisch, dessen Akteure zwei Mal pro Jahr tagen. Dar\u00fcber hinaus ist eine breite Beteiligung aus der landwirtschaftlichen Beratung und Ausbildung, Wissenschaft, Wasserwirtschaft und dem Gew\u00e4sserschutz vorgesehen.<\/p>\n<h2>Hintergrund<\/h2>\n<p>In Schleswig-Holstein erreichen 23 von 55 Grundwasserk\u00f6rpern in Schleswig-Holstein wegen diffuser Eintr\u00e4ge und Belastungen nicht die strengen Anforderungen der Wasserrahmenrichtlinie. Von den insgesamt 177 in diesen Grundwasserk\u00f6rpern liegenden Grundwassermessstellen weisen 55 Nitratgehalte \u00fcber dem Schwellenwert der Grundwasserverordnung von 50 Milligramm pro Liter auf.<\/p>\n","protected":false},"excerpt":{"rendered":"<p>Landesverband tritt &#8222;Allianz f\u00fcr den Gew\u00e4sserschutz&#8220; bei RENDSBURG. Die Allianz f\u00fcr den Gew\u00e4sserschutz des Bauernverbandes Schleswig-Holstein und Landwirtschafts- und Umweltministerium wird ausgebaut. K\u00fcnftig werden auch die Landesgruppe des Bundesverbandes f\u00fcr Energie- und Wasserwirtschaft sowie der Landesverband der Wasser- und Bodenverb\u00e4nde mit im Boot sein. Eine entsprechende Vereinbarung unterzeichneten die vier Akteure heute (7. September 2017)&hellip;<\/p>\n","protected":false},"author":4,"featured_media":0,"comment_status":"closed","ping_status":"open","sticky":false,"template":"","format":"standard","meta":{"footnotes":""},"categories":[1],"tags":[],"yoast_head":"<!-- This site is optimized with the Yoast SEO plugin v22.8 - https:\/\/yoast.com\/wordpress\/plugins\/seo\/ -->\n<title>Landesverband tritt &quot;Allianz f\u00fcr den Gew\u00e4sserschutz&quot; bei - Landesverband der Wasser- und Bodenverb\u00e4nde<\/title>\n<meta name=\"robots\" content=\"index, follow, max-snippet:-1, max-image-preview:large, max-video-preview:-1\" \/>\n<link rel=\"canonical\" href=\"https:\/\/www.lwbv.de\/lwbv\/2017\/09\/07\/landesverband-tritt-allianz-fuer-den-gewaesserschutz-bei\/\" \/>\n<meta property=\"og:locale\" content=\"de_DE\" \/>\n<meta property=\"og:type\" content=\"article\" \/>\n<meta property=\"og:title\" content=\"Landesverband tritt &quot;Allianz f\u00fcr den Gew\u00e4sserschutz&quot; bei - Landesverband der Wasser- und Bodenverb\u00e4nde\" \/>\n<meta property=\"og:description\" content=\"Landesverband tritt &#8222;Allianz f\u00fcr den Gew\u00e4sserschutz&#8220; bei RENDSBURG. Die Allianz f\u00fcr den Gew\u00e4sserschutz des Bauernverbandes Schleswig-Holstein und Landwirtschafts- und Umweltministerium wird ausgebaut. K\u00fcnftig werden auch die Landesgruppe des Bundesverbandes f\u00fcr Energie- und Wasserwirtschaft sowie der Landesverband der Wasser- und Bodenverb\u00e4nde mit im Boot sein. Eine entsprechende Vereinbarung unterzeichneten die vier Akteure heute (7. September 2017)&hellip;\" \/>\n<meta property=\"og:url\" content=\"https:\/\/www.lwbv.de\/lwbv\/2017\/09\/07\/landesverband-tritt-allianz-fuer-den-gewaesserschutz-bei\/\" \/>\n<meta property=\"og:site_name\" content=\"Landesverband der Wasser- und Bodenverb\u00e4nde\" \/>\n<meta property=\"article:published_time\" content=\"2017-09-07T12:11:38+00:00\" \/>\n<meta property=\"article:modified_time\" content=\"2018-09-04T12:13:02+00:00\" \/>\n<meta property=\"og:image\" content=\"https:\/\/www.lwbv.de\/lwbv\/wp-content\/uploads\/2018\/09\/AllfG10.jpg\" \/>\n<meta name=\"author\" content=\"wigital-dg\" \/>\n<meta name=\"twitter:card\" content=\"summary_large_image\" \/>\n<meta name=\"twitter:label1\" content=\"Verfasst von\" \/>\n\t<meta name=\"twitter:data1\" content=\"wigital-dg\" \/>\n\t<meta name=\"twitter:label2\" content=\"Gesch\u00e4tzte Lesezeit\" \/>\n\t<meta name=\"twitter:data2\" content=\"3\u00a0Minuten\" \/>\n<script type=\"application\/ld+json\" class=\"yoast-schema-graph\">{\"@context\":\"https:\/\/schema.org\",\"@graph\":[{\"@type\":\"WebPage\",\"@id\":\"https:\/\/www.lwbv.de\/lwbv\/2017\/09\/07\/landesverband-tritt-allianz-fuer-den-gewaesserschutz-bei\/\",\"url\":\"https:\/\/www.lwbv.de\/lwbv\/2017\/09\/07\/landesverband-tritt-allianz-fuer-den-gewaesserschutz-bei\/\",\"name\":\"Landesverband tritt \\\"Allianz f\u00fcr den Gew\u00e4sserschutz\\\" bei - Landesverband der Wasser- und Bodenverb\u00e4nde\",\"isPartOf\":{\"@id\":\"https:\/\/www.lwbv.de\/lwbv\/#website\"},\"primaryImageOfPage\":{\"@id\":\"https:\/\/www.lwbv.de\/lwbv\/2017\/09\/07\/landesverband-tritt-allianz-fuer-den-gewaesserschutz-bei\/#primaryimage\"},\"image\":{\"@id\":\"https:\/\/www.lwbv.de\/lwbv\/2017\/09\/07\/landesverband-tritt-allianz-fuer-den-gewaesserschutz-bei\/#primaryimage\"},\"thumbnailUrl\":\"https:\/\/www.lwbv.de\/lwbv\/wp-content\/uploads\/2018\/09\/AllfG10.jpg\",\"datePublished\":\"2017-09-07T12:11:38+00:00\",\"dateModified\":\"2018-09-04T12:13:02+00:00\",\"author\":{\"@id\":\"https:\/\/www.lwbv.de\/lwbv\/#\/schema\/person\/50ba0d3957b72a32b4eb155593bc065a\"},\"breadcrumb\":{\"@id\":\"https:\/\/www.lwbv.de\/lwbv\/2017\/09\/07\/landesverband-tritt-allianz-fuer-den-gewaesserschutz-bei\/#breadcrumb\"},\"inLanguage\":\"de\",\"potentialAction\":[{\"@type\":\"ReadAction\",\"target\":[\"https:\/\/www.lwbv.de\/lwbv\/2017\/09\/07\/landesverband-tritt-allianz-fuer-den-gewaesserschutz-bei\/\"]}]},{\"@type\":\"ImageObject\",\"inLanguage\":\"de\",\"@id\":\"https:\/\/www.lwbv.de\/lwbv\/2017\/09\/07\/landesverband-tritt-allianz-fuer-den-gewaesserschutz-bei\/#primaryimage\",\"url\":\"https:\/\/www.lwbv.de\/lwbv\/wp-content\/uploads\/2018\/09\/AllfG10.jpg\",\"contentUrl\":\"https:\/\/www.lwbv.de\/lwbv\/wp-content\/uploads\/2018\/09\/AllfG10.jpg\",\"width\":304,\"height\":147},{\"@type\":\"BreadcrumbList\",\"@id\":\"https:\/\/www.lwbv.de\/lwbv\/2017\/09\/07\/landesverband-tritt-allianz-fuer-den-gewaesserschutz-bei\/#breadcrumb\",\"itemListElement\":[{\"@type\":\"ListItem\",\"position\":1,\"name\":\"Startseite\",\"item\":\"https:\/\/www.lwbv.de\/lwbv\/\"},{\"@type\":\"ListItem\",\"position\":2,\"name\":\"Landesverband tritt &#8222;Allianz f\u00fcr den Gew\u00e4sserschutz&#8220; bei\"}]},{\"@type\":\"WebSite\",\"@id\":\"https:\/\/www.lwbv.de\/lwbv\/#website\",\"url\":\"https:\/\/www.lwbv.de\/lwbv\/\",\"name\":\"Landesverband der Wasser- und Bodenverb\u00e4nde\",\"description\":\"\",\"potentialAction\":[{\"@type\":\"SearchAction\",\"target\":{\"@type\":\"EntryPoint\",\"urlTemplate\":\"https:\/\/www.lwbv.de\/lwbv\/?s={search_term_string}\"},\"query-input\":\"required name=search_term_string\"}],\"inLanguage\":\"de\"},{\"@type\":\"Person\",\"@id\":\"https:\/\/www.lwbv.de\/lwbv\/#\/schema\/person\/50ba0d3957b72a32b4eb155593bc065a\",\"name\":\"wigital-dg\",\"image\":{\"@type\":\"ImageObject\",\"inLanguage\":\"de\",\"@id\":\"https:\/\/www.lwbv.de\/lwbv\/#\/schema\/person\/image\/\",\"url\":\"https:\/\/secure.gravatar.com\/avatar\/4d5a2ca08573e3116fcb180f57fec69f?s=96&d=mm&r=g\",\"contentUrl\":\"https:\/\/secure.gravatar.com\/avatar\/4d5a2ca08573e3116fcb180f57fec69f?s=96&d=mm&r=g\",\"caption\":\"wigital-dg\"}}]}<\/script>\n<!-- \/ Yoast SEO plugin. -->","yoast_head_json":{"title":"Landesverband tritt \"Allianz f\u00fcr den Gew\u00e4sserschutz\" bei - Landesverband der Wasser- und Bodenverb\u00e4nde","robots":{"index":"index","follow":"follow","max-snippet":"max-snippet:-1","max-image-preview":"max-image-preview:large","max-video-preview":"max-video-preview:-1"},"canonical":"https:\/\/www.lwbv.de\/lwbv\/2017\/09\/07\/landesverband-tritt-allianz-fuer-den-gewaesserschutz-bei\/","og_locale":"de_DE","og_type":"article","og_title":"Landesverband tritt \"Allianz f\u00fcr den Gew\u00e4sserschutz\" bei - Landesverband der Wasser- und Bodenverb\u00e4nde","og_description":"Landesverband tritt &#8222;Allianz f\u00fcr den Gew\u00e4sserschutz&#8220; bei RENDSBURG. Die Allianz f\u00fcr den Gew\u00e4sserschutz des Bauernverbandes Schleswig-Holstein und Landwirtschafts- und Umweltministerium wird ausgebaut. K\u00fcnftig werden auch die Landesgruppe des Bundesverbandes f\u00fcr Energie- und Wasserwirtschaft sowie der Landesverband der Wasser- und Bodenverb\u00e4nde mit im Boot sein. Eine entsprechende Vereinbarung unterzeichneten die vier Akteure heute (7. September 2017)&hellip;","og_url":"https:\/\/www.lwbv.de\/lwbv\/2017\/09\/07\/landesverband-tritt-allianz-fuer-den-gewaesserschutz-bei\/","og_site_name":"Landesverband der Wasser- und Bodenverb\u00e4nde","article_published_time":"2017-09-07T12:11:38+00:00","article_modified_time":"2018-09-04T12:13:02+00:00","og_image":[{"url":"https:\/\/www.lwbv.de\/lwbv\/wp-content\/uploads\/2018\/09\/AllfG10.jpg"}],"author":"wigital-dg","twitter_card":"summary_large_image","twitter_misc":{"Verfasst von":"wigital-dg","Gesch\u00e4tzte Lesezeit":"3\u00a0Minuten"},"schema":{"@context":"https:\/\/schema.org","@graph":[{"@type":"WebPage","@id":"https:\/\/www.lwbv.de\/lwbv\/2017\/09\/07\/landesverband-tritt-allianz-fuer-den-gewaesserschutz-bei\/","url":"https:\/\/www.lwbv.de\/lwbv\/2017\/09\/07\/landesverband-tritt-allianz-fuer-den-gewaesserschutz-bei\/","name":"Landesverband tritt \"Allianz f\u00fcr den Gew\u00e4sserschutz\" bei - Landesverband der Wasser- und Bodenverb\u00e4nde","isPartOf":{"@id":"https:\/\/www.lwbv.de\/lwbv\/#website"},"primaryImageOfPage":{"@id":"https:\/\/www.lwbv.de\/lwbv\/2017\/09\/07\/landesverband-tritt-allianz-fuer-den-gewaesserschutz-bei\/#primaryimage"},"image":{"@id":"https:\/\/www.lwbv.de\/lwbv\/2017\/09\/07\/landesverband-tritt-allianz-fuer-den-gewaesserschutz-bei\/#primaryimage"},"thumbnailUrl":"https:\/\/www.lwbv.de\/lwbv\/wp-content\/uploads\/2018\/09\/AllfG10.jpg","datePublished":"2017-09-07T12:11:38+00:00","dateModified":"2018-09-04T12:13:02+00:00","author":{"@id":"https:\/\/www.lwbv.de\/lwbv\/#\/schema\/person\/50ba0d3957b72a32b4eb155593bc065a"},"breadcrumb":{"@id":"https:\/\/www.lwbv.de\/lwbv\/2017\/09\/07\/landesverband-tritt-allianz-fuer-den-gewaesserschutz-bei\/#breadcrumb"},"inLanguage":"de","potentialAction":[{"@type":"ReadAction","target":["https:\/\/www.lwbv.de\/lwbv\/2017\/09\/07\/landesverband-tritt-allianz-fuer-den-gewaesserschutz-bei\/"]}]},{"@type":"ImageObject","inLanguage":"de","@id":"https:\/\/www.lwbv.de\/lwbv\/2017\/09\/07\/landesverband-tritt-allianz-fuer-den-gewaesserschutz-bei\/#primaryimage","url":"https:\/\/www.lwbv.de\/lwbv\/wp-content\/uploads\/2018\/09\/AllfG10.jpg","contentUrl":"https:\/\/www.lwbv.de\/lwbv\/wp-content\/uploads\/2018\/09\/AllfG10.jpg","width":304,"height":147},{"@type":"BreadcrumbList","@id":"https:\/\/www.lwbv.de\/lwbv\/2017\/09\/07\/landesverband-tritt-allianz-fuer-den-gewaesserschutz-bei\/#breadcrumb","itemListElement":[{"@type":"ListItem","position":1,"name":"Startseite","item":"https:\/\/www.lwbv.de\/lwbv\/"},{"@type":"ListItem","position":2,"name":"Landesverband tritt &#8222;Allianz f\u00fcr den Gew\u00e4sserschutz&#8220; bei"}]},{"@type":"WebSite","@id":"https:\/\/www.lwbv.de\/lwbv\/#website","url":"https:\/\/www.lwbv.de\/lwbv\/","name":"Landesverband der Wasser- und Bodenverb\u00e4nde","description":"","potentialAction":[{"@type":"SearchAction","target":{"@type":"EntryPoint","urlTemplate":"https:\/\/www.lwbv.de\/lwbv\/?s={search_term_string}"},"query-input":"required name=search_term_string"}],"inLanguage":"de"},{"@type":"Person","@id":"https:\/\/www.lwbv.de\/lwbv\/#\/schema\/person\/50ba0d3957b72a32b4eb155593bc065a","name":"wigital-dg","image":{"@type":"ImageObject","inLanguage":"de","@id":"https:\/\/www.lwbv.de\/lwbv\/#\/schema\/person\/image\/","url":"https:\/\/secure.gravatar.com\/avatar\/4d5a2ca08573e3116fcb180f57fec69f?s=96&d=mm&r=g","contentUrl":"https:\/\/secure.gravatar.com\/avatar\/4d5a2ca08573e3116fcb180f57fec69f?s=96&d=mm&r=g","caption":"wigital-dg"}}]}},"_links":{"self":[{"href":"https:\/\/www.lwbv.de\/lwbv\/wp-json\/wp\/v2\/posts\/996"}],"collection":[{"href":"https:\/\/www.lwbv.de\/lwbv\/wp-json\/wp\/v2\/posts"}],"about":[{"href":"https:\/\/www.lwbv.de\/lwbv\/wp-json\/wp\/v2\/types\/post"}],"author":[{"embeddable":true,"href":"https:\/\/www.lwbv.de\/lwbv\/wp-json\/wp\/v2\/users\/4"}],"replies":[{"embeddable":true,"href":"https:\/\/www.lwbv.de\/lwbv\/wp-json\/wp\/v2\/comments?post=996"}],"version-history":[{"count":1,"href":"https:\/\/www.lwbv.de\/lwbv\/wp-json\/wp\/v2\/posts\/996\/revisions"}],"predecessor-version":[{"id":998,"href":"https:\/\/www.lwbv.de\/lwbv\/wp-json\/wp\/v2\/posts\/996\/revisions\/998"}],"wp:attachment":[{"href":"https:\/\/www.lwbv.de\/lwbv\/wp-json\/wp\/v2\/media?parent=996"}],"wp:term":[{"taxonomy":"category","embeddable":true,"href":"https:\/\/www.lwbv.de\/lwbv\/wp-json\/wp\/v2\/categories?post=996"},{"taxonomy":"post_tag","embeddable":true,"href":"https:\/\/www.lwbv.de\/lwbv\/wp-json\/wp\/v2\/tags?post=996"}],"curies":[{"name":"wp","href":"https:\/\/api.w.org\/{rel}","templated":true}]}}