{"id":999,"date":"2017-10-02T14:13:40","date_gmt":"2017-10-02T12:13:40","guid":{"rendered":"https:\/\/www.lwbv.de\/lwbv\/?p=999"},"modified":"2018-09-04T14:32:38","modified_gmt":"2018-09-04T12:32:38","slug":"verbands-informationen-nr-93-erschienen-16-2-2-2-2-2-2-2-2-2","status":"publish","type":"post","link":"https:\/\/www.lwbv.de\/lwbv\/2017\/10\/02\/landesverband-praesentiert-weitblick-wasser-im-landtag\/","title":{"rendered":"Landesverband pr\u00e4sentiert &#8222;Weitblick Wasser&#8220; im Landtag"},"content":{"rendered":"<h1>Landesverband pr\u00e4sentiert &#8222;Weitblick Wasser&#8220; im Landtag<\/h1>\n<p>Kiel\/Westerr\u00f6nfeld, 27.09.2017 \u2013 Die Finanzierung der Wasserwirtschaft in Schleswig-Holstein st\u00f6\u00dft unweigerlich an ihre Grenzen. Das haben Vertreter des Landesverbandes der Wasser- und Bodenverb\u00e4nde (LWBV) sowie des Marschenverbandes Schleswig-Holstein gegen\u00fcber dem Agrar- und Umweltausschuss des Landes auf dessen j\u00fcngster Sitzung in Kiel deutlich gemacht.<\/p>\n<p>\u201eIm vergangenen Jahrzehnt haben sich die Aufgaben der Verb\u00e4nde deutlich vermehrt und gehen weit \u00fcber die Dienstleistungen f\u00fcr eine ordnungsgem\u00e4\u00dfe Entw\u00e4sserung hinaus. Auf der anderen Seite stagniert der Zuschuss des Landes seit dem Jahr 2000 bei gut f\u00fcnf Millionen Euro. Das passt nicht mehr zusammen\u201c, erl\u00e4uterte Verbandsvorsteher Hans-Heinrich Gloy.<\/p>\n<p>LWBV-Gesch\u00e4ftsf\u00fchrer Mathias Rohde ging anschlie\u00dfend ins Detail und zeigte die neuen Aufgaben neben den traditionellen Pflichten der Verb\u00e4nde auf. In den vergangenen zwei Jahrzehnten wurde auch bei den Wasser- und Bodenverb\u00e4nden der Fokus verst\u00e4rkt auf den Umwelt- und Naturschutz ausgerichtet. Das reicht mittlerweile von der Einhaltung europ\u00e4ischer Rahmenrichtlinien bis zur Einf\u00fchrung von Managementpl\u00e4nen f\u00fcr FFH- und Vogelschutzgebiete. \u201eDamit schaffen wir einen gro\u00dfen gesellschaftlichen Mehrwert, dessen Finanzierung jedoch nicht geregelt ist. Noch sind es die Grundst\u00fcckseigent\u00fcmer, die die Kosten weitestgehend allein tragen m\u00fcssen\u201c, erkl\u00e4rte Rohde und forderte eine Umverteilung der Lasten \u201eauf mehrere Schultern\u201c.<\/p>\n<p>Mit den akuten und k\u00fcnftigen Problemen der Wasserbewirtschaftung setzte sich der Gesch\u00e4ftsf\u00fchrer des Marschenverbandes, Matthias Reimers, auseinander. Bereits heute sp\u00fcr- und messbare gr\u00f6\u00dfere Niederschlagsmengen, ein steigender Meeresspiegel, verschlickende Tidefl\u00fcsse und immer mehr versiegelte Fl\u00e4chen machen den Experten zu schaffen. \u201eEs muss immer mehr gepumpt werden. Doch dazu werden die heutigen Kapazit\u00e4ten schon bald nicht mehr ausreichen. Wir m\u00fcssen jedoch nicht nur Sch\u00f6pfwerke modernisieren oder neu bauen, sondern den gesamten l\u00e4ndlichen Raum in dieser Hinsicht neu organisieren\u201c, sagte der Diplom-Ingenieur. Er prognostizierte Kosten in zweistelliger Millionenh\u00f6he allein f\u00fcr den Neubau von Sch\u00f6pfwerken, machte aber auch deutlich, dass die Verb\u00e4nde bereits heute beim Betrieb der Anlagen moderne und innovative Wege gingen. Als ein Beispiel nannte er das Projekt \u201eWind f\u00fcr Wasser\u201c an der Westk\u00fcste.<\/p>\n<p>In der folgenden Diskussion zeigten die Landtagsabgeordneten ebenso wie der ebenfalls anwesende Minister f\u00fcr Energiewende, Landwirtschaft, Umwelt, Natur und Digitalisierung, Dr. Robert Habeck, Verst\u00e4ndnis f\u00fcr die Belange der schleswig-holsteinischen Wasser- und Bodenverb\u00e4nde. Dabei wurde \u00fcber kurzfristige Hilfen, aber auch \u00fcber langfristige Finanzierungsformen nachgedacht.<\/p>\n<p>Ausgangspunkt der Einladung an die Verbandsvertreter zur Ausschusssitzung war eine Analyse, die vom LWBV unter dem Titel \u201eWeitBlick Wasser &#8211; Gemeinsam in die Zukunft Schleswig-Holsteins\u201c ver\u00f6ffentlicht worden war. Die Autoren der 46 Seiten starken Studie beleuchten dabei unter anderem die ver\u00e4nderten Rahmenbedingungen, die zum Teil durch den Klimawandel verschuldet sind.<\/p>\n<p><img loading=\"lazy\" decoding=\"async\" class=\"alignnone size-full wp-image-1000\" src=\"https:\/\/www.lwbv.de\/lwbv\/wp-content\/uploads\/2018\/09\/lwbv-agrarausschuss_2017-01-zw.jpg\" alt=\"\" width=\"564\" height=\"391\" srcset=\"https:\/\/www.lwbv.de\/lwbv\/wp-content\/uploads\/2018\/09\/lwbv-agrarausschuss_2017-01-zw.jpg 564w, https:\/\/www.lwbv.de\/lwbv\/wp-content\/uploads\/2018\/09\/lwbv-agrarausschuss_2017-01-zw-300x208.jpg 300w\" sizes=\"(max-width: 564px) 100vw, 564px\" \/><\/p>\n<p>In Anwesenheit von Landwirtschaftsminister Dr. Robert Habeck (li. am Tisch) pr\u00e4sentierten Verbandsvorsteher Hans-Heinrich Gloy (2. V. re.), LWBV-Gesch\u00e4ftsf\u00fchrer Mathias Rohde (re.) sowie der der Gesch\u00e4ftsf\u00fchrer des Marschenverbandes, Matthias Reimers. (2.v.li.) dem Agrar- und Umweltausschuss des Landes unter anderem ihren Bericht mit dem Titel \u201eWeitBlick Wasser &#8211; Gemeinsam in die Zukunft Schleswig-Holsteins\u201c. (Foto: Kienitz\/LWBV)<\/p>\n<p>Die Studie &#8222;Weitblick Wasser&#8220; kann hier heruntergeladen werden:<\/p>\n<p><a href=\"https:\/\/www.lwbv.de\/lwbv\/wp-content\/uploads\/2018\/09\/WeitblickWasser_Druck_Bericht.pdf\" target=\"_blank\" rel=\"noopener\">Weitblick Wasser (13 MB)<\/a><\/p>\n","protected":false},"excerpt":{"rendered":"<p>Landesverband pr\u00e4sentiert &#8222;Weitblick Wasser&#8220; im Landtag Kiel\/Westerr\u00f6nfeld, 27.09.2017 \u2013 Die Finanzierung der Wasserwirtschaft in Schleswig-Holstein st\u00f6\u00dft unweigerlich an ihre Grenzen. Das haben Vertreter des Landesverbandes der Wasser- und Bodenverb\u00e4nde (LWBV) sowie des Marschenverbandes Schleswig-Holstein gegen\u00fcber dem Agrar- und Umweltausschuss des Landes auf dessen j\u00fcngster Sitzung in Kiel deutlich gemacht. \u201eIm vergangenen Jahrzehnt haben sich die&hellip;<\/p>\n","protected":false},"author":4,"featured_media":0,"comment_status":"closed","ping_status":"open","sticky":false,"template":"","format":"standard","meta":{"footnotes":""},"categories":[1],"tags":[],"yoast_head":"<!-- This site is optimized with the Yoast SEO plugin v22.8 - https:\/\/yoast.com\/wordpress\/plugins\/seo\/ -->\n<title>Landesverband pr\u00e4sentiert &quot;Weitblick Wasser&quot; im Landtag - Landesverband der Wasser- und Bodenverb\u00e4nde<\/title>\n<meta name=\"robots\" content=\"index, follow, max-snippet:-1, max-image-preview:large, max-video-preview:-1\" \/>\n<link rel=\"canonical\" href=\"https:\/\/www.lwbv.de\/lwbv\/2017\/10\/02\/landesverband-praesentiert-weitblick-wasser-im-landtag\/\" \/>\n<meta property=\"og:locale\" content=\"de_DE\" \/>\n<meta property=\"og:type\" content=\"article\" \/>\n<meta property=\"og:title\" content=\"Landesverband pr\u00e4sentiert &quot;Weitblick Wasser&quot; im Landtag - Landesverband der Wasser- und Bodenverb\u00e4nde\" \/>\n<meta property=\"og:description\" content=\"Landesverband pr\u00e4sentiert &#8222;Weitblick Wasser&#8220; im Landtag Kiel\/Westerr\u00f6nfeld, 27.09.2017 \u2013 Die Finanzierung der Wasserwirtschaft in Schleswig-Holstein st\u00f6\u00dft unweigerlich an ihre Grenzen. Das haben Vertreter des Landesverbandes der Wasser- und Bodenverb\u00e4nde (LWBV) sowie des Marschenverbandes Schleswig-Holstein gegen\u00fcber dem Agrar- und Umweltausschuss des Landes auf dessen j\u00fcngster Sitzung in Kiel deutlich gemacht. \u201eIm vergangenen Jahrzehnt haben sich die&hellip;\" \/>\n<meta property=\"og:url\" content=\"https:\/\/www.lwbv.de\/lwbv\/2017\/10\/02\/landesverband-praesentiert-weitblick-wasser-im-landtag\/\" \/>\n<meta property=\"og:site_name\" content=\"Landesverband der Wasser- und Bodenverb\u00e4nde\" \/>\n<meta property=\"article:published_time\" content=\"2017-10-02T12:13:40+00:00\" \/>\n<meta property=\"article:modified_time\" content=\"2018-09-04T12:32:38+00:00\" \/>\n<meta property=\"og:image\" content=\"https:\/\/www.lwbv.de\/lwbv\/wp-content\/uploads\/2018\/09\/lwbv-agrarausschuss_2017-01-zw.jpg\" \/>\n<meta name=\"author\" content=\"wigital-dg\" \/>\n<meta name=\"twitter:card\" content=\"summary_large_image\" \/>\n<meta name=\"twitter:label1\" content=\"Verfasst von\" \/>\n\t<meta name=\"twitter:data1\" content=\"wigital-dg\" \/>\n\t<meta name=\"twitter:label2\" content=\"Gesch\u00e4tzte Lesezeit\" \/>\n\t<meta name=\"twitter:data2\" content=\"3\u00a0Minuten\" \/>\n<script type=\"application\/ld+json\" class=\"yoast-schema-graph\">{\"@context\":\"https:\/\/schema.org\",\"@graph\":[{\"@type\":\"WebPage\",\"@id\":\"https:\/\/www.lwbv.de\/lwbv\/2017\/10\/02\/landesverband-praesentiert-weitblick-wasser-im-landtag\/\",\"url\":\"https:\/\/www.lwbv.de\/lwbv\/2017\/10\/02\/landesverband-praesentiert-weitblick-wasser-im-landtag\/\",\"name\":\"Landesverband pr\u00e4sentiert \\\"Weitblick Wasser\\\" im Landtag - Landesverband der Wasser- und Bodenverb\u00e4nde\",\"isPartOf\":{\"@id\":\"https:\/\/www.lwbv.de\/lwbv\/#website\"},\"primaryImageOfPage\":{\"@id\":\"https:\/\/www.lwbv.de\/lwbv\/2017\/10\/02\/landesverband-praesentiert-weitblick-wasser-im-landtag\/#primaryimage\"},\"image\":{\"@id\":\"https:\/\/www.lwbv.de\/lwbv\/2017\/10\/02\/landesverband-praesentiert-weitblick-wasser-im-landtag\/#primaryimage\"},\"thumbnailUrl\":\"https:\/\/www.lwbv.de\/lwbv\/wp-content\/uploads\/2018\/09\/lwbv-agrarausschuss_2017-01-zw.jpg\",\"datePublished\":\"2017-10-02T12:13:40+00:00\",\"dateModified\":\"2018-09-04T12:32:38+00:00\",\"author\":{\"@id\":\"https:\/\/www.lwbv.de\/lwbv\/#\/schema\/person\/50ba0d3957b72a32b4eb155593bc065a\"},\"breadcrumb\":{\"@id\":\"https:\/\/www.lwbv.de\/lwbv\/2017\/10\/02\/landesverband-praesentiert-weitblick-wasser-im-landtag\/#breadcrumb\"},\"inLanguage\":\"de\",\"potentialAction\":[{\"@type\":\"ReadAction\",\"target\":[\"https:\/\/www.lwbv.de\/lwbv\/2017\/10\/02\/landesverband-praesentiert-weitblick-wasser-im-landtag\/\"]}]},{\"@type\":\"ImageObject\",\"inLanguage\":\"de\",\"@id\":\"https:\/\/www.lwbv.de\/lwbv\/2017\/10\/02\/landesverband-praesentiert-weitblick-wasser-im-landtag\/#primaryimage\",\"url\":\"https:\/\/www.lwbv.de\/lwbv\/wp-content\/uploads\/2018\/09\/lwbv-agrarausschuss_2017-01-zw.jpg\",\"contentUrl\":\"https:\/\/www.lwbv.de\/lwbv\/wp-content\/uploads\/2018\/09\/lwbv-agrarausschuss_2017-01-zw.jpg\",\"width\":564,\"height\":391},{\"@type\":\"BreadcrumbList\",\"@id\":\"https:\/\/www.lwbv.de\/lwbv\/2017\/10\/02\/landesverband-praesentiert-weitblick-wasser-im-landtag\/#breadcrumb\",\"itemListElement\":[{\"@type\":\"ListItem\",\"position\":1,\"name\":\"Startseite\",\"item\":\"https:\/\/www.lwbv.de\/lwbv\/\"},{\"@type\":\"ListItem\",\"position\":2,\"name\":\"Landesverband pr\u00e4sentiert &#8222;Weitblick Wasser&#8220; im Landtag\"}]},{\"@type\":\"WebSite\",\"@id\":\"https:\/\/www.lwbv.de\/lwbv\/#website\",\"url\":\"https:\/\/www.lwbv.de\/lwbv\/\",\"name\":\"Landesverband der Wasser- und Bodenverb\u00e4nde\",\"description\":\"\",\"potentialAction\":[{\"@type\":\"SearchAction\",\"target\":{\"@type\":\"EntryPoint\",\"urlTemplate\":\"https:\/\/www.lwbv.de\/lwbv\/?s={search_term_string}\"},\"query-input\":\"required name=search_term_string\"}],\"inLanguage\":\"de\"},{\"@type\":\"Person\",\"@id\":\"https:\/\/www.lwbv.de\/lwbv\/#\/schema\/person\/50ba0d3957b72a32b4eb155593bc065a\",\"name\":\"wigital-dg\",\"image\":{\"@type\":\"ImageObject\",\"inLanguage\":\"de\",\"@id\":\"https:\/\/www.lwbv.de\/lwbv\/#\/schema\/person\/image\/\",\"url\":\"https:\/\/secure.gravatar.com\/avatar\/4d5a2ca08573e3116fcb180f57fec69f?s=96&d=mm&r=g\",\"contentUrl\":\"https:\/\/secure.gravatar.com\/avatar\/4d5a2ca08573e3116fcb180f57fec69f?s=96&d=mm&r=g\",\"caption\":\"wigital-dg\"}}]}<\/script>\n<!-- \/ Yoast SEO plugin. -->","yoast_head_json":{"title":"Landesverband pr\u00e4sentiert \"Weitblick Wasser\" im Landtag - Landesverband der Wasser- und Bodenverb\u00e4nde","robots":{"index":"index","follow":"follow","max-snippet":"max-snippet:-1","max-image-preview":"max-image-preview:large","max-video-preview":"max-video-preview:-1"},"canonical":"https:\/\/www.lwbv.de\/lwbv\/2017\/10\/02\/landesverband-praesentiert-weitblick-wasser-im-landtag\/","og_locale":"de_DE","og_type":"article","og_title":"Landesverband pr\u00e4sentiert \"Weitblick Wasser\" im Landtag - Landesverband der Wasser- und Bodenverb\u00e4nde","og_description":"Landesverband pr\u00e4sentiert &#8222;Weitblick Wasser&#8220; im Landtag Kiel\/Westerr\u00f6nfeld, 27.09.2017 \u2013 Die Finanzierung der Wasserwirtschaft in Schleswig-Holstein st\u00f6\u00dft unweigerlich an ihre Grenzen. Das haben Vertreter des Landesverbandes der Wasser- und Bodenverb\u00e4nde (LWBV) sowie des Marschenverbandes Schleswig-Holstein gegen\u00fcber dem Agrar- und Umweltausschuss des Landes auf dessen j\u00fcngster Sitzung in Kiel deutlich gemacht. \u201eIm vergangenen Jahrzehnt haben sich die&hellip;","og_url":"https:\/\/www.lwbv.de\/lwbv\/2017\/10\/02\/landesverband-praesentiert-weitblick-wasser-im-landtag\/","og_site_name":"Landesverband der Wasser- und Bodenverb\u00e4nde","article_published_time":"2017-10-02T12:13:40+00:00","article_modified_time":"2018-09-04T12:32:38+00:00","og_image":[{"url":"https:\/\/www.lwbv.de\/lwbv\/wp-content\/uploads\/2018\/09\/lwbv-agrarausschuss_2017-01-zw.jpg"}],"author":"wigital-dg","twitter_card":"summary_large_image","twitter_misc":{"Verfasst von":"wigital-dg","Gesch\u00e4tzte Lesezeit":"3\u00a0Minuten"},"schema":{"@context":"https:\/\/schema.org","@graph":[{"@type":"WebPage","@id":"https:\/\/www.lwbv.de\/lwbv\/2017\/10\/02\/landesverband-praesentiert-weitblick-wasser-im-landtag\/","url":"https:\/\/www.lwbv.de\/lwbv\/2017\/10\/02\/landesverband-praesentiert-weitblick-wasser-im-landtag\/","name":"Landesverband pr\u00e4sentiert \"Weitblick Wasser\" im Landtag - Landesverband der Wasser- und Bodenverb\u00e4nde","isPartOf":{"@id":"https:\/\/www.lwbv.de\/lwbv\/#website"},"primaryImageOfPage":{"@id":"https:\/\/www.lwbv.de\/lwbv\/2017\/10\/02\/landesverband-praesentiert-weitblick-wasser-im-landtag\/#primaryimage"},"image":{"@id":"https:\/\/www.lwbv.de\/lwbv\/2017\/10\/02\/landesverband-praesentiert-weitblick-wasser-im-landtag\/#primaryimage"},"thumbnailUrl":"https:\/\/www.lwbv.de\/lwbv\/wp-content\/uploads\/2018\/09\/lwbv-agrarausschuss_2017-01-zw.jpg","datePublished":"2017-10-02T12:13:40+00:00","dateModified":"2018-09-04T12:32:38+00:00","author":{"@id":"https:\/\/www.lwbv.de\/lwbv\/#\/schema\/person\/50ba0d3957b72a32b4eb155593bc065a"},"breadcrumb":{"@id":"https:\/\/www.lwbv.de\/lwbv\/2017\/10\/02\/landesverband-praesentiert-weitblick-wasser-im-landtag\/#breadcrumb"},"inLanguage":"de","potentialAction":[{"@type":"ReadAction","target":["https:\/\/www.lwbv.de\/lwbv\/2017\/10\/02\/landesverband-praesentiert-weitblick-wasser-im-landtag\/"]}]},{"@type":"ImageObject","inLanguage":"de","@id":"https:\/\/www.lwbv.de\/lwbv\/2017\/10\/02\/landesverband-praesentiert-weitblick-wasser-im-landtag\/#primaryimage","url":"https:\/\/www.lwbv.de\/lwbv\/wp-content\/uploads\/2018\/09\/lwbv-agrarausschuss_2017-01-zw.jpg","contentUrl":"https:\/\/www.lwbv.de\/lwbv\/wp-content\/uploads\/2018\/09\/lwbv-agrarausschuss_2017-01-zw.jpg","width":564,"height":391},{"@type":"BreadcrumbList","@id":"https:\/\/www.lwbv.de\/lwbv\/2017\/10\/02\/landesverband-praesentiert-weitblick-wasser-im-landtag\/#breadcrumb","itemListElement":[{"@type":"ListItem","position":1,"name":"Startseite","item":"https:\/\/www.lwbv.de\/lwbv\/"},{"@type":"ListItem","position":2,"name":"Landesverband pr\u00e4sentiert &#8222;Weitblick Wasser&#8220; im Landtag"}]},{"@type":"WebSite","@id":"https:\/\/www.lwbv.de\/lwbv\/#website","url":"https:\/\/www.lwbv.de\/lwbv\/","name":"Landesverband der Wasser- und Bodenverb\u00e4nde","description":"","potentialAction":[{"@type":"SearchAction","target":{"@type":"EntryPoint","urlTemplate":"https:\/\/www.lwbv.de\/lwbv\/?s={search_term_string}"},"query-input":"required name=search_term_string"}],"inLanguage":"de"},{"@type":"Person","@id":"https:\/\/www.lwbv.de\/lwbv\/#\/schema\/person\/50ba0d3957b72a32b4eb155593bc065a","name":"wigital-dg","image":{"@type":"ImageObject","inLanguage":"de","@id":"https:\/\/www.lwbv.de\/lwbv\/#\/schema\/person\/image\/","url":"https:\/\/secure.gravatar.com\/avatar\/4d5a2ca08573e3116fcb180f57fec69f?s=96&d=mm&r=g","contentUrl":"https:\/\/secure.gravatar.com\/avatar\/4d5a2ca08573e3116fcb180f57fec69f?s=96&d=mm&r=g","caption":"wigital-dg"}}]}},"_links":{"self":[{"href":"https:\/\/www.lwbv.de\/lwbv\/wp-json\/wp\/v2\/posts\/999"}],"collection":[{"href":"https:\/\/www.lwbv.de\/lwbv\/wp-json\/wp\/v2\/posts"}],"about":[{"href":"https:\/\/www.lwbv.de\/lwbv\/wp-json\/wp\/v2\/types\/post"}],"author":[{"embeddable":true,"href":"https:\/\/www.lwbv.de\/lwbv\/wp-json\/wp\/v2\/users\/4"}],"replies":[{"embeddable":true,"href":"https:\/\/www.lwbv.de\/lwbv\/wp-json\/wp\/v2\/comments?post=999"}],"version-history":[{"count":1,"href":"https:\/\/www.lwbv.de\/lwbv\/wp-json\/wp\/v2\/posts\/999\/revisions"}],"predecessor-version":[{"id":1001,"href":"https:\/\/www.lwbv.de\/lwbv\/wp-json\/wp\/v2\/posts\/999\/revisions\/1001"}],"wp:attachment":[{"href":"https:\/\/www.lwbv.de\/lwbv\/wp-json\/wp\/v2\/media?parent=999"}],"wp:term":[{"taxonomy":"category","embeddable":true,"href":"https:\/\/www.lwbv.de\/lwbv\/wp-json\/wp\/v2\/categories?post=999"},{"taxonomy":"post_tag","embeddable":true,"href":"https:\/\/www.lwbv.de\/lwbv\/wp-json\/wp\/v2\/tags?post=999"}],"curies":[{"name":"wp","href":"https:\/\/api.w.org\/{rel}","templated":true}]}}